{"id":1021,"date":"2022-05-24T11:34:37","date_gmt":"2022-05-24T14:34:37","guid":{"rendered":"http:\/\/blogdoarmindomaia.com.br\/?p=1021"},"modified":"2022-05-24T11:34:38","modified_gmt":"2022-05-24T14:34:38","slug":"carreta-odontologica-itinerante-do-sesc-em-araxa","status":"publish","type":"post","link":"http:\/\/blogdoarmindomaia.com.br\/?p=1021","title":{"rendered":"Carreta odontol\u00f3gica itinerante do Sesc em Arax\u00e1"},"content":{"rendered":"\n<figure class=\"wp-block-image size-full\"><img loading=\"lazy\" decoding=\"async\" width=\"1024\" height=\"683\" src=\"http:\/\/blogdoarmindomaia.com.br\/wp-content\/uploads\/2022\/05\/odonto-sesc-5.jpg\" alt=\"\" class=\"wp-image-1023\" srcset=\"http:\/\/blogdoarmindomaia.com.br\/wp-content\/uploads\/2022\/05\/odonto-sesc-5.jpg 1024w, http:\/\/blogdoarmindomaia.com.br\/wp-content\/uploads\/2022\/05\/odonto-sesc-5-300x200.jpg 300w, http:\/\/blogdoarmindomaia.com.br\/wp-content\/uploads\/2022\/05\/odonto-sesc-5-768x512.jpg 768w\" sizes=\"auto, (max-width: 1024px) 100vw, 1024px\" \/><\/figure>\n\n\n\n<p>A Secretaria Municipal de Sa\u00fade \u00e9 parceira do Servi\u00e7o Social do Com\u00e9rcio (Sesc) e Sindicato do Com\u00e9rcio de Arax\u00e1 (Sindicom\u00e9rcio) por meio de uma iniciativa que vai realizar atendimentos odontol\u00f3gicos na unidade m\u00f3vel itinerante OdontoSesc. Os atendimentos ser\u00e3o realizados entre os dias 23 de maio e 6 de julho, com procedimentos de baixa e m\u00e9dia complexidade. A carreta equipada com consult\u00f3rios odontol\u00f3gicos j\u00e1 est\u00e1 sendo preparada dentro do Sesc Arax\u00e1, localizado na rua Dr. Edmar Cunha, n\u00ba 150, bairro Santa Terezinha.<br><br>Os atendimentos \u2013 destinados a pacientes pr\u00e9-selecionados pelo Sindicom\u00e9rcio e pela Secretaria Municipal de Sa\u00fade ser\u00e3o realizados \u00e0s segundas-feiras, das 11h \u00e0s 18h; \u00e0s ter\u00e7as, quartas e quintas-feiras, das 8h \u00e0s 18h; e \u00e0s sextas-feiras, das 8h \u00e0s 14h. A secret\u00e1ria municipal de Sa\u00fade, Cristiane Gon\u00e7alves Pereira, ressalta que a popula\u00e7\u00e3o araxaense poder\u00e1 usufruir do programa, que \u00e9 gratuito e aberto para a comunidade. \u201cEm 2021 recebemos a carreta com atendimento oftalmol\u00f3gicos e, agora, temos o atendimento itinerante de sa\u00fade bucal por meio de parceria com o Sesc e Sindicom\u00e9rcio. \u00c9 uma iniciativa sempre bem-vinda e que contribui bastante com a demanda que a rede municipal de sa\u00fade\u201d, destaca Cristiane.<br><br>De acordo com Rodrigo Natal Rocha, presidente do Sindicom\u00e9rcio, a parceria da Prefeitura foi de fundamental import\u00e2ncia para a implanta\u00e7\u00e3o do projeto em Arax\u00e1. \u201cA demanda aqui na cidade \u00e9 muito grande e os servi\u00e7os oferecidos ser\u00e3o divididos entre o Sindicomercio e a popula\u00e7\u00e3o carente. O n\u00famero m\u00ednimo de atendimento \u00e9 de 130 pessoas e esse projeto est\u00e1 de portas abertas para a popula\u00e7\u00e3o araxaense que precisa dos tratamentos oferecidos\u201d explica.<br><br>O respons\u00e1vel t\u00e9cnico OdontoSesc do Alto Parana\u00edba, Luiz Roberto de Carvalho Silveira, destaca que o objetivo do programa \u00e9 trazer ao cidad\u00e3o de volta o sorriso, a confiabilidade, a autoestima e principalmente a sa\u00fade. \u201cO tratamento aqui \u00e9 diferenciado, com profissionais altamente qualificados e com o que h\u00e1 de mais moderno. Iniciamos e terminamos todos os tratamentos, s\u00f3 s\u00e3o encaminhados para o servi\u00e7o especializado, procedimentos dos quais n\u00e3o conseguimos fazer dentro da unidade moveis, especialmente os de alta complexidade\u201d, refor\u00e7a.<\/p>\n","protected":false},"excerpt":{"rendered":"<p>A Secretaria Municipal de Sa\u00fade \u00e9 parceira do Servi\u00e7o Social do Com\u00e9rcio (Sesc) e Sindicato do Com\u00e9rcio de Arax\u00e1 (Sindicom\u00e9rcio)<\/p>\n","protected":false},"author":2,"featured_media":1023,"comment_status":"open","ping_status":"open","sticky":false,"template":"","format":"standard","meta":{"footnotes":""},"categories":[9,29],"tags":[],"class_list":["post-1021","post","type-post","status-publish","format-standard","has-post-thumbnail","hentry","category-araxa","category-saude"],"_links":{"self":[{"href":"http:\/\/blogdoarmindomaia.com.br\/index.php?rest_route=\/wp\/v2\/posts\/1021","targetHints":{"allow":["GET"]}}],"collection":[{"href":"http:\/\/blogdoarmindomaia.com.br\/index.php?rest_route=\/wp\/v2\/posts"}],"about":[{"href":"http:\/\/blogdoarmindomaia.com.br\/index.php?rest_route=\/wp\/v2\/types\/post"}],"author":[{"embeddable":true,"href":"http:\/\/blogdoarmindomaia.com.br\/index.php?rest_route=\/wp\/v2\/users\/2"}],"replies":[{"embeddable":true,"href":"http:\/\/blogdoarmindomaia.com.br\/index.php?rest_route=%2Fwp%2Fv2%2Fcomments&post=1021"}],"version-history":[{"count":1,"href":"http:\/\/blogdoarmindomaia.com.br\/index.php?rest_route=\/wp\/v2\/posts\/1021\/revisions"}],"predecessor-version":[{"id":1024,"href":"http:\/\/blogdoarmindomaia.com.br\/index.php?rest_route=\/wp\/v2\/posts\/1021\/revisions\/1024"}],"wp:featuredmedia":[{"embeddable":true,"href":"http:\/\/blogdoarmindomaia.com.br\/index.php?rest_route=\/wp\/v2\/media\/1023"}],"wp:attachment":[{"href":"http:\/\/blogdoarmindomaia.com.br\/index.php?rest_route=%2Fwp%2Fv2%2Fmedia&parent=1021"}],"wp:term":[{"taxonomy":"category","embeddable":true,"href":"http:\/\/blogdoarmindomaia.com.br\/index.php?rest_route=%2Fwp%2Fv2%2Fcategories&post=1021"},{"taxonomy":"post_tag","embeddable":true,"href":"http:\/\/blogdoarmindomaia.com.br\/index.php?rest_route=%2Fwp%2Fv2%2Ftags&post=1021"}],"curies":[{"name":"wp","href":"https:\/\/api.w.org\/{rel}","templated":true}]}}