{"id":1048,"date":"2022-05-24T22:28:00","date_gmt":"2022-05-25T01:28:00","guid":{"rendered":"http:\/\/blogdoarmindomaia.com.br\/?p=1048"},"modified":"2022-05-24T22:28:02","modified_gmt":"2022-05-25T01:28:02","slug":"governo-de-minas-tem-programacao-especial-na-expoqueijo-2022-em-araxa","status":"publish","type":"post","link":"http:\/\/blogdoarmindomaia.com.br\/?p=1048","title":{"rendered":"Governo de Minas tem programa\u00e7\u00e3o especial na ExpoQueijo 2022, em Arax\u00e1\u00a0\u00a0"},"content":{"rendered":"\n<figure class=\"wp-block-image size-full is-style-default\"><img loading=\"lazy\" decoding=\"async\" width=\"720\" height=\"960\" src=\"http:\/\/blogdoarmindomaia.com.br\/wp-content\/uploads\/2022\/05\/expoqueijo-Araxa.jpeg\" alt=\"\" class=\"wp-image-1051\" srcset=\"http:\/\/blogdoarmindomaia.com.br\/wp-content\/uploads\/2022\/05\/expoqueijo-Araxa.jpeg 720w, http:\/\/blogdoarmindomaia.com.br\/wp-content\/uploads\/2022\/05\/expoqueijo-Araxa-225x300.jpeg 225w\" sizes=\"auto, (max-width: 720px) 100vw, 720px\" \/><\/figure>\n\n\n\n<figure class=\"wp-block-image size-large is-style-default\"><img loading=\"lazy\" decoding=\"async\" width=\"1024\" height=\"683\" src=\"http:\/\/blogdoarmindomaia.com.br\/wp-content\/uploads\/2022\/05\/expoqueijho-zema-xxx-1024x683.jpg\" alt=\"\" class=\"wp-image-1050\" srcset=\"http:\/\/blogdoarmindomaia.com.br\/wp-content\/uploads\/2022\/05\/expoqueijho-zema-xxx-1024x683.jpg 1024w, http:\/\/blogdoarmindomaia.com.br\/wp-content\/uploads\/2022\/05\/expoqueijho-zema-xxx-300x200.jpg 300w, http:\/\/blogdoarmindomaia.com.br\/wp-content\/uploads\/2022\/05\/expoqueijho-zema-xxx-768x512.jpg 768w, http:\/\/blogdoarmindomaia.com.br\/wp-content\/uploads\/2022\/05\/expoqueijho-zema-xxx-1536x1024.jpg 1536w, http:\/\/blogdoarmindomaia.com.br\/wp-content\/uploads\/2022\/05\/expoqueijho-zema-xxx.jpg 1920w\" sizes=\"auto, (max-width: 1024px) 100vw, 1024px\" \/><\/figure>\n\n\n\n<figure class=\"wp-block-image size-full is-style-default\"><img loading=\"lazy\" decoding=\"async\" width=\"960\" height=\"365\" src=\"http:\/\/blogdoarmindomaia.com.br\/wp-content\/uploads\/2022\/05\/Expoqueijo-2022-xx.jpg\" alt=\"\" class=\"wp-image-1049\" srcset=\"http:\/\/blogdoarmindomaia.com.br\/wp-content\/uploads\/2022\/05\/Expoqueijo-2022-xx.jpg 960w, http:\/\/blogdoarmindomaia.com.br\/wp-content\/uploads\/2022\/05\/Expoqueijo-2022-xx-300x114.jpg 300w, http:\/\/blogdoarmindomaia.com.br\/wp-content\/uploads\/2022\/05\/Expoqueijo-2022-xx-768x292.jpg 768w\" sizes=\"auto, (max-width: 960px) 100vw, 960px\" \/><\/figure>\n\n\n\n<p><strong>Concurso internacional de queijos artesanais contar\u00e1 com semin\u00e1rio, debates e oficinas oferecidas pela Secretaria de Agricultura e institui\u00e7\u00f5es parceiras a produtores e lojistas, entre 2 e 5\/6&nbsp;&nbsp;<\/strong><\/p>\n\n\n\n<p>A ExpoQueijo 2022 &#8211; International Cheese Awards, em Arax\u00e1, no Tri\u00e2ngulo Mineiro, contar\u00e1 com uma programa\u00e7\u00e3o especial da&nbsp;<a href=\"http:\/\/www.agricultura.mg.gov.br\/\" target=\"_blank\" rel=\"noreferrer noopener\">Secretaria de Estado de Agricultura, Pecu\u00e1ria e Abastecimento (Seapa)<\/a>&nbsp;e institui\u00e7\u00f5es parceiras. Produtores rurais e lojistas s\u00e3o convidados a participar do V Semin\u00e1rio de Queijos Artesanais, que discutir\u00e1 temas como valoriza\u00e7\u00e3o das regi\u00f5es produtoras, pesquisa e regulamenta\u00e7\u00e3o, no dia 3\/6, das 8h \u00e0s 12h. Na manh\u00e3 seguinte, 4\/6, uma mesa redonda sobre comercializa\u00e7\u00e3o debater\u00e1 tend\u00eancias do mercado. &nbsp;&nbsp;<\/p>\n\n\n\n<p>&nbsp;Al\u00e9m disso, o p\u00fablico poder\u00e1 participar de oficinas, que ocorrem durante o evento. Na quinta e na sexta-feira (2 e 3\/6), das 18h \u00e0s 19h, acontece a oficina com o tema &#8220;Como lucrar e crescer na produ\u00e7\u00e3o de queijos&#8221;, que ser\u00e1 oferecida aos produtores pelo Servi\u00e7o Nacional de Aprendizagem Rural (Senar Minas). No s\u00e1bado (4\/6), das 10h \u00e0s 12h, o Senar oferecer\u00e1 uma degusta\u00e7\u00e3o comentada. E durante a tarde do mesmo dia, das 15h30 \u00e0s 17h30, a institui\u00e7\u00e3o parceira realizar\u00e1 tamb\u00e9m uma capacita\u00e7\u00e3o sobre os principais defeitos em queijos artesanais. &nbsp;&nbsp;<\/p>\n\n\n\n<p>&nbsp;Segundo o superintendente de Abastecimento e Cooperativismo, Gilson Sales, os eventos s\u00e3o uma oportunidade para aqueles que trabalham com o queijo artesanal aprimorarem os seus conhecimentos no assunto. \u201cO semin\u00e1rio tem como objetivos esclarecer produtores, t\u00e9cnicos e demais&nbsp;pessoas envolvidas no setor a respeito das informa\u00e7\u00f5es mais atualizadas da cadeia dos queijos artesanais, legisla\u00e7\u00f5es e pesquisas mais recentes, al\u00e9m de promover trocas de experi\u00eancias\u201d, detalha.&nbsp;&nbsp;<\/p>\n\n\n\n<p>Para a assessora t\u00e9cnica da Diretoria de Cooperativismo e Agroind\u00fastria da Seapa, Sandra Santos, \u201ca realiza\u00e7\u00e3o do Semin\u00e1rio dos Queijos Artesanais dentro da programa\u00e7\u00e3o da ExpoQueijo \u00e9 uma forma de enriquecer ainda mais o conte\u00fado t\u00e9cnico do evento e propiciar a disponibiliza\u00e7\u00e3o de informa\u00e7\u00f5es e experi\u00eancias de excelente qualidade, com a participa\u00e7\u00e3o de institui\u00e7\u00f5es e profissionais de renome para o setor\u201d&nbsp;&nbsp;<\/p>\n\n\n\n<p>&nbsp;Toda a&nbsp;programa\u00e7\u00e3o \u00e9 gratuita e as inscri\u00e7\u00f5es est\u00e3o dispon\u00edveis&nbsp;<a href=\"https:\/\/www.expoqueijobrasil.com.br\/programacao\" target=\"_blank\" rel=\"noreferrer noopener\">neste link<\/a>.&nbsp;&nbsp;<\/p>\n\n\n\n<p>&nbsp;<strong>Valoriza\u00e7\u00e3o&nbsp;&nbsp;<\/strong><\/p>\n\n\n\n<p>&nbsp;Al\u00e9m do concurso e do evento no geral, as discuss\u00f5es e as oficinas t\u00eam como objetivos principais informar sobre e valorizar os queijos artesanais mineiros. \u201cO produtor de queijo \u00e9 respons\u00e1vel por toda a cadeia produtiva. Ele \u00e9 produtor, gestor e empreendedor, porque \u00e9 ele tamb\u00e9m quem vende o seu queijo. Por isso \u00e9 importante que ele conhe\u00e7a todas as etapas e&nbsp;exig\u00eancias de produ\u00e7\u00e3o do seu produto para, assim, tomar as melhores decis\u00f5es\u201d, explica Sales. &nbsp;&nbsp;<\/p>\n\n\n\n<p>&nbsp;As palestras e capacita\u00e7\u00f5es ser\u00e3o ministradas por profissionais especializados nos diversos temas da&nbsp;produ\u00e7\u00e3o artesanal, de institui\u00e7\u00f5es como a Seapa e suas vinculadas, a Empresa de Assist\u00eancia T\u00e9cnica e Extens\u00e3o Rural de Minas Gerais (Emater-MG), a Empresa de Pesquisa Agropecu\u00e1ria de Minas Gerais (Epamig), e o Instituto Mineiro de Agropecu\u00e1ria (IMA), al\u00e9m de institui\u00e7\u00f5es como a Associa\u00e7\u00e3o de Produtores de Queijo Canastra (Aprocan), o Servi\u00e7o Brasileiro de Apoio \u00e0s Micro e Pequenas Empresas (Sebrae) e o Minist\u00e9rio da Agricultura, Pecu\u00e1ria e Abastecimento (Mapa).&nbsp;&nbsp;<\/p>\n\n\n\n<p><strong>Servi\u00e7o<\/strong><\/p>\n\n\n\n<p><strong>ExpoQueijo Brasil 2022 &#8211; Arax\u00e1 International Cheese Awards&nbsp;&nbsp;<\/strong><\/p>\n\n\n\n<p><strong>Data:<\/strong>&nbsp;2 a 5\/6\/2022&nbsp;&nbsp;<\/p>\n\n\n\n<p><strong>&nbsp;Local:&nbsp;<\/strong>Tau\u00e1 Grande Hotel e Termas de Arax\u00e1 &#8211; rua \u00c1guas do Arax\u00e1, s\/n &#8211; Barreiro, Arax\u00e1 (MG)&nbsp;&nbsp;<\/p>\n\n\n\n<p><strong>&nbsp;V Semin\u00e1rio de Queijos Artesanais&nbsp;&nbsp;<\/strong><\/p>\n\n\n\n<p>&nbsp;<strong>Data:<\/strong>&nbsp;3\/6\/2022&nbsp;(sexta-feira)<\/p>\n\n\n\n<p><strong>&nbsp;Hor\u00e1rio:<\/strong>&nbsp;das 8h \u00e0s 12h&nbsp;&nbsp;<\/p>\n\n\n\n<p><strong>Programa\u00e7\u00e3o:<\/strong>&nbsp;&nbsp;<\/p>\n\n\n\n<p><strong>&nbsp;Painel 1- Valoriza\u00e7\u00e3o e Prote\u00e7\u00e3o de Regi\u00f5es Produtoras de Queijos Artesanais&nbsp;&nbsp;<\/strong><\/p>\n\n\n\n<p><strong>&nbsp;Modera\u00e7\u00e3o:<\/strong>&nbsp;Ricardo Boscaro \u2013 Sebrae&nbsp;&nbsp;<\/p>\n\n\n\n<p><strong>Painel 2 &#8211; Pesquisa e Regulamenta\u00e7\u00e3o dos Queijos Artesanais&nbsp;&nbsp;<\/strong><\/p>\n\n\n\n<p><strong>&nbsp;Modera\u00e7\u00e3o:&nbsp;<\/strong>Gilson Assis Sales &#8211; Seapa&nbsp;&nbsp;<\/p>\n\n\n\n<p>&nbsp;<strong>Mesa Redonda \u2013 Comercializa\u00e7\u00e3o: Quais as tend\u00eancias de mercado para os Queijos Artesanais?&nbsp;&nbsp;<\/strong><\/p>\n\n\n\n<p>&nbsp;<strong>Modera\u00e7\u00e3o:&nbsp;<\/strong>Carlos Castro Caioca&nbsp;&nbsp;<\/p>\n\n\n\n<p><strong>&nbsp;Data:&nbsp;<\/strong>4\/6\/2022&nbsp;&nbsp;(s\u00e1bado)<\/p>\n\n\n\n<p><strong>&nbsp;Hor\u00e1rio:<\/strong>&nbsp;das 8h \u00e0s 10h&nbsp;&nbsp;<\/p>\n\n\n\n<p><strong>&nbsp;&nbsp;Oficinas&nbsp;&nbsp;<\/strong><\/p>\n\n\n\n<p><strong>&nbsp;Como lucrar e crescer na produ\u00e7\u00e3o de queijos &#8211; ATeG&nbsp;&nbsp;<\/strong><\/p>\n\n\n\n<p><strong>&nbsp;Data:<\/strong>&nbsp;2 e 3\/6\/2022&nbsp;&nbsp;<\/p>\n\n\n\n<p><strong>&nbsp;Hor\u00e1rio:<\/strong>&nbsp;Das 18h \u00e0s 19h&nbsp;&nbsp;<\/p>\n\n\n\n<p>&nbsp;&nbsp;<strong>Degusta\u00e7\u00e3o comentada de queijos &#8211; Senar&nbsp;&nbsp;<\/strong><\/p>\n\n\n\n<p><strong>&nbsp;&nbsp;Data:&nbsp;<\/strong>4\/6\/2022&nbsp;&nbsp;&nbsp;(s\u00e1bado)<\/p>\n\n\n\n<p>&nbsp;&nbsp;<strong>Hor\u00e1rio:&nbsp;<\/strong>Das 10h \u00e0s 12h&nbsp;&nbsp;<\/p>\n\n\n\n<p><strong>&nbsp;&nbsp;Inscri\u00e7\u00f5es:<\/strong>&nbsp;<a href=\"https:\/\/www.expoqueijobrasil.com.br\/programacao\" target=\"_blank\" rel=\"noreferrer noopener\">https:\/\/www.expoqueijobrasil.com.br\/programacao<\/a>&nbsp;&nbsp;<\/p>\n","protected":false},"excerpt":{"rendered":"<p>Concurso internacional de queijos artesanais contar\u00e1 com semin\u00e1rio, debates e oficinas oferecidas pela Secretaria de Agricultura e institui\u00e7\u00f5es parceiras a<\/p>\n","protected":false},"author":2,"featured_media":1049,"comment_status":"open","ping_status":"open","sticky":false,"template":"","format":"standard","meta":{"footnotes":""},"categories":[9,11],"tags":[],"class_list":["post-1048","post","type-post","status-publish","format-standard","has-post-thumbnail","hentry","category-araxa","category-destaques"],"_links":{"self":[{"href":"http:\/\/blogdoarmindomaia.com.br\/index.php?rest_route=\/wp\/v2\/posts\/1048","targetHints":{"allow":["GET"]}}],"collection":[{"href":"http:\/\/blogdoarmindomaia.com.br\/index.php?rest_route=\/wp\/v2\/posts"}],"about":[{"href":"http:\/\/blogdoarmindomaia.com.br\/index.php?rest_route=\/wp\/v2\/types\/post"}],"author":[{"embeddable":true,"href":"http:\/\/blogdoarmindomaia.com.br\/index.php?rest_route=\/wp\/v2\/users\/2"}],"replies":[{"embeddable":true,"href":"http:\/\/blogdoarmindomaia.com.br\/index.php?rest_route=%2Fwp%2Fv2%2Fcomments&post=1048"}],"version-history":[{"count":1,"href":"http:\/\/blogdoarmindomaia.com.br\/index.php?rest_route=\/wp\/v2\/posts\/1048\/revisions"}],"predecessor-version":[{"id":1052,"href":"http:\/\/blogdoarmindomaia.com.br\/index.php?rest_route=\/wp\/v2\/posts\/1048\/revisions\/1052"}],"wp:featuredmedia":[{"embeddable":true,"href":"http:\/\/blogdoarmindomaia.com.br\/index.php?rest_route=\/wp\/v2\/media\/1049"}],"wp:attachment":[{"href":"http:\/\/blogdoarmindomaia.com.br\/index.php?rest_route=%2Fwp%2Fv2%2Fmedia&parent=1048"}],"wp:term":[{"taxonomy":"category","embeddable":true,"href":"http:\/\/blogdoarmindomaia.com.br\/index.php?rest_route=%2Fwp%2Fv2%2Fcategories&post=1048"},{"taxonomy":"post_tag","embeddable":true,"href":"http:\/\/blogdoarmindomaia.com.br\/index.php?rest_route=%2Fwp%2Fv2%2Ftags&post=1048"}],"curies":[{"name":"wp","href":"https:\/\/api.w.org\/{rel}","templated":true}]}}