{"id":1053,"date":"2022-05-24T22:36:43","date_gmt":"2022-05-25T01:36:43","guid":{"rendered":"http:\/\/blogdoarmindomaia.com.br\/?p=1053"},"modified":"2022-05-24T22:36:45","modified_gmt":"2022-05-25T01:36:45","slug":"projeto-de-criacao-do-centro-de-inovacao-de-araxa-e-unico-do-estado-habilitado-e-contara-com-o-apoio-do-governo-de-minas","status":"publish","type":"post","link":"http:\/\/blogdoarmindomaia.com.br\/?p=1053","title":{"rendered":"Projeto de cria\u00e7\u00e3o do Centro de Inova\u00e7\u00e3o de Arax\u00e1 \u00e9 \u00fanico do Estado habilitado e contar\u00e1 com o apoio do Governo de Minas"},"content":{"rendered":"\n<figure class=\"wp-block-image size-full is-style-default\"><img loading=\"lazy\" decoding=\"async\" width=\"1024\" height=\"683\" src=\"http:\/\/blogdoarmindomaia.com.br\/wp-content\/uploads\/2022\/05\/Centro-de-Inovacao-de-Araxa.jpeg\" alt=\"\" class=\"wp-image-1054\" srcset=\"http:\/\/blogdoarmindomaia.com.br\/wp-content\/uploads\/2022\/05\/Centro-de-Inovacao-de-Araxa.jpeg 1024w, http:\/\/blogdoarmindomaia.com.br\/wp-content\/uploads\/2022\/05\/Centro-de-Inovacao-de-Araxa-300x200.jpeg 300w, http:\/\/blogdoarmindomaia.com.br\/wp-content\/uploads\/2022\/05\/Centro-de-Inovacao-de-Araxa-768x512.jpeg 768w\" sizes=\"auto, (max-width: 1024px) 100vw, 1024px\" \/><\/figure>\n\n\n\n<p>A Financiadora Nacional de Estudos e Projetos &#8211; FINEP divulgou os resultados da etapa de habilita\u00e7\u00e3o preliminar da chamada p\u00fablica de apoio a Centros de Inova\u00e7\u00e3o em todo pa\u00eds. Arax\u00e1 foi a \u00fanica cidade de Minas Gerais a ser aprovada nesta etapa, seguindo o projeto para a etapa de avalia\u00e7\u00e3o de m\u00e9rito, com estimativa do resultado final prevista para Agosto \/ 2022. O resultado da primeira etapa da habilita\u00e7\u00e3o foi divulgado pelo Governo Federal na \u00faltima semana e pode ser acessado no site da Finep (&nbsp;<a href=\"http:\/\/www.finep.gov.br\/\" target=\"_blank\" rel=\"noreferrer noopener\">www.finep.gov.br<\/a>&nbsp;).<\/p>\n\n\n\n<p>O Projeto de Estrutura\u00e7\u00e3o e Operacionaliza\u00e7\u00e3o do Centro de Inova\u00e7\u00e3o de Arax\u00e1 \u2013 \u201cCI ARAX\u00c1\u201d foi proposto pela Funda\u00e7\u00e3o Cultural de Arax\u00e1, entidade mantenedora do Centro Universit\u00e1rio do Planalto de Arax\u00e1 (Uniarax\u00e1), a Prefeitura de Arax\u00e1, por meio da Secretaria de Desenvolvimento Econ\u00f4mico, Inova\u00e7\u00e3o e Turismo e mais de 20 institui\u00e7\u00f5es parceiras, dentre elas, Cefet-MG, Sebrae-MG, C\u00e2mara Municipal de Arax\u00e1, empresas e entidades de classe locais.<\/p>\n\n\n\n<p>O apoio do Governo do Estado ao projeto se dar\u00e1 por meio de contrapartida financeira no valor de at\u00e9 R$ 777.000,00 (setecentos e setenta e sete mil reais), fundamental para viabilizar o projeto. O repasse do recurso ser\u00e1 realizado pelo Governo de Minas Gerais, caso o projeto seja aprovado na etapa final.<\/p>\n\n\n\n<p>O investimento total do projeto \u00e9 de R$ 4.042.848,12 e as a\u00e7\u00f5es previstas, caso o projeto seja aprovado nas pr\u00f3ximas etapas, beneficiar\u00e3o empresas e ind\u00fastrias, startups, pesquisadores, alunos, professores e toda a comunidade de Arax\u00e1 e regi\u00e3o.<\/p>\n\n\n\n<p>A proposta prev\u00ea a estrutura\u00e7\u00e3o de laborat\u00f3rios de presta\u00e7\u00e3o de servi\u00e7os tecnol\u00f3gicos focados em ind\u00fastria 4.0, agro 4.0 e TICs, estrutura\u00e7\u00e3o de um HUB para a gera\u00e7\u00e3o de conex\u00f5es e neg\u00f3cios, espa\u00e7o de coworking para abrigar empresas, um calend\u00e1rio de eventos de alcance nacional, capacita\u00e7\u00f5es, treinamentos e muitas outras.<\/p>\n\n\n\n<p>O projeto foi elaborado por professores do Uniarax\u00e1 e especialistas em capta\u00e7\u00e3o de recursos, contratados pelo Uniarax\u00e1. Ap\u00f3s a etapa de habilita\u00e7\u00e3o preliminar, a pr\u00f3xima etapa \u00e9 a avalia\u00e7\u00e3o de m\u00e9rito, cujo resultado sair\u00e1 ao final de julho.<\/p>\n\n\n\n<p>De acordo com o secret\u00e1rio municipal de Desenvolvimento Econ\u00f4mico, Inova\u00e7\u00e3o e Turismo, Juliano C\u00e9sar da Silva, o projeto \u00e9 uma constru\u00e7\u00e3o de inova\u00e7\u00e3o tecnol\u00f3gica de toda a cidade.<\/p>\n\n\n\n<p>\u201cPela primeira vez, temos todas as principais entidades da cidade unidas em torno de um projeto t\u00e3o importante para o desenvolvimento tecnol\u00f3gico de toda a regi\u00e3o. \u00c9 um enorme avan\u00e7o para as cidades da microrregi\u00e3o \u00e9 que trar\u00e1 benef\u00edcios inovadores para os setores industriais, do agroneg\u00f3cio, social e educacional\u201d, destaca Juliano.<\/p>\n","protected":false},"excerpt":{"rendered":"<p>A Financiadora Nacional de Estudos e Projetos &#8211; FINEP divulgou os resultados da etapa de habilita\u00e7\u00e3o preliminar da chamada p\u00fablica<\/p>\n","protected":false},"author":2,"featured_media":1054,"comment_status":"open","ping_status":"open","sticky":false,"template":"","format":"standard","meta":{"footnotes":""},"categories":[9,11],"tags":[],"class_list":["post-1053","post","type-post","status-publish","format-standard","has-post-thumbnail","hentry","category-araxa","category-destaques"],"_links":{"self":[{"href":"http:\/\/blogdoarmindomaia.com.br\/index.php?rest_route=\/wp\/v2\/posts\/1053","targetHints":{"allow":["GET"]}}],"collection":[{"href":"http:\/\/blogdoarmindomaia.com.br\/index.php?rest_route=\/wp\/v2\/posts"}],"about":[{"href":"http:\/\/blogdoarmindomaia.com.br\/index.php?rest_route=\/wp\/v2\/types\/post"}],"author":[{"embeddable":true,"href":"http:\/\/blogdoarmindomaia.com.br\/index.php?rest_route=\/wp\/v2\/users\/2"}],"replies":[{"embeddable":true,"href":"http:\/\/blogdoarmindomaia.com.br\/index.php?rest_route=%2Fwp%2Fv2%2Fcomments&post=1053"}],"version-history":[{"count":1,"href":"http:\/\/blogdoarmindomaia.com.br\/index.php?rest_route=\/wp\/v2\/posts\/1053\/revisions"}],"predecessor-version":[{"id":1055,"href":"http:\/\/blogdoarmindomaia.com.br\/index.php?rest_route=\/wp\/v2\/posts\/1053\/revisions\/1055"}],"wp:featuredmedia":[{"embeddable":true,"href":"http:\/\/blogdoarmindomaia.com.br\/index.php?rest_route=\/wp\/v2\/media\/1054"}],"wp:attachment":[{"href":"http:\/\/blogdoarmindomaia.com.br\/index.php?rest_route=%2Fwp%2Fv2%2Fmedia&parent=1053"}],"wp:term":[{"taxonomy":"category","embeddable":true,"href":"http:\/\/blogdoarmindomaia.com.br\/index.php?rest_route=%2Fwp%2Fv2%2Fcategories&post=1053"},{"taxonomy":"post_tag","embeddable":true,"href":"http:\/\/blogdoarmindomaia.com.br\/index.php?rest_route=%2Fwp%2Fv2%2Ftags&post=1053"}],"curies":[{"name":"wp","href":"https:\/\/api.w.org\/{rel}","templated":true}]}}