{"id":1056,"date":"2022-05-24T22:53:43","date_gmt":"2022-05-25T01:53:43","guid":{"rendered":"http:\/\/blogdoarmindomaia.com.br\/?p=1056"},"modified":"2022-05-24T22:53:44","modified_gmt":"2022-05-25T01:53:44","slug":"naf-do-uniaraxa-e-receita-federal-realizam-mutirao-para-atendimento-contabil-de-graca-a-com-unidade-araxaense","status":"publish","type":"post","link":"http:\/\/blogdoarmindomaia.com.br\/?p=1056","title":{"rendered":"NAF do Uniarax\u00e1 e Receita Federal realizam mutir\u00e3o para atendimento cont\u00e1bil de gra\u00e7a \u00e0 com unidade araxaense"},"content":{"rendered":"\n<figure class=\"wp-block-image size-large is-style-default\"><img loading=\"lazy\" decoding=\"async\" width=\"1024\" height=\"769\" src=\"http:\/\/blogdoarmindomaia.com.br\/wp-content\/uploads\/2022\/05\/NAF-do-Uniaraxa-e-Receita-Federal-realizam-mutirao-pag-07-1024x769.jpg\" alt=\"\" class=\"wp-image-1059\" srcset=\"http:\/\/blogdoarmindomaia.com.br\/wp-content\/uploads\/2022\/05\/NAF-do-Uniaraxa-e-Receita-Federal-realizam-mutirao-pag-07-1024x769.jpg 1024w, http:\/\/blogdoarmindomaia.com.br\/wp-content\/uploads\/2022\/05\/NAF-do-Uniaraxa-e-Receita-Federal-realizam-mutirao-pag-07-300x225.jpg 300w, http:\/\/blogdoarmindomaia.com.br\/wp-content\/uploads\/2022\/05\/NAF-do-Uniaraxa-e-Receita-Federal-realizam-mutirao-pag-07-768x577.jpg 768w, http:\/\/blogdoarmindomaia.com.br\/wp-content\/uploads\/2022\/05\/NAF-do-Uniaraxa-e-Receita-Federal-realizam-mutirao-pag-07-1536x1154.jpg 1536w, http:\/\/blogdoarmindomaia.com.br\/wp-content\/uploads\/2022\/05\/NAF-do-Uniaraxa-e-Receita-Federal-realizam-mutirao-pag-07.jpg 1600w\" sizes=\"auto, (max-width: 1024px) 100vw, 1024px\" \/><\/figure>\n\n\n\n<figure class=\"wp-block-image size-large is-style-default\"><img loading=\"lazy\" decoding=\"async\" width=\"1024\" height=\"768\" src=\"http:\/\/blogdoarmindomaia.com.br\/wp-content\/uploads\/2022\/05\/NAF-7-1024x768.jpg\" alt=\"\" class=\"wp-image-1058\" srcset=\"http:\/\/blogdoarmindomaia.com.br\/wp-content\/uploads\/2022\/05\/NAF-7-1024x768.jpg 1024w, http:\/\/blogdoarmindomaia.com.br\/wp-content\/uploads\/2022\/05\/NAF-7-300x225.jpg 300w, http:\/\/blogdoarmindomaia.com.br\/wp-content\/uploads\/2022\/05\/NAF-7-768x576.jpg 768w, http:\/\/blogdoarmindomaia.com.br\/wp-content\/uploads\/2022\/05\/NAF-7-1536x1152.jpg 1536w, http:\/\/blogdoarmindomaia.com.br\/wp-content\/uploads\/2022\/05\/NAF-7.jpg 1600w\" sizes=\"auto, (max-width: 1024px) 100vw, 1024px\" \/><\/figure>\n\n\n\n<figure class=\"wp-block-image size-large is-style-default\"><img loading=\"lazy\" decoding=\"async\" width=\"1024\" height=\"768\" src=\"http:\/\/blogdoarmindomaia.com.br\/wp-content\/uploads\/2022\/05\/NAF-4-1024x768.jpg\" alt=\"\" class=\"wp-image-1057\" srcset=\"http:\/\/blogdoarmindomaia.com.br\/wp-content\/uploads\/2022\/05\/NAF-4-1024x768.jpg 1024w, http:\/\/blogdoarmindomaia.com.br\/wp-content\/uploads\/2022\/05\/NAF-4-300x225.jpg 300w, http:\/\/blogdoarmindomaia.com.br\/wp-content\/uploads\/2022\/05\/NAF-4-768x576.jpg 768w, http:\/\/blogdoarmindomaia.com.br\/wp-content\/uploads\/2022\/05\/NAF-4-1536x1152.jpg 1536w, http:\/\/blogdoarmindomaia.com.br\/wp-content\/uploads\/2022\/05\/NAF-4.jpg 1600w\" sizes=\"auto, (max-width: 1024px) 100vw, 1024px\" \/><\/figure>\n\n\n\n<p>O N\u00facleo de Apoio Cont\u00e1bil e Fiscal (NAF) \u00e9 um projeto desenvolvido pela Receita Federal em parceria com Institui\u00e7\u00f5es de Ensino Superior, cujo objetivo \u00e9 oferecer servi\u00e7os cont\u00e1beis e fiscais gratuitos para pessoas f\u00edsicas e jur\u00eddicas de menor poder aquisitivo, n\u00e3o substituindo, por\u00e9m, um escrit\u00f3rio de contabilidade. A sala do NAF no Uniarax\u00e1 foi implantada no dia 23 de mar\u00e7o passado e j\u00e1 est\u00e1 com a\u00e7\u00f5es voltadas para ajudar e facilitar a vida da comunidade. No \u00faltimo s\u00e1bado, no Cal\u00e7ad\u00e3o da Rua Presidente Oleg\u00e1rio Maciel, no centro de Arax\u00e1, professores, coordenadores dos cursos de Gest\u00e3o da escola (ci\u00eancias cont\u00e1beis, administra\u00e7\u00e3o, direito entre outros) e alunos desses cursos, realizaram um mutir\u00e3o com atendimentos gratuitos \u00e0 comunidade araxaense. Foram a\u00e7\u00f5es e atividades onde os alunos realizaram na pr\u00e1tica atendimentos, orienta\u00e7\u00f5es e apoio referentes ao cumprimento das obriga\u00e7\u00f5es e deveres tribut\u00e1rios de cada cidad\u00e3o. De acordo com os coordenadores dos cursos de ensino superior do Uniarax\u00e1, \u201c existem muitas pessoas que n\u00e3o sabem e nem t\u00eam conhecimento de que precisam fazer a declara\u00e7\u00e3o do Imposto de Renda, e consequentemente o descumprimento desse dever, acaba causando s\u00e9rios transtornos para o cidad\u00e3o junto \u00e0 Receita Federal.&nbsp;Ainda segundo os professores, at\u00e9 o dia 31 de maio a popula\u00e7\u00e3o de Arax\u00e1 poder\u00e1 ter orienta\u00e7\u00f5es e tirar d\u00favida sobre a declara\u00e7\u00e3o do imposto de renda, no Cal\u00e7ad\u00e3o da Presidente Oleg\u00e1rio Maciel.&nbsp;<\/p>\n\n\n\n<p>Para tirar as d\u00favidas da popula\u00e7\u00e3o e considerando o prazo&nbsp; para entrega da declara\u00e7\u00e3o, at\u00e9 dia 31 de maio, o NAF vai realizar um Mutir\u00e3o da Declara\u00e7\u00e3o do Imposto de Renda no cal\u00e7ad\u00e3o da rua Oleg\u00e1rio Maciel, neste s\u00e1bado (21), a partir das 8h, em Arax\u00e1. O N\u00facleo de Apoio Cont\u00e1bil e Fiscal do Uniarax\u00e1, funciona com atendimento \u00e0 comunidade, das 16h \u00e0s 20h. O atendimento tamb\u00e9m pode ser solicitado atrav\u00e9s do&nbsp;<a href=\"https:\/\/site.uniaraxa.edu.br\/naf\/\"><strong>site.uniaraxa.edu.br\/naf<\/strong><\/a>&nbsp; ou telefone\/WhatsApp: (34) 3669 2050.&nbsp;<\/p>\n","protected":false},"excerpt":{"rendered":"<p>O N\u00facleo de Apoio Cont\u00e1bil e Fiscal (NAF) \u00e9 um projeto desenvolvido pela Receita Federal em parceria com Institui\u00e7\u00f5es de<\/p>\n","protected":false},"author":2,"featured_media":1057,"comment_status":"open","ping_status":"open","sticky":false,"template":"","format":"standard","meta":{"footnotes":""},"categories":[9,11],"tags":[],"class_list":["post-1056","post","type-post","status-publish","format-standard","has-post-thumbnail","hentry","category-araxa","category-destaques"],"_links":{"self":[{"href":"http:\/\/blogdoarmindomaia.com.br\/index.php?rest_route=\/wp\/v2\/posts\/1056","targetHints":{"allow":["GET"]}}],"collection":[{"href":"http:\/\/blogdoarmindomaia.com.br\/index.php?rest_route=\/wp\/v2\/posts"}],"about":[{"href":"http:\/\/blogdoarmindomaia.com.br\/index.php?rest_route=\/wp\/v2\/types\/post"}],"author":[{"embeddable":true,"href":"http:\/\/blogdoarmindomaia.com.br\/index.php?rest_route=\/wp\/v2\/users\/2"}],"replies":[{"embeddable":true,"href":"http:\/\/blogdoarmindomaia.com.br\/index.php?rest_route=%2Fwp%2Fv2%2Fcomments&post=1056"}],"version-history":[{"count":1,"href":"http:\/\/blogdoarmindomaia.com.br\/index.php?rest_route=\/wp\/v2\/posts\/1056\/revisions"}],"predecessor-version":[{"id":1060,"href":"http:\/\/blogdoarmindomaia.com.br\/index.php?rest_route=\/wp\/v2\/posts\/1056\/revisions\/1060"}],"wp:featuredmedia":[{"embeddable":true,"href":"http:\/\/blogdoarmindomaia.com.br\/index.php?rest_route=\/wp\/v2\/media\/1057"}],"wp:attachment":[{"href":"http:\/\/blogdoarmindomaia.com.br\/index.php?rest_route=%2Fwp%2Fv2%2Fmedia&parent=1056"}],"wp:term":[{"taxonomy":"category","embeddable":true,"href":"http:\/\/blogdoarmindomaia.com.br\/index.php?rest_route=%2Fwp%2Fv2%2Fcategories&post=1056"},{"taxonomy":"post_tag","embeddable":true,"href":"http:\/\/blogdoarmindomaia.com.br\/index.php?rest_route=%2Fwp%2Fv2%2Ftags&post=1056"}],"curies":[{"name":"wp","href":"https:\/\/api.w.org\/{rel}","templated":true}]}}