{"id":1065,"date":"2022-05-25T14:12:13","date_gmt":"2022-05-25T17:12:13","guid":{"rendered":"http:\/\/blogdoarmindomaia.com.br\/?p=1065"},"modified":"2022-05-25T14:12:19","modified_gmt":"2022-05-25T17:12:19","slug":"araxaense-eduardo-de-avila-e-mais-seis-autores-lancam-o-livro-doze-horizontes-um-mirante","status":"publish","type":"post","link":"http:\/\/blogdoarmindomaia.com.br\/?p=1065","title":{"rendered":"Araxaense Eduardo de \u00c1vila e mais seis autores, lan\u00e7am o livro &#8220;Doze Horizontes, Um Mirante."},"content":{"rendered":"\n<figure class=\"wp-block-image size-full\"><img loading=\"lazy\" decoding=\"async\" width=\"787\" height=\"521\" src=\"http:\/\/blogdoarmindomaia.com.br\/wp-content\/uploads\/2022\/05\/Araxaense-Eduardo-de-Avila-pag-08.jpg\" alt=\"\" class=\"wp-image-1066\" srcset=\"http:\/\/blogdoarmindomaia.com.br\/wp-content\/uploads\/2022\/05\/Araxaense-Eduardo-de-Avila-pag-08.jpg 787w, http:\/\/blogdoarmindomaia.com.br\/wp-content\/uploads\/2022\/05\/Araxaense-Eduardo-de-Avila-pag-08-300x199.jpg 300w, http:\/\/blogdoarmindomaia.com.br\/wp-content\/uploads\/2022\/05\/Araxaense-Eduardo-de-Avila-pag-08-768x508.jpg 768w\" sizes=\"auto, (max-width: 787px) 100vw, 787px\" \/><\/figure>\n\n\n\n<p>O livro \u00e9 colet\u00e2nea de 101 cr\u00f4nicas de nomes como Danielle Mata Machado, Daniela Piroli, Eduardo de \u00c1vila, Guilherme Scarpellini, Leandro Quaresma, Lu\u00edsa Bahia, M\u00e1rcio Magno, Peter Rossi, Ros\u00e2ngela Maluf, Sandra Belchiolina, Ta\u00eds Civitarse e Vict\u00f3ria Farias. Todas abordando temas do cotidiano, um convite \u00e0 reflex\u00e3o. As cr\u00f4nicas, j\u00e1 publicadas no Blog Mirante, do Portal UAI, do Estado de Minas abordam temas do cotidiano e s\u00e3o um convite \u00e0 reflex\u00e3o dos assuntos tratados na obra. O lan\u00e7amento aconteceu no dia 10 de maio no espa\u00e7o Diamond Mall, em Belo Horizonte, pela editora Sete Autores. O livro de cr\u00f4nicas, \u201c Doze Horizontes, Um Mirante, tem 206 p\u00e1ginas e custa 55 reais. Radicado na capital mineira a quase 40 anos, o jornalista, escritor, assessor parlamentar, Eduardo de \u00c1vila tamb\u00e9m se orgulha de ser um dos torcedores s\u00edmbolo do Clube Atl\u00e9tico Mineiro.\u00a0 \u00a0<\/p>\n","protected":false},"excerpt":{"rendered":"<p>O livro \u00e9 colet\u00e2nea de 101 cr\u00f4nicas de nomes como Danielle Mata Machado, Daniela Piroli, Eduardo de \u00c1vila, Guilherme Scarpellini,<\/p>\n","protected":false},"author":2,"featured_media":1066,"comment_status":"open","ping_status":"open","sticky":false,"template":"","format":"standard","meta":{"footnotes":""},"categories":[9,5],"tags":[],"class_list":["post-1065","post","type-post","status-publish","format-standard","has-post-thumbnail","hentry","category-araxa","category-arte-e-cultura"],"_links":{"self":[{"href":"http:\/\/blogdoarmindomaia.com.br\/index.php?rest_route=\/wp\/v2\/posts\/1065","targetHints":{"allow":["GET"]}}],"collection":[{"href":"http:\/\/blogdoarmindomaia.com.br\/index.php?rest_route=\/wp\/v2\/posts"}],"about":[{"href":"http:\/\/blogdoarmindomaia.com.br\/index.php?rest_route=\/wp\/v2\/types\/post"}],"author":[{"embeddable":true,"href":"http:\/\/blogdoarmindomaia.com.br\/index.php?rest_route=\/wp\/v2\/users\/2"}],"replies":[{"embeddable":true,"href":"http:\/\/blogdoarmindomaia.com.br\/index.php?rest_route=%2Fwp%2Fv2%2Fcomments&post=1065"}],"version-history":[{"count":1,"href":"http:\/\/blogdoarmindomaia.com.br\/index.php?rest_route=\/wp\/v2\/posts\/1065\/revisions"}],"predecessor-version":[{"id":1067,"href":"http:\/\/blogdoarmindomaia.com.br\/index.php?rest_route=\/wp\/v2\/posts\/1065\/revisions\/1067"}],"wp:featuredmedia":[{"embeddable":true,"href":"http:\/\/blogdoarmindomaia.com.br\/index.php?rest_route=\/wp\/v2\/media\/1066"}],"wp:attachment":[{"href":"http:\/\/blogdoarmindomaia.com.br\/index.php?rest_route=%2Fwp%2Fv2%2Fmedia&parent=1065"}],"wp:term":[{"taxonomy":"category","embeddable":true,"href":"http:\/\/blogdoarmindomaia.com.br\/index.php?rest_route=%2Fwp%2Fv2%2Fcategories&post=1065"},{"taxonomy":"post_tag","embeddable":true,"href":"http:\/\/blogdoarmindomaia.com.br\/index.php?rest_route=%2Fwp%2Fv2%2Ftags&post=1065"}],"curies":[{"name":"wp","href":"https:\/\/api.w.org\/{rel}","templated":true}]}}