{"id":1071,"date":"2022-05-25T14:29:30","date_gmt":"2022-05-25T17:29:30","guid":{"rendered":"http:\/\/blogdoarmindomaia.com.br\/?p=1071"},"modified":"2022-05-25T14:29:32","modified_gmt":"2022-05-25T17:29:32","slug":"em-noite-de-conhecimento-aia-empossa-novos-associados-no-memorial-da-escrita-e-imprensa-mauricio-rosa","status":"publish","type":"post","link":"http:\/\/blogdoarmindomaia.com.br\/?p=1071","title":{"rendered":"Em noite de conhecimento, AIA empossa novos associados no Memorial da Escrita e Imprensa Maur\u00edcio Rosa"},"content":{"rendered":"\n<figure class=\"wp-block-image size-large\"><img loading=\"lazy\" decoding=\"async\" width=\"1024\" height=\"682\" src=\"http:\/\/blogdoarmindomaia.com.br\/wp-content\/uploads\/2022\/05\/Em-noite-de-conhecimento-AIA-empossa-pag-09-1024x682.jpeg\" alt=\"\" class=\"wp-image-1072\" srcset=\"http:\/\/blogdoarmindomaia.com.br\/wp-content\/uploads\/2022\/05\/Em-noite-de-conhecimento-AIA-empossa-pag-09-1024x682.jpeg 1024w, http:\/\/blogdoarmindomaia.com.br\/wp-content\/uploads\/2022\/05\/Em-noite-de-conhecimento-AIA-empossa-pag-09-300x200.jpeg 300w, http:\/\/blogdoarmindomaia.com.br\/wp-content\/uploads\/2022\/05\/Em-noite-de-conhecimento-AIA-empossa-pag-09-768x512.jpeg 768w, http:\/\/blogdoarmindomaia.com.br\/wp-content\/uploads\/2022\/05\/Em-noite-de-conhecimento-AIA-empossa-pag-09.jpeg 1280w\" sizes=\"auto, (max-width: 1024px) 100vw, 1024px\" \/><\/figure>\n\n\n\n<p>Em parceria entre a Associa\u00e7\u00e3o da Imprensa Araxaense (AIA) e o Memorial da Escrita e Comunica\u00e7\u00e3o Maur\u00edcio Rosa, tr\u00eas novos associados foram empossados na noite de sexta-feira, 20 de maio. Uma noite de conhecimento que retratou o sentimento de uni\u00e3o e comprometimento de uma associa\u00e7\u00e3o sempre comprometida em contribuir para o crescimento da sociedade. O espa\u00e7o localizado na rua Santos Dumont, em frente a reda\u00e7\u00e3o do Jornal Intera\u00e7\u00e3o, foi palco para a entrada de novos associados.&nbsp;<\/p>\n\n\n\n<p>A primeira empossada foi a jornalista e, atualmente assessora da Secretaria de Desenvolvimento Econ\u00f4mico, Inova\u00e7\u00e3o e Turismo, Carina de Ara\u00fajo Rodrigues. Logo, na sequ\u00eancia, os jornalistas Armindo Maia, do Jornal Intera\u00e7\u00e3o e da R\u00e1dio Cidade, e Maur\u00edcio de Castro Rosa, tamb\u00e9m do Jornal Intera\u00e7\u00e3o, passaram por esse momento de posse. O evento teve a participa\u00e7\u00e3o da presidente da AIA, Anete Di Mambro Gandra, e de todos os colegas associados.&nbsp;<\/p>\n\n\n\n<p>A posse representou o encerramento da noite de sexta-feira iniciada com uma viagem ao tempo. Os presentes foram convidados a visitar o Memorial da Escrita e Comunica\u00e7\u00e3o Maur\u00edcio Rosa. O nome \u00e9 uma homenagem ao pai de Maur\u00edcio de Castro Rosa, jornalista respons\u00e1vel por idealizar o espa\u00e7o que conta com uma linha do tempo mostrando a evolu\u00e7\u00e3o da Escrita e Comunica\u00e7\u00e3o at\u00e9 os dias de hoje e de objetos utilizados em d\u00e9cadas passadas.&nbsp;<\/p>\n\n\n\n<p>Em nome dos associados, a presidente Anete Di Mambro Gandra agradeceu a cess\u00e3o do espa\u00e7o que representa o in\u00edcio de uma grande parceria entre a associa\u00e7\u00e3o e o Memorial da Escrita e Comunica\u00e7\u00e3o Maur\u00edcio Rosa. Quem tamb\u00e9m ficou impressionada com o acervo apresentado foi a associada e presidente da Funda\u00e7\u00e3o Cultural Calmon Barreto (FCCB), Cynthia Ver\u00e7osa. Ela anunciou que o memorial vai ser inclu\u00eddo no trajeto de turistas, visitantes da cidade dedicados aos museus, espa\u00e7os de cultura e de preserva\u00e7\u00e3o da hist\u00f3ria da cidade, e tamb\u00e9m a inclus\u00e3o do local no roteiro de visitas dos estudantes no projeto Educa\u00e7\u00e3o Patrimonial, desenvolvido em parceria com a Secretaria Municipal de Educa\u00e7\u00e3o.&nbsp;<\/p>\n\n\n\n<p><strong>A galeria completa de fotos est\u00e1 dispon\u00edvel nos canais do Facebook e do Instagram da Associa\u00e7\u00e3o da Imprensa Araxaense (AIA).<\/strong>&nbsp;<\/p>\n","protected":false},"excerpt":{"rendered":"<p>Em parceria entre a Associa\u00e7\u00e3o da Imprensa Araxaense (AIA) e o Memorial da Escrita e Comunica\u00e7\u00e3o Maur\u00edcio Rosa, tr\u00eas novos<\/p>\n","protected":false},"author":2,"featured_media":1072,"comment_status":"open","ping_status":"open","sticky":false,"template":"","format":"standard","meta":{"footnotes":""},"categories":[9,5],"tags":[],"class_list":["post-1071","post","type-post","status-publish","format-standard","has-post-thumbnail","hentry","category-araxa","category-arte-e-cultura"],"_links":{"self":[{"href":"http:\/\/blogdoarmindomaia.com.br\/index.php?rest_route=\/wp\/v2\/posts\/1071","targetHints":{"allow":["GET"]}}],"collection":[{"href":"http:\/\/blogdoarmindomaia.com.br\/index.php?rest_route=\/wp\/v2\/posts"}],"about":[{"href":"http:\/\/blogdoarmindomaia.com.br\/index.php?rest_route=\/wp\/v2\/types\/post"}],"author":[{"embeddable":true,"href":"http:\/\/blogdoarmindomaia.com.br\/index.php?rest_route=\/wp\/v2\/users\/2"}],"replies":[{"embeddable":true,"href":"http:\/\/blogdoarmindomaia.com.br\/index.php?rest_route=%2Fwp%2Fv2%2Fcomments&post=1071"}],"version-history":[{"count":1,"href":"http:\/\/blogdoarmindomaia.com.br\/index.php?rest_route=\/wp\/v2\/posts\/1071\/revisions"}],"predecessor-version":[{"id":1073,"href":"http:\/\/blogdoarmindomaia.com.br\/index.php?rest_route=\/wp\/v2\/posts\/1071\/revisions\/1073"}],"wp:featuredmedia":[{"embeddable":true,"href":"http:\/\/blogdoarmindomaia.com.br\/index.php?rest_route=\/wp\/v2\/media\/1072"}],"wp:attachment":[{"href":"http:\/\/blogdoarmindomaia.com.br\/index.php?rest_route=%2Fwp%2Fv2%2Fmedia&parent=1071"}],"wp:term":[{"taxonomy":"category","embeddable":true,"href":"http:\/\/blogdoarmindomaia.com.br\/index.php?rest_route=%2Fwp%2Fv2%2Fcategories&post=1071"},{"taxonomy":"post_tag","embeddable":true,"href":"http:\/\/blogdoarmindomaia.com.br\/index.php?rest_route=%2Fwp%2Fv2%2Ftags&post=1071"}],"curies":[{"name":"wp","href":"https:\/\/api.w.org\/{rel}","templated":true}]}}