{"id":1074,"date":"2022-05-26T16:31:23","date_gmt":"2022-05-26T19:31:23","guid":{"rendered":"http:\/\/blogdoarmindomaia.com.br\/?p=1074"},"modified":"2022-05-26T16:31:25","modified_gmt":"2022-05-26T19:31:25","slug":"audiencia-publica-apresenta-prestacao-de-contas-do-municipio","status":"publish","type":"post","link":"http:\/\/blogdoarmindomaia.com.br\/?p=1074","title":{"rendered":"Audi\u00eancia P\u00fablica apresenta presta\u00e7\u00e3o de contas do Munic\u00edpio"},"content":{"rendered":"\n<figure class=\"wp-block-image size-full\"><img loading=\"lazy\" decoding=\"async\" width=\"1000\" height=\"750\" src=\"http:\/\/blogdoarmindomaia.com.br\/wp-content\/uploads\/2022\/05\/mesa-1.jpg\" alt=\"\" class=\"wp-image-1076\" srcset=\"http:\/\/blogdoarmindomaia.com.br\/wp-content\/uploads\/2022\/05\/mesa-1.jpg 1000w, http:\/\/blogdoarmindomaia.com.br\/wp-content\/uploads\/2022\/05\/mesa-1-300x225.jpg 300w, http:\/\/blogdoarmindomaia.com.br\/wp-content\/uploads\/2022\/05\/mesa-1-768x576.jpg 768w\" sizes=\"auto, (max-width: 1000px) 100vw, 1000px\" \/><\/figure>\n\n\n\n<p>O Plen\u00e1rio Vereador Guilherme Gotelip Neto recebeu na tarde desta quarta-feira (25), Audi\u00eancia P\u00fablica para apresenta\u00e7\u00e3o da presta\u00e7\u00e3o de contas do Munic\u00edpio referente ao 1\u00ba quadrimestre de 2022. A sess\u00e3o foi dirigida pelo presidente da Casa da Cidadania, vereador Raphael Rios, e pelo presidente da Comiss\u00e3o de Finan\u00e7as e Or\u00e7amento, vereador Evaldo do Ferrocarril. O Poder Executivo foi representado pelo controlador geral Dr. Bruno Borges Almeida.<\/p>\n\n\n\n<p>O controlador iniciou sua apresenta\u00e7\u00e3o falando da import\u00e2ncia das audi\u00eancias para manter a transpar\u00eancia das contas p\u00fablicas, obedecendo o princ\u00edpio constitucional da publicidade. Ele apresentou um comparativo da receita arrecadada nos quatro primeiros meses de 2021 e 2022. No per\u00edodo entre os meses de janeiro e abril de 2021 foi arrecadado R$ 159.240.405,44, enquanto que no mesmo per\u00edodo de 2022 a arrecada\u00e7\u00e3o foi de R$ 187.360.240, 52, um aumento de 17,66% nas receitas no ano de 2022.<\/p>\n\n\n\n<p>Ele apontou que esse crescimento ocorreu principalmente devido ao aumento das receitas do Imposto Sobre Servi\u00e7os (ISS), Fundo de Participa\u00e7\u00e3o dos Munic\u00edpios (FPM) e Imposto sobre Circula\u00e7\u00e3o de Mercadorias e Servi\u00e7os (ICMS). Essa receita n\u00e3o inclui repasses da Uni\u00e3o e Estado, feito atrav\u00e9s de Resolu\u00e7\u00f5es e Portarias, as quais tem destina\u00e7\u00e3o espec\u00edfica de gastos.<\/p>\n\n\n\n<p>Os gastos com pessoal, sa\u00fade e educa\u00e7\u00e3o tamb\u00e9m foram destacados pelo controlador. A despesa com pessoal corresponde a 40, 16%, com educa\u00e7\u00e3o 29,69% e com sa\u00fade 21,58 % do total das receitas. Todos esses valores obedecem aos limites estabelecidos pela Lei de Responsabilidade Fiscal.<\/p>\n\n\n\n<p>Ao final do encontro, os participantes participaram com perguntas e sugest\u00f5es. Os vereadores tamb\u00e9m fizeram questionamentos e destacaram o crescimento da economia de Arax\u00e1, principalmente devido \u00e0 chegada de novas empresas, o crescimento do agroneg\u00f3cio e da CBMM.<\/p>\n\n\n\n<p>A \u00edntegra dos dados apresentados encontra-se dispon\u00edvel no portal&nbsp;<a href=\"http:\/\/araxa.mg.leg.br\/transparencia\" target=\"_blank\" rel=\"noreferrer noopener\">araxa.mg.leg.br\/transparencia<\/a>.<\/p>\n","protected":false},"excerpt":{"rendered":"<p>O Plen\u00e1rio Vereador Guilherme Gotelip Neto recebeu na tarde desta quarta-feira (25), Audi\u00eancia P\u00fablica para apresenta\u00e7\u00e3o da presta\u00e7\u00e3o de contas<\/p>\n","protected":false},"author":2,"featured_media":1076,"comment_status":"open","ping_status":"open","sticky":false,"template":"","format":"standard","meta":{"footnotes":""},"categories":[9,25],"tags":[],"class_list":["post-1074","post","type-post","status-publish","format-standard","has-post-thumbnail","hentry","category-araxa","category-politica"],"_links":{"self":[{"href":"http:\/\/blogdoarmindomaia.com.br\/index.php?rest_route=\/wp\/v2\/posts\/1074","targetHints":{"allow":["GET"]}}],"collection":[{"href":"http:\/\/blogdoarmindomaia.com.br\/index.php?rest_route=\/wp\/v2\/posts"}],"about":[{"href":"http:\/\/blogdoarmindomaia.com.br\/index.php?rest_route=\/wp\/v2\/types\/post"}],"author":[{"embeddable":true,"href":"http:\/\/blogdoarmindomaia.com.br\/index.php?rest_route=\/wp\/v2\/users\/2"}],"replies":[{"embeddable":true,"href":"http:\/\/blogdoarmindomaia.com.br\/index.php?rest_route=%2Fwp%2Fv2%2Fcomments&post=1074"}],"version-history":[{"count":1,"href":"http:\/\/blogdoarmindomaia.com.br\/index.php?rest_route=\/wp\/v2\/posts\/1074\/revisions"}],"predecessor-version":[{"id":1077,"href":"http:\/\/blogdoarmindomaia.com.br\/index.php?rest_route=\/wp\/v2\/posts\/1074\/revisions\/1077"}],"wp:featuredmedia":[{"embeddable":true,"href":"http:\/\/blogdoarmindomaia.com.br\/index.php?rest_route=\/wp\/v2\/media\/1076"}],"wp:attachment":[{"href":"http:\/\/blogdoarmindomaia.com.br\/index.php?rest_route=%2Fwp%2Fv2%2Fmedia&parent=1074"}],"wp:term":[{"taxonomy":"category","embeddable":true,"href":"http:\/\/blogdoarmindomaia.com.br\/index.php?rest_route=%2Fwp%2Fv2%2Fcategories&post=1074"},{"taxonomy":"post_tag","embeddable":true,"href":"http:\/\/blogdoarmindomaia.com.br\/index.php?rest_route=%2Fwp%2Fv2%2Ftags&post=1074"}],"curies":[{"name":"wp","href":"https:\/\/api.w.org\/{rel}","templated":true}]}}