{"id":1079,"date":"2022-05-26T16:35:26","date_gmt":"2022-05-26T19:35:26","guid":{"rendered":"http:\/\/blogdoarmindomaia.com.br\/?p=1079"},"modified":"2022-05-26T16:35:28","modified_gmt":"2022-05-26T19:35:28","slug":"cbmm-em-parceria-com-o-sesi-senai-anuncia-segunda-fase-do-programa-de-qualificacao-profissional","status":"publish","type":"post","link":"http:\/\/blogdoarmindomaia.com.br\/?p=1079","title":{"rendered":"CBMM, em parceria com o SESI SENAI, anuncia segunda fase do Programa de Qualifica\u00e7\u00e3o Profissional"},"content":{"rendered":"\n<figure class=\"wp-block-image size-large\"><img loading=\"lazy\" decoding=\"async\" width=\"1024\" height=\"414\" src=\"http:\/\/blogdoarmindomaia.com.br\/wp-content\/uploads\/2022\/05\/Programa-de-Qualificacao-SESI-SENAI-banner-1024x414.png\" alt=\"\" class=\"wp-image-1080\" srcset=\"http:\/\/blogdoarmindomaia.com.br\/wp-content\/uploads\/2022\/05\/Programa-de-Qualificacao-SESI-SENAI-banner-1024x414.png 1024w, http:\/\/blogdoarmindomaia.com.br\/wp-content\/uploads\/2022\/05\/Programa-de-Qualificacao-SESI-SENAI-banner-300x121.png 300w, http:\/\/blogdoarmindomaia.com.br\/wp-content\/uploads\/2022\/05\/Programa-de-Qualificacao-SESI-SENAI-banner-768x311.png 768w, http:\/\/blogdoarmindomaia.com.br\/wp-content\/uploads\/2022\/05\/Programa-de-Qualificacao-SESI-SENAI-banner.png 1360w\" sizes=\"auto, (max-width: 1024px) 100vw, 1024px\" \/><\/figure>\n\n\n\n<p><em>O SESI SENAI disponibilizou 95 vagas para cursos gratuitos que ir\u00e3o comtemplar candidatos residentes em Arax\u00e1<\/em><\/p>\n\n\n\n<p>Est\u00e3o abertas as inscri\u00e7\u00f5es para a segunda fase do Programa de Qualifica\u00e7\u00e3o Profissional gratuito, promovido pelo SESI-SENAI em parceria com a CBMM. O objetivo \u00e9 que os alunos possam se capacitar profissionalmente para futuras oportunidades no mercado de trabalho.<\/p>\n\n\n\n<p>Ser\u00e3o selecionados candidatos para o preenchimento de vagas nos cursos de Mestre de Obras, Eletricista Industrial, Mec\u00e2nico de M\u00e1quinas Industriais e Soldador de Eletrodo Revestido. As inscri\u00e7\u00f5es poder\u00e3o ser realizadas a partir de hoje, 23, at\u00e9 o dia 3 de junho, via internet, no endere\u00e7o eletr\u00f4nico: <a href=\"https:\/\/sites.google.com\/view\/senaiaraxainscricoes\">https:\/\/sites.google.com\/view\/senaiaraxainscricoes<\/a> .<\/p>\n\n\n\n<p>Jefferson de Campos Cordeiro, Gerente do SESI SENAI Arax\u00e1, comenta o cen\u00e1rio atual e as demandas do mercado de trabalho em Arax\u00e1. \u201cCom o momento de retomada p\u00f3s pandemia e crescente da economia, a CNI \u2013 Confedera\u00e7\u00e3o Nacional da Ind\u00fastria, atrav\u00e9s do Mapa do Trabalho Industrial estima a necessidade de cria\u00e7\u00e3o de quase 500 mil novas vagas nas ocupa\u00e7\u00f5es industriais at\u00e9 2025 em todo Brasil. Em Arax\u00e1, as \u00e1reas que mais demandam profissionais no mercado atual s\u00e3o metalmec\u00e2nica, eletroeletr\u00f4nica e constru\u00e7\u00e3o civil.&nbsp; Dessa forma, a parceria entre CBMM e SENAI apoia o crescimento regional atrav\u00e9s da qualifica\u00e7\u00e3o profissional nas ocupa\u00e7\u00f5es: Soldador Eletrodo revestido, Mec\u00e2nico Industrial, Eletricista Industrial e Mestre de Obras. Acreditamos que essa oportunidade de qualifica\u00e7\u00e3o formar\u00e1 profissionais preparados para o trabalho local.\u201d<\/p>\n\n\n\n<p>O processo seletivo para preenchimento das vagas ser\u00e1 realizado presencialmente na Unidade SENAI Arax\u00e1 CFP Djalma Guimar\u00e3es. Os candidatos devem ter idade igual ou superior a 18 anos, ensino fundamental incompleto e residir em Arax\u00e1.<\/p>\n\n\n\n<p>As aulas iniciar\u00e3o no dia 27 de junho, no hor\u00e1rio das 18h30 \u00e0s 22h30, e o t\u00e9rmino de cada curso depender\u00e1 exclusivamente da carga hor\u00e1ria de cada um.<\/p>\n\n\n\n<p>Thiago Amaral, gerente de Meio Ambiente e Apoio Tecnol\u00f3gico da CBMM, fala da contribui\u00e7\u00e3o para a comunidade de Arax\u00e1. <a>\u201cEsta parceria com uma das principais institui\u00e7\u00f5es educacionais do pa\u00eds garante mais conhecimento e autonomia para a comunidade de Arax\u00e1. \u00c9 mais uma forma de contribuir para o futuro dos profissionais que buscam novos conhecimentos ou para aqueles que t\u00eam experi\u00eancia, mas n\u00e3o tiveram a oportunidade de conquistar um diploma. Al\u00e9m disso, a parceria tamb\u00e9m \u00e9 uma forma de impulsionar o desenvolvimento social e econ\u00f4mico da nossa regi\u00e3o.\u201d<\/a><\/p>\n","protected":false},"excerpt":{"rendered":"<p>O SESI SENAI disponibilizou 95 vagas para cursos gratuitos que ir\u00e3o comtemplar candidatos residentes em Arax\u00e1 Est\u00e3o abertas as inscri\u00e7\u00f5es<\/p>\n","protected":false},"author":2,"featured_media":1080,"comment_status":"open","ping_status":"open","sticky":false,"template":"","format":"standard","meta":{"footnotes":""},"categories":[9,11],"tags":[],"class_list":["post-1079","post","type-post","status-publish","format-standard","has-post-thumbnail","hentry","category-araxa","category-destaques"],"_links":{"self":[{"href":"http:\/\/blogdoarmindomaia.com.br\/index.php?rest_route=\/wp\/v2\/posts\/1079","targetHints":{"allow":["GET"]}}],"collection":[{"href":"http:\/\/blogdoarmindomaia.com.br\/index.php?rest_route=\/wp\/v2\/posts"}],"about":[{"href":"http:\/\/blogdoarmindomaia.com.br\/index.php?rest_route=\/wp\/v2\/types\/post"}],"author":[{"embeddable":true,"href":"http:\/\/blogdoarmindomaia.com.br\/index.php?rest_route=\/wp\/v2\/users\/2"}],"replies":[{"embeddable":true,"href":"http:\/\/blogdoarmindomaia.com.br\/index.php?rest_route=%2Fwp%2Fv2%2Fcomments&post=1079"}],"version-history":[{"count":1,"href":"http:\/\/blogdoarmindomaia.com.br\/index.php?rest_route=\/wp\/v2\/posts\/1079\/revisions"}],"predecessor-version":[{"id":1081,"href":"http:\/\/blogdoarmindomaia.com.br\/index.php?rest_route=\/wp\/v2\/posts\/1079\/revisions\/1081"}],"wp:featuredmedia":[{"embeddable":true,"href":"http:\/\/blogdoarmindomaia.com.br\/index.php?rest_route=\/wp\/v2\/media\/1080"}],"wp:attachment":[{"href":"http:\/\/blogdoarmindomaia.com.br\/index.php?rest_route=%2Fwp%2Fv2%2Fmedia&parent=1079"}],"wp:term":[{"taxonomy":"category","embeddable":true,"href":"http:\/\/blogdoarmindomaia.com.br\/index.php?rest_route=%2Fwp%2Fv2%2Fcategories&post=1079"},{"taxonomy":"post_tag","embeddable":true,"href":"http:\/\/blogdoarmindomaia.com.br\/index.php?rest_route=%2Fwp%2Fv2%2Ftags&post=1079"}],"curies":[{"name":"wp","href":"https:\/\/api.w.org\/{rel}","templated":true}]}}