{"id":1087,"date":"2022-05-26T16:48:14","date_gmt":"2022-05-26T19:48:14","guid":{"rendered":"http:\/\/blogdoarmindomaia.com.br\/?p=1087"},"modified":"2022-05-26T16:48:15","modified_gmt":"2022-05-26T19:48:15","slug":"araxa-sedia-o-25o-encontro-nacional-dos-grupos-de-apoio-a-adocao-em-junho","status":"publish","type":"post","link":"http:\/\/blogdoarmindomaia.com.br\/?p=1087","title":{"rendered":"<strong>Arax\u00e1 sedia o 25\u00ba Encontro Nacional dos Grupos de Apoio \u00e0 Ado\u00e7\u00e3o em junho<\/strong>"},"content":{"rendered":"\n<figure class=\"wp-block-image size-full\"><img loading=\"lazy\" decoding=\"async\" width=\"1024\" height=\"683\" src=\"http:\/\/blogdoarmindomaia.com.br\/wp-content\/uploads\/2022\/05\/reuniao-enapa-2.jpeg\" alt=\"\" class=\"wp-image-1088\" srcset=\"http:\/\/blogdoarmindomaia.com.br\/wp-content\/uploads\/2022\/05\/reuniao-enapa-2.jpeg 1024w, http:\/\/blogdoarmindomaia.com.br\/wp-content\/uploads\/2022\/05\/reuniao-enapa-2-300x200.jpeg 300w, http:\/\/blogdoarmindomaia.com.br\/wp-content\/uploads\/2022\/05\/reuniao-enapa-2-768x512.jpeg 768w\" sizes=\"auto, (max-width: 1024px) 100vw, 1024px\" \/><\/figure>\n\n\n\n<p>Fam\u00edlia \u00e9 a base e o alicerce, o presente e o futuro, o afeto e a compreens\u00e3o. Fam\u00edlia \u00e9 quem estende a m\u00e3o. Arax\u00e1 receber\u00e1 de 9 a 11 de junho o 25\u00ba Encontro Nacional dos Grupos de Apoio \u00e0 Ado\u00e7\u00e3o \u2013 Enapa 2022, cujo tema central ser\u00e1 \u201cConstruindo Redes, Aquecendo Vidas\u201d. O objetivo principal do encontro \u00e9 construir um ambiente em que v\u00e1rios Grupos de Apoio \u00e0 Ado\u00e7\u00e3o do pa\u00eds possam trocar experi\u00eancias relacionadas ao seu papel de conscientiza\u00e7\u00e3o da sociedade com rela\u00e7\u00e3o \u00e0 ado\u00e7\u00e3o.<br><br>Al\u00e9m dos debates sobre o tema da ado\u00e7\u00e3o, o evento prev\u00ea a apresenta\u00e7\u00e3o de trabalhos e momentos culturais. O p\u00fablico-alvo s\u00e3o pretendentes \u00e0 ado\u00e7\u00e3o, magistrados, servidores, promotores, comunidade acad\u00eamica, pais, m\u00e3es e filhos e interessados no assunto. O evento acontecer\u00e1 no Espa\u00e7o Grann Hall em formato h\u00edbrido, com possibilidade de participa\u00e7\u00e3o online e presencial, mediante inscri\u00e7\u00e3o.<br><br>Na \u00faltima semana, a promotora de Justi\u00e7a e curadora da Inf\u00e2ncia e Juventude da Comarca de Arax\u00e1, Mara L\u00facia Silva Dourado, secret\u00e1rios municipais e representantes do Grupo de Apoio \u00e0 Ado\u00e7\u00e3o Aquecendo Vidas se reuniram com o prefeito Robson Magela para apresentar a import\u00e2ncia do evento para a cidade.<br><br>De acordo com o prefeito, o debate sobre os diversos aspectos da ado\u00e7\u00e3o \u00e9 extremamente relevante, pois, por meio dela, \u00e9 poss\u00edvel garantir a prote\u00e7\u00e3o aos direitos da crian\u00e7a e do adolescente. \u201cSe a gente n\u00e3o puder investir nas nossas crian\u00e7as hoje, o futuro delas ser\u00e1 incerto amanh\u00e3. A causa da Inf\u00e2ncia e Juventude \u00e9 primordial e n\u00f3s, enquanto Administra\u00e7\u00e3o P\u00fablica, n\u00e3o medimos esfor\u00e7os para buscarmos solu\u00e7\u00f5es aos desafios enfrentados diariamente. Esse evento \u00e9 muito bem-vindo e eu tenho certeza que ser\u00e1 um sucesso\u201d, destaca.<br><br>A promotora Mara explica que o evento propicia uma importante troca de saberes e amplia\u00e7\u00e3o do conhecimento, integra\u00e7\u00e3o e fortalecimento na \u00e1rea da conviv\u00eancia familiar. \u201cEu estou em estado de gra\u00e7a, pois ver esse evento acontecendo aqui em Arax\u00e1 enche o meu cora\u00e7\u00e3o de alegria. Ser\u00e1 uma oportunidade \u00edmpar para a gente fortalecer o nosso Grupo de Apoio \u00e0 Ado\u00e7\u00e3o, al\u00e9m de compartilhar as nossas experi\u00eancias e aprender com os outros. \u00c9 um evento de encantamento para a nossa cidade\u201d, diz.<br><br>Para a Presidente do Grupo de Apoio \u00e0 Ado\u00e7\u00e3o Aquecendo Vidas, Cristiane Mirza, o Enapa \u00e9 uma oportunidade de estabelecer parcerias para transformar a realidade de jovens que vivem dentro dos Servi\u00e7os de Acolhimento. \u201cS\u00e3o tr\u00eas dias intensos pensados para fazer com que a nossa rede, al\u00e9m de afeto, tenha conhecimento. Uma cidade quando recebe um evento dessa natureza, amplia os horizontes, fortalecendo realmente os direitos da crian\u00e7a e do adolescente e principalmente o direito da conviv\u00eancia familiar\u201d, explica.<br><br>A realiza\u00e7\u00e3o do Enapa \u00e9 da Associa\u00e7\u00e3o Nacional de Grupos de Apoio \u00e0 Ado\u00e7\u00e3o e do Grupo de Apoio \u00e0 Ado\u00e7\u00e3o Aquecendo Vidas, e conta com recursos do Fundo Municipal dos Direitos das Crian\u00e7as e Adolescentes de Arax\u00e1 (FMDCA). Mais informa\u00e7\u00f5es: (<a href=\"http:\/\/www.araxa.enapa.org.br\/\" target=\"_blank\" rel=\"noreferrer noopener\">www.araxa.enapa.org.br<\/a>&nbsp;).<br><\/p>\n","protected":false},"excerpt":{"rendered":"<p>Fam\u00edlia \u00e9 a base e o alicerce, o presente e o futuro, o afeto e a compreens\u00e3o. Fam\u00edlia \u00e9 quem<\/p>\n","protected":false},"author":2,"featured_media":1088,"comment_status":"open","ping_status":"open","sticky":false,"template":"","format":"standard","meta":{"footnotes":""},"categories":[11],"tags":[],"class_list":["post-1087","post","type-post","status-publish","format-standard","has-post-thumbnail","hentry","category-destaques"],"_links":{"self":[{"href":"http:\/\/blogdoarmindomaia.com.br\/index.php?rest_route=\/wp\/v2\/posts\/1087","targetHints":{"allow":["GET"]}}],"collection":[{"href":"http:\/\/blogdoarmindomaia.com.br\/index.php?rest_route=\/wp\/v2\/posts"}],"about":[{"href":"http:\/\/blogdoarmindomaia.com.br\/index.php?rest_route=\/wp\/v2\/types\/post"}],"author":[{"embeddable":true,"href":"http:\/\/blogdoarmindomaia.com.br\/index.php?rest_route=\/wp\/v2\/users\/2"}],"replies":[{"embeddable":true,"href":"http:\/\/blogdoarmindomaia.com.br\/index.php?rest_route=%2Fwp%2Fv2%2Fcomments&post=1087"}],"version-history":[{"count":1,"href":"http:\/\/blogdoarmindomaia.com.br\/index.php?rest_route=\/wp\/v2\/posts\/1087\/revisions"}],"predecessor-version":[{"id":1089,"href":"http:\/\/blogdoarmindomaia.com.br\/index.php?rest_route=\/wp\/v2\/posts\/1087\/revisions\/1089"}],"wp:featuredmedia":[{"embeddable":true,"href":"http:\/\/blogdoarmindomaia.com.br\/index.php?rest_route=\/wp\/v2\/media\/1088"}],"wp:attachment":[{"href":"http:\/\/blogdoarmindomaia.com.br\/index.php?rest_route=%2Fwp%2Fv2%2Fmedia&parent=1087"}],"wp:term":[{"taxonomy":"category","embeddable":true,"href":"http:\/\/blogdoarmindomaia.com.br\/index.php?rest_route=%2Fwp%2Fv2%2Fcategories&post=1087"},{"taxonomy":"post_tag","embeddable":true,"href":"http:\/\/blogdoarmindomaia.com.br\/index.php?rest_route=%2Fwp%2Fv2%2Ftags&post=1087"}],"curies":[{"name":"wp","href":"https:\/\/api.w.org\/{rel}","templated":true}]}}