{"id":1094,"date":"2022-05-26T17:08:14","date_gmt":"2022-05-26T20:08:14","guid":{"rendered":"http:\/\/blogdoarmindomaia.com.br\/?p=1094"},"modified":"2022-05-26T17:08:16","modified_gmt":"2022-05-26T20:08:16","slug":"zema-anuncia-proposta-de-nova-regulamentacao-do-icms-2","status":"publish","type":"post","link":"http:\/\/blogdoarmindomaia.com.br\/?p=1094","title":{"rendered":"Zema anuncia proposta de nova regulamenta\u00e7\u00e3o do ICMS"},"content":{"rendered":"\n<figure class=\"wp-block-image size-full\"><img loading=\"lazy\" decoding=\"async\" width=\"309\" height=\"163\" src=\"http:\/\/blogdoarmindomaia.com.br\/wp-content\/uploads\/2022\/05\/Governador-anuncia-proposta-de-nova-regulamentacao-do-ICMS-1.jpg\" alt=\"\" class=\"wp-image-1096\" srcset=\"http:\/\/blogdoarmindomaia.com.br\/wp-content\/uploads\/2022\/05\/Governador-anuncia-proposta-de-nova-regulamentacao-do-ICMS-1.jpg 309w, http:\/\/blogdoarmindomaia.com.br\/wp-content\/uploads\/2022\/05\/Governador-anuncia-proposta-de-nova-regulamentacao-do-ICMS-1-300x158.jpg 300w\" sizes=\"auto, (max-width: 309px) 100vw, 309px\" \/><\/figure>\n\n\n\n<p>O governador Romeu Zema anunciou, que o&nbsp;<a href=\"http:\/\/www.mg.gov.br\/\" target=\"_blank\" rel=\"noreferrer noopener\">Governo de Minas<\/a>&nbsp;apresentar\u00e1, at\u00e9 setembro, proposta de um novo regulamento do Imposto sobre Circula\u00e7\u00e3o de Mercadorias e Presta\u00e7\u00e3o de Servi\u00e7os (ICMS). A \u00faltima revis\u00e3o do ICMS mineiro foi feita em 2002, h\u00e1 20 anos. O texto trar\u00e1 um conjunto de normas revisadas e atualizadas para facilitar a compreens\u00e3o, reduzir ainda mais a burocracia, ampliar a transpar\u00eancia e refor\u00e7ar a seguran\u00e7a jur\u00eddica tribut\u00e1ria. Para se ter uma ideia, o atual regulamento do ICMS mineiro tem cerca de 500 mil palavras distribu\u00eddas em mil p\u00e1ginas. Excesso que, inevitavelmente, resulta em falta de padroniza\u00e7\u00e3o das normas, manuten\u00e7\u00e3o de regras inaplic\u00e1veis e aumento do contencioso tribut\u00e1rio.O an\u00fancio foi feito durante o encerramento do 1\u00b0 Congresso de Direito Empresarial, realizado pela Federa\u00e7\u00e3o das Ind\u00fastrias do Estado de Minas Gerais (Fiemg), em Belo Horizonte, que contou com a participa\u00e7\u00e3o do presidente do Supremo Tribunal Federal, o ministro Luiz Fux. Ele proferiu a palestra \u201cAn\u00e1lise Econ\u00f4mica, Livre Iniciativa e Seguran\u00e7a Jur\u00eddica\u201d.<br>Durante pronunciamento, Zema destacou a import\u00e2ncia de se debater a seguran\u00e7a jur\u00eddica e a simplifica\u00e7\u00e3o das leis para o desenvolvimento de uma na\u00e7\u00e3o. &nbsp;\u201cEm Minas, depois de 20 anos, terei a satisfa\u00e7\u00e3o de modernizar o regulamento do ICMS, que se tranformou numa grande colcha de retalhos, complexo e, para muitos, inoperante. O ICMS chegou nesse ponto. Por meio da&nbsp;<a href=\"http:\/\/www.fazenda.mg.gov.br\/\" target=\"_blank\" rel=\"noreferrer noopener\">Secretaria de Estado de Fazenda (SEF)<\/a>, escutaremos todos os interessados, que s\u00e3o os pagadores de impostos\u201d, afirmou.&nbsp; De acordo com o governador, o assunto afeta toda a popula\u00e7\u00e3o, seja o cidad\u00e3o ou o empreendedor, criando passivos inesperados e imprevis\u00edveis que impactam as opera\u00e7\u00f5es dos neg\u00f3cios. \u201cPrecisamos modernizar as leis. N\u00e3o \u00e9 f\u00e1cil, o sistema \u00e9 muito mais complexo do que imaginamos. Mas \u00e9 necess\u00e1rio avan\u00e7ar, discutir e debater. \u00c9 isso que estamos fazendo hoje\u201d, disse.<br><br><br><\/p>\n","protected":false},"excerpt":{"rendered":"<p>O governador Romeu Zema anunciou, que o&nbsp;Governo de Minas&nbsp;apresentar\u00e1, at\u00e9 setembro, proposta de um novo regulamento do Imposto sobre Circula\u00e7\u00e3o<\/p>\n","protected":false},"author":2,"featured_media":1096,"comment_status":"open","ping_status":"open","sticky":false,"template":"","format":"standard","meta":{"footnotes":""},"categories":[9,8],"tags":[],"class_list":["post-1094","post","type-post","status-publish","format-standard","has-post-thumbnail","hentry","category-araxa","category-cidades"],"_links":{"self":[{"href":"http:\/\/blogdoarmindomaia.com.br\/index.php?rest_route=\/wp\/v2\/posts\/1094","targetHints":{"allow":["GET"]}}],"collection":[{"href":"http:\/\/blogdoarmindomaia.com.br\/index.php?rest_route=\/wp\/v2\/posts"}],"about":[{"href":"http:\/\/blogdoarmindomaia.com.br\/index.php?rest_route=\/wp\/v2\/types\/post"}],"author":[{"embeddable":true,"href":"http:\/\/blogdoarmindomaia.com.br\/index.php?rest_route=\/wp\/v2\/users\/2"}],"replies":[{"embeddable":true,"href":"http:\/\/blogdoarmindomaia.com.br\/index.php?rest_route=%2Fwp%2Fv2%2Fcomments&post=1094"}],"version-history":[{"count":1,"href":"http:\/\/blogdoarmindomaia.com.br\/index.php?rest_route=\/wp\/v2\/posts\/1094\/revisions"}],"predecessor-version":[{"id":1097,"href":"http:\/\/blogdoarmindomaia.com.br\/index.php?rest_route=\/wp\/v2\/posts\/1094\/revisions\/1097"}],"wp:featuredmedia":[{"embeddable":true,"href":"http:\/\/blogdoarmindomaia.com.br\/index.php?rest_route=\/wp\/v2\/media\/1096"}],"wp:attachment":[{"href":"http:\/\/blogdoarmindomaia.com.br\/index.php?rest_route=%2Fwp%2Fv2%2Fmedia&parent=1094"}],"wp:term":[{"taxonomy":"category","embeddable":true,"href":"http:\/\/blogdoarmindomaia.com.br\/index.php?rest_route=%2Fwp%2Fv2%2Fcategories&post=1094"},{"taxonomy":"post_tag","embeddable":true,"href":"http:\/\/blogdoarmindomaia.com.br\/index.php?rest_route=%2Fwp%2Fv2%2Ftags&post=1094"}],"curies":[{"name":"wp","href":"https:\/\/api.w.org\/{rel}","templated":true}]}}