{"id":1123,"date":"2022-05-28T01:51:47","date_gmt":"2022-05-28T04:51:47","guid":{"rendered":"http:\/\/blogdoarmindomaia.com.br\/?p=1123"},"modified":"2022-05-28T01:51:49","modified_gmt":"2022-05-28T04:51:49","slug":"mosaic-apresenta-relatorio-social-2021-para-vereadores-de-araxa","status":"publish","type":"post","link":"http:\/\/blogdoarmindomaia.com.br\/?p=1123","title":{"rendered":"Mosaic apresenta Relat\u00f3rio Social 2021 para vereadores\u00a0de Arax\u00e1"},"content":{"rendered":"\n<figure class=\"wp-block-image size-large is-style-default\"><img loading=\"lazy\" decoding=\"async\" width=\"1024\" height=\"683\" src=\"http:\/\/blogdoarmindomaia.com.br\/wp-content\/uploads\/2022\/05\/mosaic-4-1024x683.jpg\" alt=\"\" class=\"wp-image-1127\" srcset=\"http:\/\/blogdoarmindomaia.com.br\/wp-content\/uploads\/2022\/05\/mosaic-4-1024x683.jpg 1024w, http:\/\/blogdoarmindomaia.com.br\/wp-content\/uploads\/2022\/05\/mosaic-4-300x200.jpg 300w, http:\/\/blogdoarmindomaia.com.br\/wp-content\/uploads\/2022\/05\/mosaic-4-768x512.jpg 768w, http:\/\/blogdoarmindomaia.com.br\/wp-content\/uploads\/2022\/05\/mosaic-4-1536x1024.jpg 1536w, http:\/\/blogdoarmindomaia.com.br\/wp-content\/uploads\/2022\/05\/mosaic-4.jpg 1920w\" sizes=\"auto, (max-width: 1024px) 100vw, 1024px\" \/><\/figure>\n\n\n\n<figure class=\"wp-block-image size-large is-style-default\"><img loading=\"lazy\" decoding=\"async\" width=\"1024\" height=\"683\" src=\"http:\/\/blogdoarmindomaia.com.br\/wp-content\/uploads\/2022\/05\/mosaic-3-1024x683.jpg\" alt=\"\" class=\"wp-image-1126\" srcset=\"http:\/\/blogdoarmindomaia.com.br\/wp-content\/uploads\/2022\/05\/mosaic-3-1024x683.jpg 1024w, http:\/\/blogdoarmindomaia.com.br\/wp-content\/uploads\/2022\/05\/mosaic-3-300x200.jpg 300w, http:\/\/blogdoarmindomaia.com.br\/wp-content\/uploads\/2022\/05\/mosaic-3-768x512.jpg 768w, http:\/\/blogdoarmindomaia.com.br\/wp-content\/uploads\/2022\/05\/mosaic-3-1536x1024.jpg 1536w, http:\/\/blogdoarmindomaia.com.br\/wp-content\/uploads\/2022\/05\/mosaic-3.jpg 1920w\" sizes=\"auto, (max-width: 1024px) 100vw, 1024px\" \/><\/figure>\n\n\n\n<figure class=\"wp-block-image size-large is-style-default\"><img loading=\"lazy\" decoding=\"async\" width=\"1024\" height=\"683\" src=\"http:\/\/blogdoarmindomaia.com.br\/wp-content\/uploads\/2022\/05\/mosaic-2-1024x683.jpg\" alt=\"\" class=\"wp-image-1125\" srcset=\"http:\/\/blogdoarmindomaia.com.br\/wp-content\/uploads\/2022\/05\/mosaic-2-1024x683.jpg 1024w, http:\/\/blogdoarmindomaia.com.br\/wp-content\/uploads\/2022\/05\/mosaic-2-300x200.jpg 300w, http:\/\/blogdoarmindomaia.com.br\/wp-content\/uploads\/2022\/05\/mosaic-2-768x512.jpg 768w, http:\/\/blogdoarmindomaia.com.br\/wp-content\/uploads\/2022\/05\/mosaic-2-1536x1024.jpg 1536w, http:\/\/blogdoarmindomaia.com.br\/wp-content\/uploads\/2022\/05\/mosaic-2.jpg 1920w\" sizes=\"auto, (max-width: 1024px) 100vw, 1024px\" \/><\/figure>\n\n\n\n<figure class=\"wp-block-image size-large is-style-default\"><img loading=\"lazy\" decoding=\"async\" width=\"1024\" height=\"683\" src=\"http:\/\/blogdoarmindomaia.com.br\/wp-content\/uploads\/2022\/05\/mosaic-1-1024x683.jpg\" alt=\"\" class=\"wp-image-1124\" srcset=\"http:\/\/blogdoarmindomaia.com.br\/wp-content\/uploads\/2022\/05\/mosaic-1-1024x683.jpg 1024w, http:\/\/blogdoarmindomaia.com.br\/wp-content\/uploads\/2022\/05\/mosaic-1-300x200.jpg 300w, http:\/\/blogdoarmindomaia.com.br\/wp-content\/uploads\/2022\/05\/mosaic-1-768x512.jpg 768w, http:\/\/blogdoarmindomaia.com.br\/wp-content\/uploads\/2022\/05\/mosaic-1-1536x1024.jpg 1536w, http:\/\/blogdoarmindomaia.com.br\/wp-content\/uploads\/2022\/05\/mosaic-1.jpg 1920w\" sizes=\"auto, (max-width: 1024px) 100vw, 1024px\" \/><\/figure>\n\n\n\n<p>Uma comitiva de vereadores esteve na Mosaic Fertilizantes na manh\u00e3 desta quinta-feira (26) para conhecer o trabalho da empresa, especialmente as a\u00e7\u00f5es sociais destinadas \u00e0 comunidade araxaense. Participaram da visita os vereadores Raphael Rios, Professora Leni, Maristela Dutra, Pastor Moacir, Evaldo do Ferrocarril, Dr. Zidane, Bosco Jr., Dirley da Escolinha e Wellington da Bit.<\/p>\n\n\n\n<p>Eles foram recebidos pelo gerente de Sa\u00fade e Seguran\u00e7a e Meio Ambiente, Fl\u00e1vio Faria; o Rela\u00e7\u00f5es Institucionais da Mosaic, Luiz Maur\u00edcio Pereira; o coordenador de Produ\u00e7\u00e3o, Iran Dias; e a analista Socioambiental, Laisa Oliveira.<\/p>\n\n\n\n<p>Inicialmente, a equipe t\u00e9cnica apresentou o Relat\u00f3rio Social da empresa, referente ao ano de 2021. De acordo com os n\u00fameros apresentados, a empresa gera atualmente cerca de 1,2 mil empregos diretos e indiretos em Arax\u00e1 e trabalha na extra\u00e7\u00e3o de fosfato para a produ\u00e7\u00e3o de fertilizantes fosfatados de diferentes concentra\u00e7\u00f5es e insumos para a ind\u00fastria de nutri\u00e7\u00e3o animal.<\/p>\n\n\n\n<p>Durante a apresenta\u00e7\u00e3o, os vereadores puderam conhecer melhor as a\u00e7\u00f5es desenvolvidas pela empresa, entre elas o Programa de Educa\u00e7\u00e3o Ambiental e Cidadania, as a\u00e7\u00f5es do Plano de Emerg\u00eancia com Barragens da Minera\u00e7\u00e3o, al\u00e9m das iniciativas promovidas em 2020 e 2021 para auxiliar funcion\u00e1rios e comunidade durante os per\u00edodos mais cr\u00edticos da Pandemia da Covid-19.<\/p>\n\n\n\n<p>Ap\u00f3s a explana\u00e7\u00e3o, os vereadores se deslocaram at\u00e9 o mirante da mina da Mosaic.<\/p>\n","protected":false},"excerpt":{"rendered":"<p>Uma comitiva de vereadores esteve na Mosaic Fertilizantes na manh\u00e3 desta quinta-feira (26) para conhecer o trabalho da empresa, especialmente<\/p>\n","protected":false},"author":2,"featured_media":1127,"comment_status":"open","ping_status":"open","sticky":false,"template":"","format":"standard","meta":{"footnotes":""},"categories":[9,11],"tags":[],"class_list":["post-1123","post","type-post","status-publish","format-standard","has-post-thumbnail","hentry","category-araxa","category-destaques"],"_links":{"self":[{"href":"http:\/\/blogdoarmindomaia.com.br\/index.php?rest_route=\/wp\/v2\/posts\/1123","targetHints":{"allow":["GET"]}}],"collection":[{"href":"http:\/\/blogdoarmindomaia.com.br\/index.php?rest_route=\/wp\/v2\/posts"}],"about":[{"href":"http:\/\/blogdoarmindomaia.com.br\/index.php?rest_route=\/wp\/v2\/types\/post"}],"author":[{"embeddable":true,"href":"http:\/\/blogdoarmindomaia.com.br\/index.php?rest_route=\/wp\/v2\/users\/2"}],"replies":[{"embeddable":true,"href":"http:\/\/blogdoarmindomaia.com.br\/index.php?rest_route=%2Fwp%2Fv2%2Fcomments&post=1123"}],"version-history":[{"count":1,"href":"http:\/\/blogdoarmindomaia.com.br\/index.php?rest_route=\/wp\/v2\/posts\/1123\/revisions"}],"predecessor-version":[{"id":1128,"href":"http:\/\/blogdoarmindomaia.com.br\/index.php?rest_route=\/wp\/v2\/posts\/1123\/revisions\/1128"}],"wp:featuredmedia":[{"embeddable":true,"href":"http:\/\/blogdoarmindomaia.com.br\/index.php?rest_route=\/wp\/v2\/media\/1127"}],"wp:attachment":[{"href":"http:\/\/blogdoarmindomaia.com.br\/index.php?rest_route=%2Fwp%2Fv2%2Fmedia&parent=1123"}],"wp:term":[{"taxonomy":"category","embeddable":true,"href":"http:\/\/blogdoarmindomaia.com.br\/index.php?rest_route=%2Fwp%2Fv2%2Fcategories&post=1123"},{"taxonomy":"post_tag","embeddable":true,"href":"http:\/\/blogdoarmindomaia.com.br\/index.php?rest_route=%2Fwp%2Fv2%2Ftags&post=1123"}],"curies":[{"name":"wp","href":"https:\/\/api.w.org\/{rel}","templated":true}]}}