{"id":1129,"date":"2022-05-28T01:58:23","date_gmt":"2022-05-28T04:58:23","guid":{"rendered":"http:\/\/blogdoarmindomaia.com.br\/?p=1129"},"modified":"2022-05-28T01:58:25","modified_gmt":"2022-05-28T04:58:25","slug":"populacao-dos-bairros-do-setor-leste-recebe-a-3a-edicao-do-programa-prefeitura-no-bairro-neste-sabado","status":"publish","type":"post","link":"http:\/\/blogdoarmindomaia.com.br\/?p=1129","title":{"rendered":"<strong>Popula\u00e7\u00e3o dos bairros do Setor Leste recebe a 3\u00aa Edi\u00e7\u00e3o do programa Prefeitura no Bairro neste s\u00e1bado<\/strong>"},"content":{"rendered":"\n<figure class=\"wp-block-image size-full is-style-default\"><img loading=\"lazy\" decoding=\"async\" width=\"634\" height=\"324\" src=\"http:\/\/blogdoarmindomaia.com.br\/wp-content\/uploads\/2022\/05\/XXXXXXXXXXXprefeitura-no-bairro.jpg\" alt=\"\" class=\"wp-image-1130\" srcset=\"http:\/\/blogdoarmindomaia.com.br\/wp-content\/uploads\/2022\/05\/XXXXXXXXXXXprefeitura-no-bairro.jpg 634w, http:\/\/blogdoarmindomaia.com.br\/wp-content\/uploads\/2022\/05\/XXXXXXXXXXXprefeitura-no-bairro-300x153.jpg 300w\" sizes=\"auto, (max-width: 634px) 100vw, 634px\" \/><\/figure>\n\n\n\n<p>Os moradores do Setor Leste de Arax\u00e1 v\u00e3o receber a 3\u00aa edi\u00e7\u00e3o do programa Prefeitura no Bairro, neste s\u00e1bado (28). O evento acontece na Pra\u00e7a C\u00e9lia Montandon (Pra\u00e7a das Mangueiras) durante toda a manh\u00e3. O local, que possui estrutura para realiza\u00e7\u00e3o de atividades f\u00edsicas e fechamento do entorno para oferecer mais conforto e seguran\u00e7a,&nbsp;conta com mais&nbsp;de 40 servi\u00e7os gratuitos \u00e0 popula\u00e7\u00e3o.<\/p>\n\n\n\n<p>Emiss\u00e3o da 1\u00aa via de identidade, vacina\u00e7\u00e3o contra a Covid e de rotina, acesso a programas sociais, orienta\u00e7\u00e3o para a abertura de empresas, atividades esportivas e muitos outros projetos desenvolvidos pela Prefeitura de Arax\u00e1. As a\u00e7\u00f5es disponibilizadas levam os projetos da Administra\u00e7\u00e3o Municipal mais pr\u00f3ximo ao cidad\u00e3o e torna mais eficiente as estrat\u00e9gias de atendimento da gest\u00e3o p\u00fablica.<\/p>\n\n\n\n<p>O programa oferta atendimentos nas \u00e1reas de A\u00e7\u00e3o Social, Sa\u00fade, Seguran\u00e7a, Cidadania, Infraestrutura, Direitos Humanos, Acolhimento \u00e0 Mulher, Educa\u00e7\u00e3o, Meio Ambiente, Trabalho e Emprego, Habita\u00e7\u00e3o, Cultura, Esporte, Lazer e Agricultura. O Gabinete do Prefeito e a Secretaria Municipal de Governo tamb\u00e9m estar\u00e3o \u00e0 disposi\u00e7\u00e3o para ouvir as demandas dos cidad\u00e3os. O programa prev\u00ea um evento peri\u00f3dico, uma vez por m\u00eas, e contemplar\u00e1 todas as regi\u00f5es do munic\u00edpio.<\/p>\n\n\n\n<p><strong>Campanha do Agasalho<\/strong><\/p>\n\n\n\n<p>O evento tamb\u00e9m conta com a Campanha do Agasalho \u201cAgasalh\u00f4metro\u201d, que consiste na contribui\u00e7\u00e3o da popula\u00e7\u00e3o para a doa\u00e7\u00e3o de agasalhos e cobertores. O objetivo \u00e9 arrecadar itens&nbsp;do vestu\u00e1rio de inverno para ajudar pessoas em situa\u00e7\u00e3o de vulnerabilidade social nos per\u00edodos de clima frio.<\/p>\n\n\n\n<p><br><strong>3\u00aa Edi\u00e7\u00e3o Prefeitura no Bairro<\/strong><\/p>\n\n\n\n<p>Dia: 28 de maio (s\u00e1bado)<br>Local: Pra\u00e7a C\u00e9lia Montandon (Pra\u00e7a das Mangueiras).<br>Hor\u00e1rio: 8h \u00e0s 12h<br><br>Principais servi\u00e7os que ser\u00e3o oferecidos \u00e0 popula\u00e7\u00e3o:<br><br><strong>GABINETE DO PREFEITO E SECRETARIA DE GOVERNO<\/strong><br>\u2022 Atendimento<br><br><strong>SA\u00daDE<\/strong><br>\u2022 Vacina\u00e7\u00e3o contra a Covid-19 &#8211; AstraZeneca e CoronaVac;<br>\u2022 Vacina\u00e7\u00e3o de rotina &#8211; Influenza, Triviral, Febre Amarela, Hepatite B, T\u00e9tano, HPV (meninas a partir de 9 anos e meninos a partir de 11 anos) , Meningoc\u00f3cica ACWY (meninas e meninos a partir de 11 anos);<br>\u2022 Orienta\u00e7\u00e3o Nutricional;<br>\u2022 Atualiza\u00e7\u00e3o do Cart\u00e3o do SUS;<br>\u2022 Orienta\u00e7\u00f5es sobre Sa\u00fade da Mulher;<br>\u2022 Aferi\u00e7\u00e3o de press\u00e3o arterial;<br>\u2022 Orienta\u00e7\u00e3o Postural.<br><br><strong>SOCIAL<\/strong><br>\u2022 Informa\u00e7\u00f5es e Cadastro de Programa M\u00e3os \u00e0 Obra;<br>\u2022 Cadastro do Programa Planta Popular (Habitacional);<br>\u2022 Atualiza\u00e7\u00e3o do Cadastro \u00danico;<br>\u2022 Cadastro do Programa Renda B\u00e1sica;<br>\u2022 Orienta\u00e7\u00e3o do ID Jovem;<br>\u2022 Atendimento e Acolhimento \u00e0 Mulher;<br>\u2022 Doa\u00e7\u00e3o de Mudas (Pequeno Jardineiro);<br>\u2022 Cadastro Acessuas e Confec\u00e7\u00e3o de Curr\u00edculos.<br><br><strong>PROCON<\/strong><br>\u2022 Atendimento ao p\u00fablico para reclama\u00e7\u00f5es relativas ao consumo, finan\u00e7as, telefonia e outras.<br><br><strong>SINE<\/strong><br>\u2022 Atendimento sobre vagas de emprego e cadastro de trabalhadores.<br><br><strong>DESENVOLVIMENTO ECON\u00d4MICO<\/strong><br>\u2022 Sala do Empreendedor: como abrir sua pr\u00f3pria empresa;<br>\u2022 Orienta\u00e7\u00e3o sobre o Projeto Arax\u00e1 Empreendedora;<br>\u2022 Inscri\u00e7\u00f5es para cursos de qualifica\u00e7\u00e3o e capacita\u00e7\u00e3o.<br><br><strong>TURISMO<\/strong><br>\u2022 Apresenta\u00e7\u00e3o do Plano Municipal do Turismo;<br>\u2022 Amostra dos Pontos Tur\u00edsticos da cidade;<br>\u2022 Amostra de Produtos.<br><br><strong>IPDSA &#8211; MEIO AMBIENTE<\/strong><br>\u2022 Recolhimento de eletroeletr\u00f4nicos (pilhas, baterias, celulares, etc);<br>\u2022 Requerimento de poda de \u00e1rvores em cal\u00e7ada;<br>\u2022 Coleta de material recicl\u00e1vel.<br><br><strong>EDUCA\u00c7\u00c3O<\/strong><br>\u2022 Orienta\u00e7\u00e3o para educa\u00e7\u00e3o dos filhos;<br>\u2022 Busca ativa de crian\u00e7as de 0 a 5 anos que est\u00e3o fora da escola;<br>\u2022 Busca Ativa de Jovens e Adultos que n\u00e3o completaram o ensino fundamental;<br>\u2022 Biblioteca M\u00f3vel e Conta\u00e7\u00e3o de Hist\u00f3rias.<br><br><strong>OBRAS<\/strong><br>\u2022 Apresenta\u00e7\u00e3o de Projetos das Obras da Prefeitura;<br>\u2022 Requerimento de Tapa-Buracos;<br>\u2022 Requerimento de Limpeza Urbana;<br>\u2022 Requerimento de Ilumina\u00e7\u00e3o P\u00fablica.<br><br><strong>AGRICULTURA E PECU\u00c1RIA<\/strong><br>\u2022 Cadastro de Produtores;<br>\u2022 Como obter o SIM (Selo de Inspe\u00e7\u00e3o Municipal);<br>\u2022 Inscri\u00e7\u00f5es de Programas.<br><br><strong>ESPORTE<\/strong><br>\u2022 Recrea\u00e7\u00e3o;<br>\u2022 Gin\u00e1stica para Terceira Idade;<br>\u2022 Dan\u00e7a (Zumba);<br>\u2022 Projeto Viva a Vida;<br>\u2022 Aula Funcional.<br><br><strong>FAZENDA<\/strong><br>\u2022 Rec\u00e1lculo de parcelas atrasadas de IPTU e D\u00edvida Ativa;<br>\u2022 Emiss\u00e3o de guias de IPTU;<br>\u2022 Isen\u00e7\u00e3o de IPTU para aposentados e pensionistas;<br>\u2022 Orienta\u00e7\u00f5es tribut\u00e1rias;<br>\u2022 Orienta\u00e7\u00f5es e preenchimentos de requerimentos de isen\u00e7\u00f5es e outros.<br><br><strong>SEGURAN\u00c7A P\u00daBLICA<\/strong><br>\u2022 Emiss\u00e3o de 1\u00aa via de Identidade;<br>\u2022 Emiss\u00e3o de Cart\u00e3o de Estacionamento para Idoso;<br>\u2022 Emiss\u00e3o de Estacionamento para Deficiente.<br><br><strong>CULTURA<\/strong><\/p>\n\n\n\n<p>\u2022 Cadastro de Artistas;<br>\u2022 Apresenta\u00e7\u00e3o Musical;<br>\u2022 Oficinas Culturais.<\/p>\n\n\n\n<p><br><strong>IPREMA<\/strong><br>\u2022 Orienta\u00e7\u00e3o Previdenci\u00e1ria (Regime Geral e Iprema).<br><br><strong>VIGIL\u00c2NCIA EM SA\u00daDE<\/strong><br>\u2022 Atendimentos Cerest;<br>\u2022 Exames CTA;<br>\u2022 Orienta\u00e7\u00e3o Dengue e Animal Pe\u00e7onhentos.<\/p>\n","protected":false},"excerpt":{"rendered":"<p>Os moradores do Setor Leste de Arax\u00e1 v\u00e3o receber a 3\u00aa edi\u00e7\u00e3o do programa Prefeitura no Bairro, neste s\u00e1bado (28).<\/p>\n","protected":false},"author":2,"featured_media":1130,"comment_status":"open","ping_status":"open","sticky":false,"template":"","format":"standard","meta":{"footnotes":""},"categories":[9,11],"tags":[],"class_list":["post-1129","post","type-post","status-publish","format-standard","has-post-thumbnail","hentry","category-araxa","category-destaques"],"_links":{"self":[{"href":"http:\/\/blogdoarmindomaia.com.br\/index.php?rest_route=\/wp\/v2\/posts\/1129","targetHints":{"allow":["GET"]}}],"collection":[{"href":"http:\/\/blogdoarmindomaia.com.br\/index.php?rest_route=\/wp\/v2\/posts"}],"about":[{"href":"http:\/\/blogdoarmindomaia.com.br\/index.php?rest_route=\/wp\/v2\/types\/post"}],"author":[{"embeddable":true,"href":"http:\/\/blogdoarmindomaia.com.br\/index.php?rest_route=\/wp\/v2\/users\/2"}],"replies":[{"embeddable":true,"href":"http:\/\/blogdoarmindomaia.com.br\/index.php?rest_route=%2Fwp%2Fv2%2Fcomments&post=1129"}],"version-history":[{"count":1,"href":"http:\/\/blogdoarmindomaia.com.br\/index.php?rest_route=\/wp\/v2\/posts\/1129\/revisions"}],"predecessor-version":[{"id":1131,"href":"http:\/\/blogdoarmindomaia.com.br\/index.php?rest_route=\/wp\/v2\/posts\/1129\/revisions\/1131"}],"wp:featuredmedia":[{"embeddable":true,"href":"http:\/\/blogdoarmindomaia.com.br\/index.php?rest_route=\/wp\/v2\/media\/1130"}],"wp:attachment":[{"href":"http:\/\/blogdoarmindomaia.com.br\/index.php?rest_route=%2Fwp%2Fv2%2Fmedia&parent=1129"}],"wp:term":[{"taxonomy":"category","embeddable":true,"href":"http:\/\/blogdoarmindomaia.com.br\/index.php?rest_route=%2Fwp%2Fv2%2Fcategories&post=1129"},{"taxonomy":"post_tag","embeddable":true,"href":"http:\/\/blogdoarmindomaia.com.br\/index.php?rest_route=%2Fwp%2Fv2%2Ftags&post=1129"}],"curies":[{"name":"wp","href":"https:\/\/api.w.org\/{rel}","templated":true}]}}