{"id":1132,"date":"2022-05-28T02:09:21","date_gmt":"2022-05-28T05:09:21","guid":{"rendered":"http:\/\/blogdoarmindomaia.com.br\/?p=1132"},"modified":"2022-05-28T02:09:23","modified_gmt":"2022-05-28T05:09:23","slug":"escola-municipal-alice-moura-fica-em-1o-lugar-no-proalfa-2022","status":"publish","type":"post","link":"http:\/\/blogdoarmindomaia.com.br\/?p=1132","title":{"rendered":"Escola Municipal Alice Moura fica em 1\u00ba lugar no Proalfa 2022"},"content":{"rendered":"\n<figure class=\"wp-block-image size-full is-style-default\"><img loading=\"lazy\" decoding=\"async\" width=\"1024\" height=\"683\" src=\"http:\/\/blogdoarmindomaia.com.br\/wp-content\/uploads\/2022\/05\/PROALFA.jpeg\" alt=\"\" class=\"wp-image-1133\" srcset=\"http:\/\/blogdoarmindomaia.com.br\/wp-content\/uploads\/2022\/05\/PROALFA.jpeg 1024w, http:\/\/blogdoarmindomaia.com.br\/wp-content\/uploads\/2022\/05\/PROALFA-300x200.jpeg 300w, http:\/\/blogdoarmindomaia.com.br\/wp-content\/uploads\/2022\/05\/PROALFA-768x512.jpeg 768w\" sizes=\"auto, (max-width: 1024px) 100vw, 1024px\" \/><\/figure>\n\n\n\n<p>A Escola Municipal Alice Moura conquistou o 1\u00ba lugar no Programa de Avalia\u00e7\u00e3o da Alfabetiza\u00e7\u00e3o (Proalfa) entre todas as institui\u00e7\u00f5es avaliadas em Arax\u00e1.<\/p>\n\n\n\n<p>O Proalfa \u00e9 aplicado pelo Governo de Minas e tem como principal objetivo verificar o n\u00edvel de alfabetiza\u00e7\u00e3o das crian\u00e7as matriculadas nas escolas p\u00fablicas do Estado. A avalia\u00e7\u00e3o faz parte do Sistema Mineiro de Avalia\u00e7\u00e3o e Equidade da Educa\u00e7\u00e3o P\u00fablica (Simave), que por meio de provas padronizadas de larga escala verifica os resultados do Proalfa e tamb\u00e9m do Programa de Avalia\u00e7\u00e3o da Rede P\u00fablica de Educa\u00e7\u00e3o B\u00e1sica (Proeb).<\/p>\n\n\n\n<p>O exame acontece anualmente e avalia todos os alunos do 2\u00ba e 5\u00ba anos dos anos iniciais, 9\u00ba ano dos anos finais e 3\u00ba ano do Ensino M\u00e9dio, nas disciplinas de L\u00edngua Portuguesa e Matem\u00e1tica. Em Arax\u00e1, somente quatro escolas rurais n\u00e3o participaram do processo devido ao n\u00famero de alunos estar abaixo de uma representa\u00e7\u00e3o em percentual.<\/p>\n\n\n\n<p>A coordenadora pedag\u00f3gica da Secretaria Municipal de Educa\u00e7\u00e3o, Fab\u00edola Melo, destaca que o resultado obtido pela Escola Alice Moura poder\u00e1 contribuir para a efetividade de diversas a\u00e7\u00f5es e motiva\u00e7\u00e3o da equipe. \u201cA Secretaria de Educa\u00e7\u00e3o parabeniza toda a equipe da escola pelo excelente resultado e reafirma a preocupa\u00e7\u00e3o em continuar garantindo o mesmo direito a todos os alunos da rede municipal, ou seja, uma aprendizagem significativa e real\u201d, afirma.<\/p>\n\n\n\n<p>A secret\u00e1ria Zulma Moreira reitera que o Proalfa permite verificar como est\u00e1 o andamento do ensino aplicado em Arax\u00e1. \u201cVimos que Minas Gerais obteve uma perda menor do que esper\u00e1vamos, entre 8% e 11%, comparada aos anos anteriores devido ao per\u00edodo de pandemia e aulas n\u00e3o presenciais. Ficamos imensamente felizes com a conclus\u00e3o da avalia\u00e7\u00e3o, que apresentou um resultado positivo nas escolas municipais e conseguimos um resultado de qualidade em rela\u00e7\u00e3o \u00e0 aprendizagem de nossos alunos\u201d, afirma.<\/p>\n\n\n\n<p>O prefeito Robson Magela parabeniza toda a comunidade escolar da Alice Moura e ressalta que a educa\u00e7\u00e3o \u00e9 um dos principais setores que tem recebido investimentos da atual gest\u00e3o. \u201cA prefeitura n\u00e3o est\u00e1 medindo esfor\u00e7os para que nossos alunos tenham estrutura moderna e profissionais diferenciados. S\u00e3o mobili\u00e1rios novos, tablets, laborat\u00f3rios de inform\u00e1tica e equipes altamente comprometidas com a qualidade do ensino. E a prova disso \u00e9 esse belo resultado conquistado pela Escola Alice Moura e tamb\u00e9m o bom desempenho obtido por outras escolas municipais\u201d, conclui.<\/p>\n","protected":false},"excerpt":{"rendered":"<p>A Escola Municipal Alice Moura conquistou o 1\u00ba lugar no Programa de Avalia\u00e7\u00e3o da Alfabetiza\u00e7\u00e3o (Proalfa) entre todas as institui\u00e7\u00f5es<\/p>\n","protected":false},"author":2,"featured_media":1133,"comment_status":"open","ping_status":"open","sticky":false,"template":"","format":"standard","meta":{"footnotes":""},"categories":[9,13],"tags":[],"class_list":["post-1132","post","type-post","status-publish","format-standard","has-post-thumbnail","hentry","category-araxa","category-educacao"],"_links":{"self":[{"href":"http:\/\/blogdoarmindomaia.com.br\/index.php?rest_route=\/wp\/v2\/posts\/1132","targetHints":{"allow":["GET"]}}],"collection":[{"href":"http:\/\/blogdoarmindomaia.com.br\/index.php?rest_route=\/wp\/v2\/posts"}],"about":[{"href":"http:\/\/blogdoarmindomaia.com.br\/index.php?rest_route=\/wp\/v2\/types\/post"}],"author":[{"embeddable":true,"href":"http:\/\/blogdoarmindomaia.com.br\/index.php?rest_route=\/wp\/v2\/users\/2"}],"replies":[{"embeddable":true,"href":"http:\/\/blogdoarmindomaia.com.br\/index.php?rest_route=%2Fwp%2Fv2%2Fcomments&post=1132"}],"version-history":[{"count":1,"href":"http:\/\/blogdoarmindomaia.com.br\/index.php?rest_route=\/wp\/v2\/posts\/1132\/revisions"}],"predecessor-version":[{"id":1134,"href":"http:\/\/blogdoarmindomaia.com.br\/index.php?rest_route=\/wp\/v2\/posts\/1132\/revisions\/1134"}],"wp:featuredmedia":[{"embeddable":true,"href":"http:\/\/blogdoarmindomaia.com.br\/index.php?rest_route=\/wp\/v2\/media\/1133"}],"wp:attachment":[{"href":"http:\/\/blogdoarmindomaia.com.br\/index.php?rest_route=%2Fwp%2Fv2%2Fmedia&parent=1132"}],"wp:term":[{"taxonomy":"category","embeddable":true,"href":"http:\/\/blogdoarmindomaia.com.br\/index.php?rest_route=%2Fwp%2Fv2%2Fcategories&post=1132"},{"taxonomy":"post_tag","embeddable":true,"href":"http:\/\/blogdoarmindomaia.com.br\/index.php?rest_route=%2Fwp%2Fv2%2Ftags&post=1132"}],"curies":[{"name":"wp","href":"https:\/\/api.w.org\/{rel}","templated":true}]}}