{"id":115,"date":"2022-03-30T08:57:24","date_gmt":"2022-03-30T11:57:24","guid":{"rendered":"http:\/\/blogdoarmindomaia.com.br\/?p=115"},"modified":"2022-03-30T13:04:40","modified_gmt":"2022-03-30T16:04:40","slug":"programa-prefeitura-no-bairro-em-araxa-reune-mais-de-1-000-pessoas-no-bom-jesus","status":"publish","type":"post","link":"http:\/\/blogdoarmindomaia.com.br\/?p=115","title":{"rendered":"Programa &#8220;Prefeitura no Bairro&#8221;, em Arax\u00e1, re\u00fane mais de 1.000 pessoas no Bom Jesus"},"content":{"rendered":"\n<figure class=\"wp-block-image size-full\"><img loading=\"lazy\" decoding=\"async\" width=\"398\" height=\"266\" src=\"http:\/\/blogdoarmindomaia.com.br\/wp-content\/uploads\/2022\/03\/prefeitura-no-bairro-4-robson-magela.jpg\" alt=\"\" class=\"wp-image-120\" srcset=\"http:\/\/blogdoarmindomaia.com.br\/wp-content\/uploads\/2022\/03\/prefeitura-no-bairro-4-robson-magela.jpg 398w, http:\/\/blogdoarmindomaia.com.br\/wp-content\/uploads\/2022\/03\/prefeitura-no-bairro-4-robson-magela-300x201.jpg 300w\" sizes=\"auto, (max-width: 398px) 100vw, 398px\" \/><\/figure>\n\n\n\n<p>Um evento para aproximar as pessoas da gest\u00e3o e a gest\u00e3o das pessoas. Com esse intuito, o programa Prefeitura no Bairro foi lan\u00e7ado no \u00faltimo s\u00e1bado (26) e recebeu mais de 1.000 pessoas durante toda manh\u00e3. O encontro aconteceu no N\u00facleo de Conviv\u00eancia do Bairro Bom Jesus e uniu a\u00e7\u00f5es de entretenimento, cultura, educa\u00e7\u00e3o, sa\u00fade e lazer.<\/p>\n\n\n\n<figure class=\"wp-block-image size-full\"><img loading=\"lazy\" decoding=\"async\" width=\"398\" height=\"266\" src=\"http:\/\/blogdoarmindomaia.com.br\/wp-content\/uploads\/2022\/03\/prefeitura-no-bairro-3.jpg\" alt=\"\" class=\"wp-image-119\" srcset=\"http:\/\/blogdoarmindomaia.com.br\/wp-content\/uploads\/2022\/03\/prefeitura-no-bairro-3.jpg 398w, http:\/\/blogdoarmindomaia.com.br\/wp-content\/uploads\/2022\/03\/prefeitura-no-bairro-3-300x201.jpg 300w\" sizes=\"auto, (max-width: 398px) 100vw, 398px\" \/><\/figure>\n\n\n\n<p>A popula\u00e7\u00e3o contou com mais de 40 atendimentos, reunindo toda a estrutura da Prefeitura de Arax\u00e1 entre secretarias e autarquias. Umas das a\u00e7\u00f5es oferecidas para os presentes destaque para o agendamento para emiss\u00e3o de Carteira de Identidade, orienta\u00e7\u00f5es para a abertura de empresas, cadastros a programas sociais do Munic\u00edpio, atendimentos sobre vagas de emprego e registro de trabalhadores e atividades esportivas e funcionais.<\/p>\n\n\n\n<figure class=\"wp-block-image size-full\"><img loading=\"lazy\" decoding=\"async\" width=\"398\" height=\"266\" src=\"http:\/\/blogdoarmindomaia.com.br\/wp-content\/uploads\/2022\/03\/prefeitura-no-bairro-8.jpg\" alt=\"\" class=\"wp-image-118\" srcset=\"http:\/\/blogdoarmindomaia.com.br\/wp-content\/uploads\/2022\/03\/prefeitura-no-bairro-8.jpg 398w, http:\/\/blogdoarmindomaia.com.br\/wp-content\/uploads\/2022\/03\/prefeitura-no-bairro-8-300x201.jpg 300w\" sizes=\"auto, (max-width: 398px) 100vw, 398px\" \/><\/figure>\n\n\n\n<p>Na ocasi\u00e3o, o prefeito Robson Magela ouviu de perto as demandas da popula\u00e7\u00e3o e ressaltou a import\u00e2ncia da participa\u00e7\u00e3o efetiva da comunidade em rela\u00e7\u00e3o \u00e0s melhorias da sua regi\u00e3o, com sugest\u00f5es e reivindica\u00e7\u00f5es. \u201cEsse projeto vem de encontro com a popula\u00e7\u00e3o, somente eles sabem e sentem na pele o que est\u00e3o vivendo e o que precisa ser melhorado. O Prefeitura no Bairro ir\u00e1 rodar todas as regi\u00f5es de Arax\u00e1 para ouvir a popula\u00e7\u00e3o e fazer uma gest\u00e3o compartilhada\u201d, ressaltou.<\/p>\n\n\n\n<figure class=\"wp-block-image size-full\"><img loading=\"lazy\" decoding=\"async\" width=\"398\" height=\"266\" src=\"http:\/\/blogdoarmindomaia.com.br\/wp-content\/uploads\/2022\/03\/prefeitura-no-bairro-2.jpg\" alt=\"\" class=\"wp-image-117\" srcset=\"http:\/\/blogdoarmindomaia.com.br\/wp-content\/uploads\/2022\/03\/prefeitura-no-bairro-2.jpg 398w, http:\/\/blogdoarmindomaia.com.br\/wp-content\/uploads\/2022\/03\/prefeitura-no-bairro-2-300x201.jpg 300w\" sizes=\"auto, (max-width: 398px) 100vw, 398px\" \/><\/figure>\n\n\n\n<p>A aposentada Tereza C\u00e1ssia de Jesus, que \u00e9 moradora do bairro Bom Jesus h\u00e1 40 anos, destacou que se sentiu acolhida pela Administra\u00e7\u00e3o Municipal e que n\u00e3o se lembra de ter participado de outro evento semelhante. \u201c\u00c9 importante para n\u00f3s ter essa abertura para poder falar sobre nossas necessidades com a prefeitura. Ficamos felizes demais\u201d, relatou.<\/p>\n\n\n\n<figure class=\"wp-block-image size-full\"><img loading=\"lazy\" decoding=\"async\" width=\"398\" height=\"266\" src=\"http:\/\/blogdoarmindomaia.com.br\/wp-content\/uploads\/2022\/03\/prefeitura-no-bairro-9.jpg\" alt=\"\" class=\"wp-image-116\" srcset=\"http:\/\/blogdoarmindomaia.com.br\/wp-content\/uploads\/2022\/03\/prefeitura-no-bairro-9.jpg 398w, http:\/\/blogdoarmindomaia.com.br\/wp-content\/uploads\/2022\/03\/prefeitura-no-bairro-9-300x201.jpg 300w\" sizes=\"auto, (max-width: 398px) 100vw, 398px\" \/><\/figure>\n","protected":false},"excerpt":{"rendered":"<p>Programa foi lan\u00e7ado no \u00faltimo s\u00e1bado (26)<\/p>\n","protected":false},"author":1,"featured_media":120,"comment_status":"open","ping_status":"open","sticky":false,"template":"","format":"standard","meta":{"footnotes":""},"categories":[11,25],"tags":[],"class_list":["post-115","post","type-post","status-publish","format-standard","has-post-thumbnail","hentry","category-destaques","category-politica"],"_links":{"self":[{"href":"http:\/\/blogdoarmindomaia.com.br\/index.php?rest_route=\/wp\/v2\/posts\/115","targetHints":{"allow":["GET"]}}],"collection":[{"href":"http:\/\/blogdoarmindomaia.com.br\/index.php?rest_route=\/wp\/v2\/posts"}],"about":[{"href":"http:\/\/blogdoarmindomaia.com.br\/index.php?rest_route=\/wp\/v2\/types\/post"}],"author":[{"embeddable":true,"href":"http:\/\/blogdoarmindomaia.com.br\/index.php?rest_route=\/wp\/v2\/users\/1"}],"replies":[{"embeddable":true,"href":"http:\/\/blogdoarmindomaia.com.br\/index.php?rest_route=%2Fwp%2Fv2%2Fcomments&post=115"}],"version-history":[{"count":2,"href":"http:\/\/blogdoarmindomaia.com.br\/index.php?rest_route=\/wp\/v2\/posts\/115\/revisions"}],"predecessor-version":[{"id":123,"href":"http:\/\/blogdoarmindomaia.com.br\/index.php?rest_route=\/wp\/v2\/posts\/115\/revisions\/123"}],"wp:featuredmedia":[{"embeddable":true,"href":"http:\/\/blogdoarmindomaia.com.br\/index.php?rest_route=\/wp\/v2\/media\/120"}],"wp:attachment":[{"href":"http:\/\/blogdoarmindomaia.com.br\/index.php?rest_route=%2Fwp%2Fv2%2Fmedia&parent=115"}],"wp:term":[{"taxonomy":"category","embeddable":true,"href":"http:\/\/blogdoarmindomaia.com.br\/index.php?rest_route=%2Fwp%2Fv2%2Fcategories&post=115"},{"taxonomy":"post_tag","embeddable":true,"href":"http:\/\/blogdoarmindomaia.com.br\/index.php?rest_route=%2Fwp%2Fv2%2Ftags&post=115"}],"curies":[{"name":"wp","href":"https:\/\/api.w.org\/{rel}","templated":true}]}}