{"id":1160,"date":"2022-05-30T17:03:16","date_gmt":"2022-05-30T20:03:16","guid":{"rendered":"http:\/\/blogdoarmindomaia.com.br\/?p=1160"},"modified":"2022-05-30T17:03:19","modified_gmt":"2022-05-30T20:03:19","slug":"programa-prefeitura-no-bairro-reune-mais-de-1-300-pessoas-na-praca-das-mangueiras%ef%bf%bc","status":"publish","type":"post","link":"http:\/\/blogdoarmindomaia.com.br\/?p=1160","title":{"rendered":"Programa Prefeitura no Bairro re\u00fane mais de 1.300 pessoas na Pra\u00e7a das Mangueiras\ufffc"},"content":{"rendered":"\n<figure class=\"wp-block-image size-full\"><img loading=\"lazy\" decoding=\"async\" width=\"1024\" height=\"683\" src=\"http:\/\/blogdoarmindomaia.com.br\/wp-content\/uploads\/2022\/05\/PREFEITURA-NO-BAIRRO-16.jpeg\" alt=\"\" class=\"wp-image-1161\" srcset=\"http:\/\/blogdoarmindomaia.com.br\/wp-content\/uploads\/2022\/05\/PREFEITURA-NO-BAIRRO-16.jpeg 1024w, http:\/\/blogdoarmindomaia.com.br\/wp-content\/uploads\/2022\/05\/PREFEITURA-NO-BAIRRO-16-300x200.jpeg 300w, http:\/\/blogdoarmindomaia.com.br\/wp-content\/uploads\/2022\/05\/PREFEITURA-NO-BAIRRO-16-768x512.jpeg 768w\" sizes=\"auto, (max-width: 1024px) 100vw, 1024px\" \/><\/figure>\n\n\n\n<p>A terceira edi\u00e7\u00e3o do programa Prefeitura no Bairro recebeu cerca de 1.300 pessoas durante a manh\u00e3 do \u00faltimo s\u00e1bado (28), na Pra\u00e7a das Mangueiras, no bairro Santo Ant\u00f4nio. A a\u00e7\u00e3o uniu atividades de sa\u00fade, cultura, educa\u00e7\u00e3o, entretenimento, meio ambiente, seguran\u00e7a e servi\u00e7os.<br><br>As bandas de fanfarra da Escola Municipal Aziz J. Chaer e da Escola Estadual Professor Professor Luiz Ant\u00f4nio Corr\u00eaa de Oliveira (Polivalente) deram as boas-vindas \u00e0 comunidade. Da parte cultural, o evento foi embalado pela apresenta\u00e7\u00e3o do grupo de seresta M\u00fasica na Janela, da Escola Municipal de M\u00fasica Maestro Elias Porf\u00edrio de Azevedo, e apresenta\u00e7\u00e3o de voz e viol\u00e3o dos professores da institui\u00e7\u00e3o.<br><br>A terceira edi\u00e7\u00e3o da Prefeitura no Bairro tamb\u00e9m contou com a Campanha \u201cAgasalh\u00f4metro\u201d, que arrecadou agasalhos e cobertores para serem distribu\u00eddos \u00e0s pessoas em situa\u00e7\u00e3o de vulnerabilidade social neste per\u00edodo de frio.<br><br>Ao todo, a terceira edi\u00e7\u00e3o do programa Prefeitura no Bairro ofereceu mais de 40 servi\u00e7os, atrav\u00e9s de atendimentos de todas as secretarias e autarquias da atual gest\u00e3o municipal. Entre as v\u00e1rias a\u00e7\u00f5es promovidas pela Prefeitura de Arax\u00e1,, tiveram destaque a emiss\u00e3o de Carteira de Identidade e Credenciais de estacionamento para idosos, oficina de turbante, conta\u00e7\u00e3o de hist\u00f3ria, o \u00f4nibus da Biblioteca Itinerante, orienta\u00e7\u00f5es sobre a dengue, tenda de ado\u00e7\u00e3o de c\u00e3es, doa\u00e7\u00e3o de mudas da Casa do Pequeno Jardineiro, cadastramento de curr\u00edculos atrav\u00e9s do Sine, pr\u00e9-matr\u00edcula para a Educa\u00e7\u00e3o para Jovens e Adultos (EJA), al\u00e9m da anota\u00e7\u00e3o de demandas por parte do gabinete do prefeito.<br><br>Tamb\u00e9m houve a\u00e7\u00f5es de promo\u00e7\u00e3o de sa\u00fade, como orienta\u00e7\u00f5es de sa\u00fade bucal e nutri\u00e7\u00e3o, testes r\u00e1pidos para IST&#8217;s (Infec\u00e7\u00f5es Sexualmente Transmiss\u00edveis), vacina\u00e7\u00e3o de atualiza\u00e7\u00e3o do cart\u00e3o de vacinas, e foram oferecidas massagens aos visitantes atrav\u00e9s de parceria com o Servi\u00e7o Nacional de Aprendizagem Comercial (Senac).<br><br>Moradora do bairro h\u00e1 mais de 40 anos, a secret\u00e1ria Edilamar \u00c9rica Ferreira disse que o evento foi uma oportunidade de estar mais pr\u00f3xima da prefeitura. \u201cEu moro aqui desde que nasci e nunca houve esse tipo de a\u00e7\u00e3o aqui no bairro. Foi muito bom, principalmente para quem n\u00e3o tem como ir at\u00e9 a prefeitura. \u00c9 uma oportunidade de levar as demandas diretamente ao prefeito\u201d, disse.<br><br>O prefeito Robson Magela destacou o momento como uma oportunidade de estar mais pr\u00f3ximo \u00e0 comunidade para ouvir sugest\u00f5es e reivindica\u00e7\u00f5es, al\u00e9m de fomentar o uso de espa\u00e7os p\u00fablicos como a pra\u00e7a do bairro. \u201cO Prefeitura no Bairro descentraliza a gest\u00e3o ao passo que aproxima mais as pessoas das tomadas de decis\u00f5es. \u00c9 uma troca riqu\u00edssima, pois oferecemos os servi\u00e7os e anotamos demandas que v\u00e3o contribuir para uma gest\u00e3o mais eficiente e condizente com a realidade das pessoas. Al\u00e9m disso, a gente tamb\u00e9m promove e fomenta o uso de espa\u00e7os p\u00fablicos, como a Pra\u00e7a das Mangueira&#8221;, refor\u00e7ou.<br><\/p>\n","protected":false},"excerpt":{"rendered":"<p>A terceira edi\u00e7\u00e3o do programa Prefeitura no Bairro recebeu cerca de 1.300 pessoas durante a manh\u00e3 do \u00faltimo s\u00e1bado (28),<\/p>\n","protected":false},"author":2,"featured_media":1161,"comment_status":"open","ping_status":"open","sticky":false,"template":"","format":"standard","meta":{"footnotes":""},"categories":[9,11],"tags":[],"class_list":["post-1160","post","type-post","status-publish","format-standard","has-post-thumbnail","hentry","category-araxa","category-destaques"],"_links":{"self":[{"href":"http:\/\/blogdoarmindomaia.com.br\/index.php?rest_route=\/wp\/v2\/posts\/1160","targetHints":{"allow":["GET"]}}],"collection":[{"href":"http:\/\/blogdoarmindomaia.com.br\/index.php?rest_route=\/wp\/v2\/posts"}],"about":[{"href":"http:\/\/blogdoarmindomaia.com.br\/index.php?rest_route=\/wp\/v2\/types\/post"}],"author":[{"embeddable":true,"href":"http:\/\/blogdoarmindomaia.com.br\/index.php?rest_route=\/wp\/v2\/users\/2"}],"replies":[{"embeddable":true,"href":"http:\/\/blogdoarmindomaia.com.br\/index.php?rest_route=%2Fwp%2Fv2%2Fcomments&post=1160"}],"version-history":[{"count":1,"href":"http:\/\/blogdoarmindomaia.com.br\/index.php?rest_route=\/wp\/v2\/posts\/1160\/revisions"}],"predecessor-version":[{"id":1162,"href":"http:\/\/blogdoarmindomaia.com.br\/index.php?rest_route=\/wp\/v2\/posts\/1160\/revisions\/1162"}],"wp:featuredmedia":[{"embeddable":true,"href":"http:\/\/blogdoarmindomaia.com.br\/index.php?rest_route=\/wp\/v2\/media\/1161"}],"wp:attachment":[{"href":"http:\/\/blogdoarmindomaia.com.br\/index.php?rest_route=%2Fwp%2Fv2%2Fmedia&parent=1160"}],"wp:term":[{"taxonomy":"category","embeddable":true,"href":"http:\/\/blogdoarmindomaia.com.br\/index.php?rest_route=%2Fwp%2Fv2%2Fcategories&post=1160"},{"taxonomy":"post_tag","embeddable":true,"href":"http:\/\/blogdoarmindomaia.com.br\/index.php?rest_route=%2Fwp%2Fv2%2Ftags&post=1160"}],"curies":[{"name":"wp","href":"https:\/\/api.w.org\/{rel}","templated":true}]}}