{"id":1170,"date":"2022-05-31T15:49:41","date_gmt":"2022-05-31T18:49:41","guid":{"rendered":"http:\/\/blogdoarmindomaia.com.br\/?p=1170"},"modified":"2022-05-31T15:49:44","modified_gmt":"2022-05-31T18:49:44","slug":"academia-araxaense-de-letras-lanca-antologia-com-a-participacao-de-seus-27-membros","status":"publish","type":"post","link":"http:\/\/blogdoarmindomaia.com.br\/?p=1170","title":{"rendered":"<strong>Academia Araxaense de Letras lan\u00e7a antologia com a participa\u00e7\u00e3o de seus 27 membros<\/strong>"},"content":{"rendered":"\n<figure class=\"wp-block-image size-large\"><img loading=\"lazy\" decoding=\"async\" width=\"1024\" height=\"683\" src=\"http:\/\/blogdoarmindomaia.com.br\/wp-content\/uploads\/2022\/05\/AAL-lanca-antologia-com-a-participacao-de-seus-27-membros-pag-06-1024x683.jpg\" alt=\"\" class=\"wp-image-1171\" srcset=\"http:\/\/blogdoarmindomaia.com.br\/wp-content\/uploads\/2022\/05\/AAL-lanca-antologia-com-a-participacao-de-seus-27-membros-pag-06-1024x683.jpg 1024w, http:\/\/blogdoarmindomaia.com.br\/wp-content\/uploads\/2022\/05\/AAL-lanca-antologia-com-a-participacao-de-seus-27-membros-pag-06-300x200.jpg 300w, http:\/\/blogdoarmindomaia.com.br\/wp-content\/uploads\/2022\/05\/AAL-lanca-antologia-com-a-participacao-de-seus-27-membros-pag-06-768x512.jpg 768w, http:\/\/blogdoarmindomaia.com.br\/wp-content\/uploads\/2022\/05\/AAL-lanca-antologia-com-a-participacao-de-seus-27-membros-pag-06.jpg 1200w\" sizes=\"auto, (max-width: 1024px) 100vw, 1024px\" \/><\/figure>\n\n\n\n<p><em>Obra come\u00e7ou a ser distribu\u00edda nesta semana<\/em><\/p>\n\n\n\n<p>A Academia Araxaense de Letras come\u00e7ou nesta semana a distribui\u00e7\u00e3o de sua terceira antologia. A obra, oficialmente lan\u00e7ada durante o Fliarax\u00e1, foi publicada com recursos da Lei Aldir Blanc do Governo Federal, atrav\u00e9s da Secretaria Estadual de Cultura do Governo de Minas e re\u00fane textos de todos os imortais que hoje comp\u00f5em a entidade. &#8220;Organizar e preparar esta antologia foi de um enorme aprendizado; foi uma imers\u00e3o na bagagem, no talento individual, na diversidade e na for\u00e7a do conjunto t\u00e3o heterog\u00eaneo, mas falando a mesma l\u00edngua: a l\u00edngua da literatura, da cultura e do aprimoramento social&#8221;, diz o presidente da Academia Araxaense de Letras, Luiz Humberto Fran\u00e7a.<\/p>\n\n\n\n<p>A obra chegar\u00e1 \u00e0 popula\u00e7\u00e3o por meio de escolas, funda\u00e7\u00f5es, bibliotecas, universidades, entidades e de outras academias. Para o presidente da Academia Mineira de Letras, Rog\u00e9rio Faria Tavares, o conjunto de textos \u00e9 rico e reflete nossos tempos.&nbsp; &#8220;O volume que se oferece, agora, \u00e0 frui\u00e7\u00e3o dos leitores, re\u00fane preciosos textos dos distintos membros da Academia, formando um conjunto de vis\u00f5es de mundo e de op\u00e7\u00f5es est\u00e9ticas que merece ser conhecido. As contribui\u00e7\u00f5es dos vinte e sete autores v\u00eam precedidas de esclarecedoras notas biogr\u00e1ficas, que permitem a apreens\u00e3o dos ricos percursos intelectuais por eles trilhados e um contato mais bem informado com a sua produ\u00e7\u00e3o liter\u00e1ria, em boa hora divulgada pela confraria a que pertencem&#8221;, ressalta.<\/p>\n\n\n\n<p>A Terceira Antologia da Academia Araxaense de Letras tem distribui\u00e7\u00e3o gratuita. A tiragem contempla mil exemplares.<\/p>\n\n\n\n<p><strong>&nbsp;Fotos: Rodrigo Diniz &#8211; Fliarax\u00e1<\/strong><\/p>\n","protected":false},"excerpt":{"rendered":"<p>Obra come\u00e7ou a ser distribu\u00edda nesta semana A Academia Araxaense de Letras come\u00e7ou nesta semana a distribui\u00e7\u00e3o de sua terceira<\/p>\n","protected":false},"author":2,"featured_media":1171,"comment_status":"open","ping_status":"open","sticky":false,"template":"","format":"standard","meta":{"footnotes":""},"categories":[9,5],"tags":[],"class_list":["post-1170","post","type-post","status-publish","format-standard","has-post-thumbnail","hentry","category-araxa","category-arte-e-cultura"],"_links":{"self":[{"href":"http:\/\/blogdoarmindomaia.com.br\/index.php?rest_route=\/wp\/v2\/posts\/1170","targetHints":{"allow":["GET"]}}],"collection":[{"href":"http:\/\/blogdoarmindomaia.com.br\/index.php?rest_route=\/wp\/v2\/posts"}],"about":[{"href":"http:\/\/blogdoarmindomaia.com.br\/index.php?rest_route=\/wp\/v2\/types\/post"}],"author":[{"embeddable":true,"href":"http:\/\/blogdoarmindomaia.com.br\/index.php?rest_route=\/wp\/v2\/users\/2"}],"replies":[{"embeddable":true,"href":"http:\/\/blogdoarmindomaia.com.br\/index.php?rest_route=%2Fwp%2Fv2%2Fcomments&post=1170"}],"version-history":[{"count":1,"href":"http:\/\/blogdoarmindomaia.com.br\/index.php?rest_route=\/wp\/v2\/posts\/1170\/revisions"}],"predecessor-version":[{"id":1172,"href":"http:\/\/blogdoarmindomaia.com.br\/index.php?rest_route=\/wp\/v2\/posts\/1170\/revisions\/1172"}],"wp:featuredmedia":[{"embeddable":true,"href":"http:\/\/blogdoarmindomaia.com.br\/index.php?rest_route=\/wp\/v2\/media\/1171"}],"wp:attachment":[{"href":"http:\/\/blogdoarmindomaia.com.br\/index.php?rest_route=%2Fwp%2Fv2%2Fmedia&parent=1170"}],"wp:term":[{"taxonomy":"category","embeddable":true,"href":"http:\/\/blogdoarmindomaia.com.br\/index.php?rest_route=%2Fwp%2Fv2%2Fcategories&post=1170"},{"taxonomy":"post_tag","embeddable":true,"href":"http:\/\/blogdoarmindomaia.com.br\/index.php?rest_route=%2Fwp%2Fv2%2Ftags&post=1170"}],"curies":[{"name":"wp","href":"https:\/\/api.w.org\/{rel}","templated":true}]}}