{"id":1173,"date":"2022-05-31T16:08:40","date_gmt":"2022-05-31T19:08:40","guid":{"rendered":"http:\/\/blogdoarmindomaia.com.br\/?p=1173"},"modified":"2022-05-31T16:08:43","modified_gmt":"2022-05-31T19:08:43","slug":"festival-florir-o-cerrado-realizado-pela-cbmm-celebra-o-dia-mundial-do-meio-ambiente-em-araxa","status":"publish","type":"post","link":"http:\/\/blogdoarmindomaia.com.br\/?p=1173","title":{"rendered":"Festival FloRIR o Cerrado, realizado pela CBMM, celebra o Dia Mundial do Meio Ambiente em Arax\u00e1"},"content":{"rendered":"\n<figure class=\"wp-block-image size-large\"><img loading=\"lazy\" decoding=\"async\" width=\"1024\" height=\"684\" src=\"http:\/\/blogdoarmindomaia.com.br\/wp-content\/uploads\/2022\/05\/Orquestra_Credito_Iris_Zanetti_002-1024x684.jpg\" alt=\"\" class=\"wp-image-1174\" srcset=\"http:\/\/blogdoarmindomaia.com.br\/wp-content\/uploads\/2022\/05\/Orquestra_Credito_Iris_Zanetti_002-1024x684.jpg 1024w, http:\/\/blogdoarmindomaia.com.br\/wp-content\/uploads\/2022\/05\/Orquestra_Credito_Iris_Zanetti_002-300x200.jpg 300w, http:\/\/blogdoarmindomaia.com.br\/wp-content\/uploads\/2022\/05\/Orquestra_Credito_Iris_Zanetti_002-768x513.jpg 768w, http:\/\/blogdoarmindomaia.com.br\/wp-content\/uploads\/2022\/05\/Orquestra_Credito_Iris_Zanetti_002-1536x1025.jpg 1536w, http:\/\/blogdoarmindomaia.com.br\/wp-content\/uploads\/2022\/05\/Orquestra_Credito_Iris_Zanetti_002-2048x1367.jpg 2048w\" sizes=\"auto, (max-width: 1024px) 100vw, 1024px\" \/><\/figure>\n\n\n\n<p><em>O evento contar\u00e1 com diversas atra\u00e7\u00f5es gratuitas para todas as idades, incluindo o concerto \u201cO Tom da Takai\u201d, com apresenta\u00e7\u00e3o da cantora Fernanda Takai e Orquestra Ouro Preto<\/em><\/p>\n\n\n\n<p>A CBMM escolheu o Dia Mundial do Meio Ambiente para presentear a comunidade de Arax\u00e1 com acesso \u00e0 cultura, atividades educativas, divers\u00e3o e entretenimento. O Festival FloRIR o Cerrado acontece no dia 5 de junho, das 9h \u00e0s 18h30, no Parque do Cristo, cart\u00e3o postal do munic\u00edpio localizado na zona norte. Com apoio da Prefeitura de Arax\u00e1, o evento contar\u00e1 com atra\u00e7\u00f5es para toda a fam\u00edlia e entrada gratuita. A iniciativa, que conecta diversos projetos em uma grande plataforma, tamb\u00e9m \u00e9 um convite \u00e0 popula\u00e7\u00e3o araxaense para aderir ao movimento de cuidado e preserva\u00e7\u00e3o do Cerrado, bioma que cobre o Tri\u00e2ngulo Mineiro e cerca de 22% do territ\u00f3rio nacional.&nbsp;<\/p>\n\n\n\n<p>A primeira edi\u00e7\u00e3o do Festival FloRIR o Cerrado ter\u00e1 a condu\u00e7\u00e3o da apresentadora R\u00fabia Mesquita, educadora, apresentadora do programa infantil TVX durante 11 anos, e, agora, Youtuber com canal pr\u00f3prio na plataforma. A programa\u00e7\u00e3o, voltada para toda a fam\u00edlia, ser\u00e1 diversificada e ter\u00e1 entre as atra\u00e7\u00f5es: oficinas, apresenta\u00e7\u00f5es art\u00edsticas e teatrais, atividades de entretenimento, atividades do Programa de Educa\u00e7\u00e3o Ambiental \u201cCientistas do Cerrado\u201d, presen\u00e7a da Biblioteca Itinerante e apresenta\u00e7\u00f5es musicais.&nbsp; &nbsp;<\/p>\n\n\n\n<p>Fernanda Cursino, da \u00e1rea de comunica\u00e7\u00e3o e marketing da CBMM, explica os objetivos do evento e refor\u00e7a o compromisso da Companhia com a comunidade local. \u201cQueremos que o Festival FloRIR o Cerrado seja um novo marco cultural da cidade e que entre para o calend\u00e1rio oficial de Arax\u00e1. Um evento aberto ao p\u00fablico, e que tem, al\u00e9m das atra\u00e7\u00f5es culturais e art\u00edsticas, car\u00e1ter educativo e um chamado muito importante: o de preserva\u00e7\u00e3o da biodiversidade do Cerrado mineiro.\u201d<\/p>\n\n\n\n<p><strong>Kika no Cerrado<\/strong><\/p>\n\n\n\n<p>O evento tamb\u00e9m ser\u00e1 palco para apresentar para a comunidade a turma \u201cKika no Cerrado\u201d, novos mascotes da CBMM que fazem um resgate da mem\u00f3ria afetiva local sobre um personagem famoso nas gera\u00e7\u00f5es dos anos 80 e 90 e que foi protagonista do Programa de Educa\u00e7\u00e3o Ambiental na cidade, o Lobo Kiko.Os novos personagens s\u00e3o a Loba Kika, representada como neta do Lobo Kiko, a Anta Eva e o Tamandu\u00e1 Manduca, mensageiros de a\u00e7\u00f5es de educa\u00e7\u00e3o ambiental e culturais da Companhia.<\/p>\n\n\n\n<p><strong>Fernanda Takai e Orquestra Ouro Preto juntos no palco do festival<\/strong> &nbsp;<strong><\/strong><\/p>\n\n\n\n<p>O encerramento do festival ficar\u00e1 a cargo da cantora mineira Fernanda Takai, vocalista da Banda Pato Fu, e da Orquestra Ouro Preto, com apresenta\u00e7\u00e3o do concerto <em>\u201cO Tom da Takai\u201d, <\/em>um tributo a Tom Jobim. O espet\u00e1culo, sucesso de p\u00fablico e cr\u00edtica, fez sua estreia em 2019, em turn\u00ea por quatro cidades mineiras e voltou a ser apresentado de forma virtual durante o per\u00edodo da pandemia. Agora, neste retorno aos palcos, chega a Arax\u00e1 para presentear o p\u00fablico com o report\u00f3rio de um dos principais expoentes da m\u00fasica brasileira.<\/p>\n\n\n\n<p>O concerto, sob a reg\u00eancia do maestro Rodrigo Toffolo e arranjos do compositor Arthur de Faria, reviver\u00e1 cl\u00e1ssicos que fazem parte da mem\u00f3ria da m\u00fasica popular brasileira, como \u201cChega de Saudade\u201d, \u201cInsensatez\u201d e \u201cCorcovado\u201d, redescobrindo p\u00e9rolas menos conhecidas do grande p\u00fablico, como \u201cAula de Matem\u00e1tica\u201d e \u201cAh, Quem me Dera\u201d, e louvando encontros musicais de Tom Jobim com outros \u00edcones do Brasil, como Vinicius de Moraes e Dolores Duran, e do mundo, como Frank Sinatra.<\/p>\n\n\n\n<p>\u201cA m\u00fasica de Tom Jobim \u00e9 parte essencial de nossa cultura. Por isso, preparamos um grande espet\u00e1culo, \u00e0 altura da import\u00e2ncia e do legado de nosso maestro soberano, com o toque m\u00e1gico e \u00edmpar da voz da Takai\u201d, comenta Toffolo.<\/p>\n\n\n\n<p>As palavras do regente ecoam na fala da cantora mineira, que promete uma apresenta\u00e7\u00e3o em que a m\u00fasica de qualidade \u00e9 garantida. \u201cDe beleza l\u00edrica por conta das lindas letras e musicalmente forte pela apresenta\u00e7\u00e3o da orquestra, que sempre impacta positivamente a vida das pessoas\u201d, sublinha Takai.<\/p>\n\n\n\n<p><strong>Servi\u00e7o:<\/strong><\/p>\n\n\n\n<p><strong>Festival FloRIR o Cerrado<\/strong><\/p>\n\n\n\n<p><strong>Data:<\/strong> 05 de junho<\/p>\n\n\n\n<p><strong>Hor\u00e1rio:<\/strong> das 9h \u00e0s 18h30<\/p>\n\n\n\n<p><strong>Local:<\/strong> Parque do Cristo &#8211; R. Washington Barcelos, 225 &#8211; Santa Rita, Arax\u00e1 \u2013 MG<\/p>\n\n\n\n<p>Entrada gratuita<\/p>\n","protected":false},"excerpt":{"rendered":"<p>O evento contar\u00e1 com diversas atra\u00e7\u00f5es gratuitas para todas as idades, incluindo o concerto \u201cO Tom da Takai\u201d, com apresenta\u00e7\u00e3o<\/p>\n","protected":false},"author":2,"featured_media":1174,"comment_status":"open","ping_status":"open","sticky":false,"template":"","format":"standard","meta":{"footnotes":""},"categories":[9,5],"tags":[],"class_list":["post-1173","post","type-post","status-publish","format-standard","has-post-thumbnail","hentry","category-araxa","category-arte-e-cultura"],"_links":{"self":[{"href":"http:\/\/blogdoarmindomaia.com.br\/index.php?rest_route=\/wp\/v2\/posts\/1173","targetHints":{"allow":["GET"]}}],"collection":[{"href":"http:\/\/blogdoarmindomaia.com.br\/index.php?rest_route=\/wp\/v2\/posts"}],"about":[{"href":"http:\/\/blogdoarmindomaia.com.br\/index.php?rest_route=\/wp\/v2\/types\/post"}],"author":[{"embeddable":true,"href":"http:\/\/blogdoarmindomaia.com.br\/index.php?rest_route=\/wp\/v2\/users\/2"}],"replies":[{"embeddable":true,"href":"http:\/\/blogdoarmindomaia.com.br\/index.php?rest_route=%2Fwp%2Fv2%2Fcomments&post=1173"}],"version-history":[{"count":1,"href":"http:\/\/blogdoarmindomaia.com.br\/index.php?rest_route=\/wp\/v2\/posts\/1173\/revisions"}],"predecessor-version":[{"id":1175,"href":"http:\/\/blogdoarmindomaia.com.br\/index.php?rest_route=\/wp\/v2\/posts\/1173\/revisions\/1175"}],"wp:featuredmedia":[{"embeddable":true,"href":"http:\/\/blogdoarmindomaia.com.br\/index.php?rest_route=\/wp\/v2\/media\/1174"}],"wp:attachment":[{"href":"http:\/\/blogdoarmindomaia.com.br\/index.php?rest_route=%2Fwp%2Fv2%2Fmedia&parent=1173"}],"wp:term":[{"taxonomy":"category","embeddable":true,"href":"http:\/\/blogdoarmindomaia.com.br\/index.php?rest_route=%2Fwp%2Fv2%2Fcategories&post=1173"},{"taxonomy":"post_tag","embeddable":true,"href":"http:\/\/blogdoarmindomaia.com.br\/index.php?rest_route=%2Fwp%2Fv2%2Ftags&post=1173"}],"curies":[{"name":"wp","href":"https:\/\/api.w.org\/{rel}","templated":true}]}}