{"id":1178,"date":"2022-05-31T16:47:18","date_gmt":"2022-05-31T19:47:18","guid":{"rendered":"http:\/\/blogdoarmindomaia.com.br\/?p=1178"},"modified":"2022-05-31T16:47:20","modified_gmt":"2022-05-31T19:47:20","slug":"uab-em-araxa-oferta-cursos-de-pos-graduacao-na-area-de-educacao","status":"publish","type":"post","link":"http:\/\/blogdoarmindomaia.com.br\/?p=1178","title":{"rendered":"UAB em Arax\u00e1 oferta cursos de p\u00f3s-gradua\u00e7\u00e3o na \u00e1rea de Educa\u00e7\u00e3o"},"content":{"rendered":"\n<figure class=\"wp-block-image size-large\"><img loading=\"lazy\" decoding=\"async\" width=\"1024\" height=\"1024\" src=\"http:\/\/blogdoarmindomaia.com.br\/wp-content\/uploads\/2022\/05\/Pos-Graduacao-1-1024x1024.jpeg\" alt=\"\" class=\"wp-image-1179\" srcset=\"http:\/\/blogdoarmindomaia.com.br\/wp-content\/uploads\/2022\/05\/Pos-Graduacao-1-1024x1024.jpeg 1024w, http:\/\/blogdoarmindomaia.com.br\/wp-content\/uploads\/2022\/05\/Pos-Graduacao-1-300x300.jpeg 300w, http:\/\/blogdoarmindomaia.com.br\/wp-content\/uploads\/2022\/05\/Pos-Graduacao-1-150x150.jpeg 150w, http:\/\/blogdoarmindomaia.com.br\/wp-content\/uploads\/2022\/05\/Pos-Graduacao-1-768x768.jpeg 768w, http:\/\/blogdoarmindomaia.com.br\/wp-content\/uploads\/2022\/05\/Pos-Graduacao-1.jpeg 1280w\" sizes=\"auto, (max-width: 1024px) 100vw, 1024px\" \/><\/figure>\n\n\n\n<p>Est\u00e3o abertas at\u00e9 o dia 6 de junho as inscri\u00e7\u00f5es para cursos de p\u00f3s-gradua\u00e7\u00e3o gratuitos em Educa\u00e7\u00e3o Inclusiva e Doc\u00eancia em Educa\u00e7\u00e3o Profissional e Tecnol\u00f3gica ofertados pelo Instituto Federal Sul de Minas Gerais (IFSULDEMINAS), na modalidade Ensino a Dist\u00e2ncia (EAD). A iniciativa \u00e9 uma parceria da Secretaria Municipal de Educa\u00e7\u00e3o com o Polo da Universidade Aberta do Brasil (UAB) em Arax\u00e1.<br><br>S\u00e3o 40 vagas para o curso de Doc\u00eancia em Educa\u00e7\u00e3o Profissional e Tecnol\u00f3gica e 32 vagas para Educa\u00e7\u00e3o Inclusiva. As inscri\u00e7\u00f5es s\u00e3o gratuitas e devem ser feitas por meio do site (&nbsp;<a href=\"http:\/\/inscricaovestibular.ifsuldeminas.edu.br\/\" target=\"_blank\" rel=\"noreferrer noopener\">http:\/\/inscricaovestibular.ifsuldeminas.edu.br<\/a>&nbsp;). Os candidatos devem ter o ensino superior completo e o edital est\u00e1 dispon\u00edvel atrav\u00e9s do link: (&nbsp;<a href=\"https:\/\/bit.ly\/3lTXBHp\" target=\"_blank\" rel=\"noreferrer noopener\">https:\/\/bit.ly\/3lTXBHp<\/a>&nbsp;).<br><br>Para mais informa\u00e7\u00f5es, os interessados devem entrar em contato pelos e-mails:&nbsp;<a href=\"mailto:uabpoloaraxa@araxaeduca.mg.gov.br\" target=\"_blank\" rel=\"noreferrer noopener\">uabpoloaraxa@araxaeduca.mg.gov.br<\/a>&nbsp;ou pelos telefones (34) 3691-7043, (34) 98858-3936 e (34) 98836-2441 (WhatsApp).<br><\/p>\n","protected":false},"excerpt":{"rendered":"<p>Est\u00e3o abertas at\u00e9 o dia 6 de junho as inscri\u00e7\u00f5es para cursos de p\u00f3s-gradua\u00e7\u00e3o gratuitos em Educa\u00e7\u00e3o Inclusiva e Doc\u00eancia<\/p>\n","protected":false},"author":2,"featured_media":1179,"comment_status":"open","ping_status":"open","sticky":false,"template":"","format":"standard","meta":{"footnotes":""},"categories":[9,13],"tags":[],"class_list":["post-1178","post","type-post","status-publish","format-standard","has-post-thumbnail","hentry","category-araxa","category-educacao"],"_links":{"self":[{"href":"http:\/\/blogdoarmindomaia.com.br\/index.php?rest_route=\/wp\/v2\/posts\/1178","targetHints":{"allow":["GET"]}}],"collection":[{"href":"http:\/\/blogdoarmindomaia.com.br\/index.php?rest_route=\/wp\/v2\/posts"}],"about":[{"href":"http:\/\/blogdoarmindomaia.com.br\/index.php?rest_route=\/wp\/v2\/types\/post"}],"author":[{"embeddable":true,"href":"http:\/\/blogdoarmindomaia.com.br\/index.php?rest_route=\/wp\/v2\/users\/2"}],"replies":[{"embeddable":true,"href":"http:\/\/blogdoarmindomaia.com.br\/index.php?rest_route=%2Fwp%2Fv2%2Fcomments&post=1178"}],"version-history":[{"count":1,"href":"http:\/\/blogdoarmindomaia.com.br\/index.php?rest_route=\/wp\/v2\/posts\/1178\/revisions"}],"predecessor-version":[{"id":1180,"href":"http:\/\/blogdoarmindomaia.com.br\/index.php?rest_route=\/wp\/v2\/posts\/1178\/revisions\/1180"}],"wp:featuredmedia":[{"embeddable":true,"href":"http:\/\/blogdoarmindomaia.com.br\/index.php?rest_route=\/wp\/v2\/media\/1179"}],"wp:attachment":[{"href":"http:\/\/blogdoarmindomaia.com.br\/index.php?rest_route=%2Fwp%2Fv2%2Fmedia&parent=1178"}],"wp:term":[{"taxonomy":"category","embeddable":true,"href":"http:\/\/blogdoarmindomaia.com.br\/index.php?rest_route=%2Fwp%2Fv2%2Fcategories&post=1178"},{"taxonomy":"post_tag","embeddable":true,"href":"http:\/\/blogdoarmindomaia.com.br\/index.php?rest_route=%2Fwp%2Fv2%2Ftags&post=1178"}],"curies":[{"name":"wp","href":"https:\/\/api.w.org\/{rel}","templated":true}]}}