{"id":1181,"date":"2022-05-31T20:28:35","date_gmt":"2022-05-31T23:28:35","guid":{"rendered":"http:\/\/blogdoarmindomaia.com.br\/?p=1181"},"modified":"2022-05-31T20:28:36","modified_gmt":"2022-05-31T23:28:36","slug":"feirao-do-emprego-atrai-300-pessoas-e-nova-edicao-ja-esta-sendo-planejada%ef%bf%bc","status":"publish","type":"post","link":"http:\/\/blogdoarmindomaia.com.br\/?p=1181","title":{"rendered":"Feir\u00e3o do Emprego atrai 300 pessoas e nova edi\u00e7\u00e3o j\u00e1 est\u00e1 sendo planejada\ufffc"},"content":{"rendered":"\n<figure class=\"wp-block-image size-full is-style-default\"><img loading=\"lazy\" decoding=\"async\" width=\"1024\" height=\"683\" src=\"http:\/\/blogdoarmindomaia.com.br\/wp-content\/uploads\/2022\/05\/Feirao-do-Emprego.jpeg\" alt=\"\" class=\"wp-image-1182\" srcset=\"http:\/\/blogdoarmindomaia.com.br\/wp-content\/uploads\/2022\/05\/Feirao-do-Emprego.jpeg 1024w, http:\/\/blogdoarmindomaia.com.br\/wp-content\/uploads\/2022\/05\/Feirao-do-Emprego-300x200.jpeg 300w, http:\/\/blogdoarmindomaia.com.br\/wp-content\/uploads\/2022\/05\/Feirao-do-Emprego-768x512.jpeg 768w\" sizes=\"auto, (max-width: 1024px) 100vw, 1024px\" \/><\/figure>\n\n\n\n<p>A Prefeitura de Arax\u00e1 promoveu, nesta ter\u00e7a-feira (31), na Pra\u00e7a Arthur Bernardes, o Feir\u00e3o do Emprego. Foram ofertadas 170 oportunidades de trabalho e cerca de 300 pessoas participaram das atividades, durante toda a manh\u00e3. O evento teve como objetivo oportunizar \u00e0 popula\u00e7\u00e3o a participa\u00e7\u00e3o direta de empresas com vagas abertas, al\u00e9m de estandes com cursos de qualifica\u00e7\u00e3o.<\/p>\n\n\n\n<p>O Feir\u00e3o do Emprego foi organizado pela Secretaria Municipal de Desenvolvimento Econ\u00f4mico, Inova\u00e7\u00e3o e Turismo, por meio do Sistema Nacional de Emprego (Sine) de Arax\u00e1, e contou com a parceria do projeto Escola do Emprego, do Instituto Movart, que desenvolveu durante este m\u00eas de maio diversas atividades como palestras, oficinas e din\u00e2micas de grupo.<\/p>\n\n\n\n<p>De acordo com o coordenador do Sine, Luiz Fl\u00e1vio de Melo, o Feir\u00e3o do Emprego superou as expectativas. &#8220;Eu acredito que esse evento foi um marco em pol\u00edticas p\u00fablicas voltadas \u00e0 empregabilidade de Arax\u00e1. A\u00e7\u00f5es como essas s\u00e3o importantes, pois tiram o trabalhador do desalento e melhoram a condi\u00e7\u00e3o das empresas em contratar novos funcion\u00e1rios. O evento teve tanta ades\u00e3o em sua primeira edi\u00e7\u00e3o que os pr\u00f3prios empres\u00e1rios j\u00e1 solicitaram uma nova edi\u00e7\u00e3o que ser\u00e1 divulgada em breve&#8221;, explica.<\/p>\n","protected":false},"excerpt":{"rendered":"<p>A Prefeitura de Arax\u00e1 promoveu, nesta ter\u00e7a-feira (31), na Pra\u00e7a Arthur Bernardes, o Feir\u00e3o do Emprego. Foram ofertadas 170 oportunidades<\/p>\n","protected":false},"author":2,"featured_media":1182,"comment_status":"open","ping_status":"open","sticky":false,"template":"","format":"standard","meta":{"footnotes":""},"categories":[9,11],"tags":[],"class_list":["post-1181","post","type-post","status-publish","format-standard","has-post-thumbnail","hentry","category-araxa","category-destaques"],"_links":{"self":[{"href":"http:\/\/blogdoarmindomaia.com.br\/index.php?rest_route=\/wp\/v2\/posts\/1181","targetHints":{"allow":["GET"]}}],"collection":[{"href":"http:\/\/blogdoarmindomaia.com.br\/index.php?rest_route=\/wp\/v2\/posts"}],"about":[{"href":"http:\/\/blogdoarmindomaia.com.br\/index.php?rest_route=\/wp\/v2\/types\/post"}],"author":[{"embeddable":true,"href":"http:\/\/blogdoarmindomaia.com.br\/index.php?rest_route=\/wp\/v2\/users\/2"}],"replies":[{"embeddable":true,"href":"http:\/\/blogdoarmindomaia.com.br\/index.php?rest_route=%2Fwp%2Fv2%2Fcomments&post=1181"}],"version-history":[{"count":1,"href":"http:\/\/blogdoarmindomaia.com.br\/index.php?rest_route=\/wp\/v2\/posts\/1181\/revisions"}],"predecessor-version":[{"id":1183,"href":"http:\/\/blogdoarmindomaia.com.br\/index.php?rest_route=\/wp\/v2\/posts\/1181\/revisions\/1183"}],"wp:featuredmedia":[{"embeddable":true,"href":"http:\/\/blogdoarmindomaia.com.br\/index.php?rest_route=\/wp\/v2\/media\/1182"}],"wp:attachment":[{"href":"http:\/\/blogdoarmindomaia.com.br\/index.php?rest_route=%2Fwp%2Fv2%2Fmedia&parent=1181"}],"wp:term":[{"taxonomy":"category","embeddable":true,"href":"http:\/\/blogdoarmindomaia.com.br\/index.php?rest_route=%2Fwp%2Fv2%2Fcategories&post=1181"},{"taxonomy":"post_tag","embeddable":true,"href":"http:\/\/blogdoarmindomaia.com.br\/index.php?rest_route=%2Fwp%2Fv2%2Ftags&post=1181"}],"curies":[{"name":"wp","href":"https:\/\/api.w.org\/{rel}","templated":true}]}}