{"id":1187,"date":"2022-05-31T20:36:33","date_gmt":"2022-05-31T23:36:33","guid":{"rendered":"http:\/\/blogdoarmindomaia.com.br\/?p=1187"},"modified":"2022-05-31T20:36:35","modified_gmt":"2022-05-31T23:36:35","slug":"coluna-do-luis-borges-5","status":"publish","type":"post","link":"http:\/\/blogdoarmindomaia.com.br\/?p=1187","title":{"rendered":"Coluna do Luis Borges"},"content":{"rendered":"\n<p><\/p>\n\n\n\n<figure class=\"wp-block-image size-full is-style-default\"><img loading=\"lazy\" decoding=\"async\" width=\"203\" height=\"219\" src=\"http:\/\/blogdoarmindomaia.com.br\/wp-content\/uploads\/2022\/05\/Luis-Borges-2.jpg\" alt=\"\" class=\"wp-image-1188\"\/><\/figure>\n\n\n\n<h2 class=\"wp-block-heading\" id=\":s8\">A tabela do imposto de renda continua congelada- Blog Observa\u00e7\u00e3o &amp; An\u00e1lise<\/h2>\n\n\n\n<p>Caixa de entrada<\/p>\n\n\n\n<figure class=\"wp-block-image is-style-default\"><img decoding=\"async\" src=\"https:\/\/ssl.gstatic.com\/ui\/v1\/icons\/mail\/profile_mask2.png\" alt=\"\"\/><\/figure>\n\n\n\n<figure class=\"wp-block-table\"><table><tbody><tr><td><strong>Luis Borges<\/strong><\/td><td>16:32 (h\u00e1 4 horas)<\/td><td><\/td><td><img decoding=\"async\" src=\"https:\/\/mail.google.com\/mail\/u\/0\/images\/cleardot.gif\" alt=\"\"><img decoding=\"async\" src=\"https:\/\/mail.google.com\/mail\/u\/0\/images\/cleardot.gif\" alt=\"\"><\/td><\/tr><tr><td>para<img decoding=\"async\" src=\"https:\/\/mail.google.com\/mail\/u\/0\/images\/cleardot.gif\" alt=\"\"><\/td><\/tr><\/tbody><\/table><\/figure>\n\n\n\n<p><a href=\"http:\/\/observacaoeanalise.com.br\/tabela-do-imposto-de-renda-continua-congelada\/\" target=\"_blank\" rel=\"noreferrer noopener\">http:\/\/observacaoeanalise.com.br\/tabela-do-imposto-de-renda-continua-congelada\/<\/a><\/p>\n\n\n\n<figure id=\"m_-665612861434186913LPContainer541065\" class=\"wp-block-table\"><table><tbody><tr><td><a href=\"http:\/\/observacaoeanalise.com.br\/tabela-do-imposto-de-renda-continua-congelada\/\" target=\"_blank\" rel=\"noreferrer noopener\">A tabela do imposto de renda continua congelada &#8211; Observa\u00e7\u00e3o &amp; An\u00e1lise<\/a>O dia 31 de maio marca o fim do prazo de entrega, sem o pagamento de multa, da declara\u00e7\u00e3o anual do imposto de renda de pessoas f\u00edsicas \u00e0 Super Receita Federal do Brasil. Inicialmente, o prazo era 29 de abril e foi prorrogado tamb\u00e9m como parte das \u201cbondades\u201d que acontecem em anos eleitorais. A expectativa \u2026<a href=\"http:\/\/observacaoeanalise.com.br\/\" target=\"_blank\" rel=\"noreferrer noopener\">observacaoeanalise.com.br<\/a><\/td><\/tr><\/tbody><\/table><\/figure>\n\n\n\n<p><strong>A tabela do imposto de renda continua congelada<\/strong><\/p>\n\n\n\n<p>&nbsp;por&nbsp;<a href=\"http:\/\/observacaoeanalise.com.br\/author\/observa\/\" target=\"_blank\" rel=\"noreferrer noopener\">Luis Borges<\/a>&nbsp;,&nbsp;&nbsp;31 de maio de 2022&nbsp;&nbsp;<a href=\"http:\/\/observacaoeanalise.com.br\/root\/?cat=8\" target=\"_blank\" rel=\"noreferrer noopener\">Pensata<\/a><\/p>\n\n\n\n<hr class=\"wp-block-separator has-alpha-channel-opacity\"\/>\n\n\n\n<p>O dia 31 de maio marca o fim do prazo de entrega, sem o pagamento de multa, da declara\u00e7\u00e3o anual do imposto de renda de pessoas f\u00edsicas \u00e0 Super Receita Federal do Brasil. Inicialmente, o prazo era 29 de abril e foi prorrogado tamb\u00e9m como parte das \u201cbondades\u201d que acontecem em anos eleitorais. A expectativa da Receita Federal \u00e9 de receber 34,1 milh\u00f5es de declara\u00e7\u00f5es at\u00e9 as 23:59 desse dia.<\/p>\n\n\n\n<p>Apesar do trabalho que d\u00e1, a prepara\u00e7\u00e3o de toda a documenta\u00e7\u00e3o com as evid\u00eancias objetivas que comprovam o que \u00e9 declarado, para n\u00e3o cair na malha fina, o que merece e precisa ser focado \u00e9 o grande aumento da carga tribut\u00e1ria que incide sobre as pessoas f\u00edsicas. Para melhor compreender o fen\u00f4meno, podemos nos lembrar que a \u00faltima corre\u00e7\u00e3o, parcial, na tabela do Imposto de Renda- IR aconteceu em 2015 e de l\u00e1 para c\u00e1 ela est\u00e1 totalmente congelada. J\u00e1 se passaram sete anos marcados pela crescente infla\u00e7\u00e3o cada vez mais espalhada pelos v\u00e1rios setores da economia.<\/p>\n\n\n\n<p>Com isso, o poder aquisitivo despenca continuamente. As categorias profissionais que conseguiram rep\u00f4r total ou parcialmente as perdas inflacion\u00e1rias, ou mesmo os poucos que obtiveram aumento real, imediatamente mudaram de patamar, para cima, com o consequente aumento da carga tribut\u00e1ria devido \u00e0 tabela congelada.<\/p>\n\n\n\n<p>Segundo o Sindifisco Nacional \u2013 Auditores-Fiscais da Receita Federal do Brasil , a defasagem da tabela de 1996 a 2021 \u00e9 de 134%. Se considerarmos os \u00faltimos 7 anos sem corre\u00e7\u00e3o, e com grande alta da infla\u00e7\u00e3o, a defasagem chega a 50,7% e nos quatro primeiros meses desse ano est\u00e1 em 4,29%. Tudo isso s\u00f3 amplia a urgente necessidade de corre\u00e7\u00e3o da tabela.<\/p>\n\n\n\n<p>Em sua campanha, o atual presidente da rep\u00fablica afirmou que corrigiria a tabela do IR elevando o limite da isen\u00e7\u00e3o para quem recebe at\u00e9 cinco sal\u00e1rios m\u00ednimos mensais, &nbsp;atualmente R$ 6160. &nbsp;J\u00e1 a t\u00e3o falada e decantada reforma tribut\u00e1ria come\u00e7ou a ser discutida, mais uma de muitas vezes, no ano passado, com a primeira fase tratando da simplifica\u00e7\u00e3o do processo de arrecada\u00e7\u00e3o e a segunda fase tratando do imposto de renda, contendo uma t\u00edmida proposta de corre\u00e7\u00e3o da defasagem. O fato concreto \u00e9 que at\u00e9 agora nada foi resolvido.<\/p>\n\n\n\n<p>Enquanto isso, a carga tribut\u00e1ria vai ficando cada vez mais pesada para os pagadores de impostos e a Super Receita Federal s\u00f3 bate recordes de arrecada\u00e7\u00e3o. Se n\u00e3o houver press\u00e3o, tudo seguir\u00e1 como est\u00e1 e a desigualdade na distribui\u00e7\u00e3o de renda continuar\u00e1 se acentuando.<\/p>\n\n\n\n<p>Fico at\u00e9 imaginando a situa\u00e7\u00e3o da tabela do IR se ela fosse corrigida por um crit\u00e9rio semelhante ao usado para reajustar o pre\u00e7o dos combust\u00edveis, lastreados na cota\u00e7\u00e3o do barril de petr\u00f3leo e do d\u00f3lar. Deixando a imagina\u00e7\u00e3o de lado, s\u00f3 sei que a gente vai ficando para tr\u00e1s e com cada vez menos poder aquisitivo. A estrat\u00e9gia \u00e9 de sobreviv\u00eancia.<\/p>\n","protected":false},"excerpt":{"rendered":"<p>A tabela do imposto de renda continua congelada- Blog Observa\u00e7\u00e3o &amp; An\u00e1lise Caixa de entrada Luis Borges 16:32 (h\u00e1 4<\/p>\n","protected":false},"author":2,"featured_media":1188,"comment_status":"open","ping_status":"open","sticky":false,"template":"","format":"standard","meta":{"footnotes":""},"categories":[9,23],"tags":[],"class_list":["post-1187","post","type-post","status-publish","format-standard","has-post-thumbnail","hentry","category-araxa","category-opiniao"],"_links":{"self":[{"href":"http:\/\/blogdoarmindomaia.com.br\/index.php?rest_route=\/wp\/v2\/posts\/1187","targetHints":{"allow":["GET"]}}],"collection":[{"href":"http:\/\/blogdoarmindomaia.com.br\/index.php?rest_route=\/wp\/v2\/posts"}],"about":[{"href":"http:\/\/blogdoarmindomaia.com.br\/index.php?rest_route=\/wp\/v2\/types\/post"}],"author":[{"embeddable":true,"href":"http:\/\/blogdoarmindomaia.com.br\/index.php?rest_route=\/wp\/v2\/users\/2"}],"replies":[{"embeddable":true,"href":"http:\/\/blogdoarmindomaia.com.br\/index.php?rest_route=%2Fwp%2Fv2%2Fcomments&post=1187"}],"version-history":[{"count":1,"href":"http:\/\/blogdoarmindomaia.com.br\/index.php?rest_route=\/wp\/v2\/posts\/1187\/revisions"}],"predecessor-version":[{"id":1189,"href":"http:\/\/blogdoarmindomaia.com.br\/index.php?rest_route=\/wp\/v2\/posts\/1187\/revisions\/1189"}],"wp:featuredmedia":[{"embeddable":true,"href":"http:\/\/blogdoarmindomaia.com.br\/index.php?rest_route=\/wp\/v2\/media\/1188"}],"wp:attachment":[{"href":"http:\/\/blogdoarmindomaia.com.br\/index.php?rest_route=%2Fwp%2Fv2%2Fmedia&parent=1187"}],"wp:term":[{"taxonomy":"category","embeddable":true,"href":"http:\/\/blogdoarmindomaia.com.br\/index.php?rest_route=%2Fwp%2Fv2%2Fcategories&post=1187"},{"taxonomy":"post_tag","embeddable":true,"href":"http:\/\/blogdoarmindomaia.com.br\/index.php?rest_route=%2Fwp%2Fv2%2Ftags&post=1187"}],"curies":[{"name":"wp","href":"https:\/\/api.w.org\/{rel}","templated":true}]}}