{"id":1200,"date":"2022-05-31T23:12:57","date_gmt":"2022-06-01T02:12:57","guid":{"rendered":"http:\/\/blogdoarmindomaia.com.br\/?p=1200"},"modified":"2022-05-31T23:12:59","modified_gmt":"2022-06-01T02:12:59","slug":"vereadores-de-araxa-recebem-alunos-de-escola-rural-e-fazem-homenagem-ao-saudoso-mauro-do-peninha%ef%bf%bc","status":"publish","type":"post","link":"http:\/\/blogdoarmindomaia.com.br\/?p=1200","title":{"rendered":"Vereadores de Arax\u00e1 recebem alunos de escola rural e fazem homenagem ao saudoso Mauro do Peninha\ufffc"},"content":{"rendered":"\n<figure class=\"wp-block-image size-full is-style-default\"><img loading=\"lazy\" decoding=\"async\" width=\"1000\" height=\"666\" src=\"http:\/\/blogdoarmindomaia.com.br\/wp-content\/uploads\/2022\/05\/homenagemMauro.jpg\" alt=\"\" class=\"wp-image-1201\" srcset=\"http:\/\/blogdoarmindomaia.com.br\/wp-content\/uploads\/2022\/05\/homenagemMauro.jpg 1000w, http:\/\/blogdoarmindomaia.com.br\/wp-content\/uploads\/2022\/05\/homenagemMauro-300x200.jpg 300w, http:\/\/blogdoarmindomaia.com.br\/wp-content\/uploads\/2022\/05\/homenagemMauro-768x511.jpg 768w\" sizes=\"auto, (max-width: 1000px) 100vw, 1000px\" \/><\/figure>\n\n\n\n<p>Os alunos do 8\u00ba e 9\u00ba Ano do Ensino Fundamental da Escola Municipal Rural Eunice Weaver, localizada no Distrito de Itaipu, visitaram a C\u00e2mara Municipal e conheceram as depend\u00eancias do Poder Legislativo araxaense, durante a Reuni\u00e3o Ordin\u00e1ria desta ter\u00e7a-feira (31). Eles foram acompanhados pela diretoria da escola e, al\u00e9m de acompanhar o in\u00edcio da reuni\u00e3o, visitaram os gabinetes dos vereadores e a ala administrativa da Casa do Povo.<\/p>\n\n\n\n<p>Tamb\u00e9m na abertura da Reuni\u00e3o Ordin\u00e1ria, os vereadores fizeram uma homenagem ao empres\u00e1rio Mauro de Castro Rosa, propriet\u00e1rio do Lanches Peninha, que faleceu em abril deste ano ap\u00f3s um acidente de bicicleta.<\/p>\n\n\n\n<figure class=\"wp-block-image size-large is-style-default\"><img loading=\"lazy\" decoding=\"async\" width=\"1024\" height=\"576\" src=\"http:\/\/blogdoarmindomaia.com.br\/wp-content\/uploads\/2022\/05\/homenagm-Mauro-1-1024x576.jpg\" alt=\"\" class=\"wp-image-1202\" srcset=\"http:\/\/blogdoarmindomaia.com.br\/wp-content\/uploads\/2022\/05\/homenagm-Mauro-1-1024x576.jpg 1024w, http:\/\/blogdoarmindomaia.com.br\/wp-content\/uploads\/2022\/05\/homenagm-Mauro-1-300x169.jpg 300w, http:\/\/blogdoarmindomaia.com.br\/wp-content\/uploads\/2022\/05\/homenagm-Mauro-1-768x432.jpg 768w, http:\/\/blogdoarmindomaia.com.br\/wp-content\/uploads\/2022\/05\/homenagm-Mauro-1-1536x864.jpg 1536w, http:\/\/blogdoarmindomaia.com.br\/wp-content\/uploads\/2022\/05\/homenagm-Mauro-1.jpg 1600w\" sizes=\"auto, (max-width: 1024px) 100vw, 1024px\" \/><\/figure>\n\n\n\n<p>Foram aprovados seis projetos de lei e dois projetos de resolu\u00e7\u00e3o durante a sess\u00e3o. A \u00edntegra das mat\u00e9rias pode ser acessada no portal&nbsp;<a href=\"http:\/\/sapl.araxa.mg.leg.br\/\" target=\"_blank\" rel=\"noreferrer noopener\">sapl.araxa.mg.leg.br<\/a>.<\/p>\n\n\n\n<p>Projetos de Lei:<\/p>\n\n\n\n<p>100\/2022 &#8211; Disp\u00f5e sobre a implanta\u00e7\u00e3o do Programa \u2018Sa\u00fade Infanto-Juvenil no Campo\u2019, nas escolas municipais e nos centros de educa\u00e7\u00e3o infantil da zona rural do munic\u00edpio de Arax\u00e1 e d\u00e1 outras provid\u00eancias. Autor: Pastor Moacir.<\/p>\n\n\n\n<p>102\/2022 &#8211; Disp\u00f5e sobre a garantia de atendimento humanizado \u00e0 gestante, \u00e0 parturiente e \u00e0 mulher em situa\u00e7\u00e3o de abortamento, para preven\u00e7\u00e3o da viol\u00eancia na assist\u00eancia obst\u00e9trica no munic\u00edpio de Arax\u00e1 e d\u00e1 outras provid\u00eancias. Autora: Maristela Dutra;<\/p>\n\n\n\n<p>111\/2022 &#8211; Autoriza, a Administra\u00e7\u00e3o P\u00fablica a receber o pagamento de impostos e taxas atrav\u00e9s do sistema de pagamento instant\u00e2neo \u2013 PIX. Autores: Vereadores Bosco Junior, Raphael Rios e Wellington da Bit;<\/p>\n\n\n\n<p>112\/2022 &#8211; Disp\u00f5e sobre denomina\u00e7\u00e3o de Via P\u00fablica e d\u00e1 outras provid\u00eancias \u2013 Rua Jos\u00e9 Eur\u00edpedes da Silva, atual Rua \u201cJE 01\u201d do Loteamento Jardim Esplendido. Autora: Vereadora Fernanda Castelha;<\/p>\n\n\n\n<p>113\/2022 &#8211; Disp\u00f5e sobre denomina\u00e7\u00e3o de Via P\u00fablica e d\u00e1 outras provid\u00eancias \u2013 Rua Jos\u00e9 Gaspar Pereira, atual Rua \u201cJE 11\u201d do Loteamento Jardim Esplendido. Autor: Vereador Jo\u00e3o Veras;<\/p>\n\n\n\n<p>114\/2022 &#8211; Disp\u00f5e sobre denomina\u00e7\u00e3o de Via P\u00fablica e d\u00e1 outras provid\u00eancias \u2013 Rua Jandyra dos Santos, atual Rua de acesso ao Complexo Vi\u00e1rio que se inicia na Rua Pernambuco e tem seu t\u00e9rmino na Rua Gustavo da Cunha. Autor: Vereador Evaldo Ferrocarril.<\/p>\n\n\n\n<p>Projetos de Resolu\u00e7\u00e3o:<\/p>\n\n\n\n<p>06\/2022 &#8211; Modifica os incisos \u201cIV\u201ddo&nbsp; Art. 55, \u201cIV\u201dDO Art. 60 e acrescenta as al\u00edneas \u201ci\u201d, \u201cj\u201d, \u201ck\u201d, e \u201cl\u201d ao Art. 60 do Regimento Interno da C\u00e2mara Municipal de Arax\u00e1.\u201d Autor: Mesa Diretora;<\/p>\n\n\n\n<p>07\/2022 &#8211; \u201cDisp\u00f5e sobre a realiza\u00e7\u00e3o de Reuni\u00e3o Extraordin\u00e1ria de car\u00e1ter Solene, e d\u00e1 outras provid\u00eancias.\u201d Autor: Mesa Diretora.<\/p>\n\n\n\n<p><strong>Maristela Dutra (Patriota)<\/strong><\/p>\n\n\n\n<p>A vereadora Maristela Dutra foi a primeira a usar a Tribuna. Ela refor\u00e7ou um pedido j\u00e1 realizado ao secret\u00e1rio de Obras P\u00fablicas e Mobilidade Urbana, \u00c2ngelo Fran\u00e7a e ao Juliano C\u00e9sar da Silva, secret\u00e1rio Municipal de Desenvolvimento Econ\u00f4mico Turismo e Inova\u00e7\u00f5es Tecnol\u00f3gicas, para a revitaliza\u00e7\u00e3o da Pra\u00e7a Dom Bosco, transformando-a em um cal\u00e7ad\u00e3o ou pra\u00e7a gourmet, nomeando o espa\u00e7o com uma homenagem ao Mauro do Peninha.<\/p>\n\n\n\n<p>Ela tamb\u00e9m apresentou indica\u00e7\u00e3o solicitando a contrata\u00e7\u00e3o emergencial de mais assistentes sociais, para atender aos N\u00facleos de Conviv\u00eancia e os CRAS; solicitou um estudo para a reconstru\u00e7\u00e3o do Aterro Sanit\u00e1rio; \u00e0 Secret\u00e1ria de Seguran\u00e7a P\u00fablica e Cidadania solicitou fiscaliza\u00e7\u00e3o da circula\u00e7\u00e3o de ve\u00edculos de carga e caminh\u00f5es no tr\u00e2nsito, em especial nas proximidades das escolas, creches municipais e solicitou altera\u00e7\u00e3o os hor\u00e1rios de impedimento para de 2\u00aa a 6\u00aa feira: das 07h \u00e0s 18h.<\/p>\n\n\n\n<p><strong>Jairinho Borges (Uni\u00e3o)<\/strong><\/p>\n\n\n\n<p>O vereador Jairinho Borges iniciou o uso da Tribuna explicando sobre a tramita\u00e7\u00e3o de projetos na Comiss\u00e3o de Justi\u00e7a, Legisla\u00e7\u00e3o e Reda\u00e7\u00e3o Final, composto por ele que \u00e9 o presidente, e pelos vereadores Bosco Junior (relator) e Fernanda Castelha (membro).<\/p>\n\n\n\n<p>O vereador tamb\u00e9m citou uma bandeira levantada por ele ainda em 2017, chamada \u201cArax\u00e1 mais verde\u201d, que trata da arboriza\u00e7\u00e3o da cidade e recupera\u00e7\u00e3o de mananciais. Por\u00e9m, segundo ele, muitos projetos ficam parados e agora, com seu retorno ao Legislativo, ele retomar\u00e1 a iniciativa.<\/p>\n\n\n\n<p>Ele apresentou indica\u00e7\u00e3o solicitando recapeamento nas ruas: Padre Archangelo Spezia e Jos\u00e9 Pereira Valle no Bairro Novo Santo Ant\u00f4nio e Rua Ant\u00f4nio Pereira dos Santos na intercess\u00e3o com a Rua Jovino Augusto da Silva no Bairro Est\u00e2ncia.<\/p>\n\n\n\n<p>Ao final, ele falou da import\u00e2ncia da uni\u00e3o pol\u00edtica pelo bem comum da comunidade.<\/p>\n\n\n\n<p><strong>Alexandre Irm\u00e3os Paula (PL)<\/strong><\/p>\n\n\n\n<p>O vereador Alexandre usou seu tempo regimental para apresentar uma mo\u00e7\u00e3o de pesar, pelo falecimento de Wanderli Eust\u00e1quio da Rocha (jogador de futebol da Ch\u00e1cara Dona Ad\u00e9lia).<\/p>\n\n\n\n<p><strong>Valtinho da Farm\u00e1cia (PP)<\/strong><\/p>\n\n\n\n<p>Valtinho iniciou sua Tribuna destacando a atua\u00e7\u00e3o do advogado da C\u00e2mara Municipal, Igor Faria Rocha, que atua de forma s\u00e9ria e que contribui diretamente para o trabalho dos vereadores. Ele tamb\u00e9m parabenizou o presidente da C\u00e2mara Municipal, vereador Raphael Rios, pelo seu anivers\u00e1rio no dia 31 de maio.<\/p>\n\n\n\n<p>Valtinho apresentou v\u00e1rias indica\u00e7\u00f5es, entre elas: sinaliza\u00e7\u00e3o de solo das Ruas Idelcio Jos\u00e9 Rufino e Amador Carneiro de Melo &#8211; Bairro Mangabeiras; instala\u00e7\u00e3o de passarela elevada na Rua Luiz Geraldo Silva, pr\u00f3ximo ao n\u00famero 460 \u2013 Bairro P\u00e3o de A\u00e7\u00facar III; faixas de pedestres, em frente a Escola Estadual Armando Santos, Rua Rio Grande do Sul, 790 \u2013 Bairro S\u00e3o Geraldo; poda das \u00e1rvores no canteiro central da Av. Amazonas, e na via lateral da mesma Avenida; estudo da possibilidade de transformar a Rua Jos\u00e9 Carlos Pedro Grande e Rua Pedro Rufino Borges em m\u00e3o \u00fanica para circula\u00e7\u00e3o de ve\u00edculos.<\/p>\n\n\n\n<p>Mo\u00e7\u00e3o de congratula\u00e7\u00f5es e reconhecimento \u00e0 servidora p\u00fablica Rose Aparecida da Trindade Mota, coordenadora da Unileste, pelo trabalho que realiza naquela unidade de sa\u00fade.<\/p>\n\n\n\n<p><strong>Pastor Moacir (Republicanos)<\/strong><\/p>\n\n\n\n<p>O vereador Pastor Moacir fez diversas solicita\u00e7\u00f5es ao Executivo, entre elas: a recupera\u00e7\u00e3o do meio fio das ruas Donato Marques da Silva, Miguel Augusto e Professor M\u00e1rio Borges, localizadas no bairro Guilhermina Vieira Chaer e a fixa\u00e7\u00e3o de placas informativas de \u201cProibido Jogar Lixo e Entulho\u201d; implanta\u00e7\u00e3o de faixa de pedestres elevada na rua Irinea Alves de Paiva, Vila Est\u00e2ncia, pr\u00f3ximo ao n\u00famero 171; solicitou que seja feita a instala\u00e7\u00e3o de lixeiras nas avenidas Jo\u00e3o Paulo II, D\u00e2maso Drummond e Wilson Borges. \u00c0 Copasa, o vereador solicitou a constru\u00e7\u00e3o de um reservat\u00f3rio de \u00e1gua na regi\u00e3o do bairro Aboli\u00e7\u00e3o, para solucionar o problema de falha no fornecimento de \u00e1gua para os moradores destas localidades.<\/p>\n\n\n\n<p>Moacir apresentou mo\u00e7\u00e3o de congratula\u00e7\u00f5es e reconhecimento \u00e0 Escola Municipal Alice Moura, pela conquista do 1\u00ba lugar no Programa de Avalia\u00e7\u00e3o da Alfabetiza\u00e7\u00e3o (Proalfa) entre todas as institui\u00e7\u00f5es avaliadas em Arax\u00e1.<\/p>\n\n\n\n<p><strong>Doutor Zidane (PP)<\/strong><\/p>\n\n\n\n<p>No uso de seu tempo regimental, o vereador Dr. Zidane apresentou um v\u00eddeo onde cobrou provid\u00eancias quanto ao tratamento de esgoto realizado pela Copasa em Arax\u00e1. Ele cobrou provid\u00eancias do Governo do Estado e demais representantes nas esferas estaduais e federais para que cobre a melhoria do servi\u00e7o da estatal \u00e0 comunidade.<\/p>\n\n\n\n<p>O vereador solicitou que seja feita uma cal\u00e7ada de concreto na extens\u00e3o margeando a matinha da Rua: Wagner Fulg\u00eancio, no bairro P\u00e3o de A\u00e7\u00facar III; sinaliza\u00e7\u00e3o horizontal e vertical na Alameda Helena Pereira de Morais; revitaliza\u00e7\u00e3o da Pra\u00e7a Dr. Alonso de \u00c1vila localizada no fundo do Hospital Santa Casa.<\/p>\n\n\n\n<p><strong>Professora Leni (PT)<\/strong><\/p>\n\n\n\n<p>A vereadora Leni Nobre voltou a cobrar do Executivo a isen\u00e7\u00e3o na cobran\u00e7a do servi\u00e7o de ilumina\u00e7\u00e3o p\u00fablica na conta de luz do contribuinte, considerando segundo ela, que h\u00e1 dinheiro nos cofres municipais para oferecer esse benef\u00edcio \u00e0 comunidade, especialmente mais humilde.<\/p>\n\n\n\n<p>A vereadora tamb\u00e9m solicitou ao Executivo: que seja instalada a tampa de bueiro na Av. Aracely de Paula, na esquina com a rua En\u00e9ias Santos, Vila Silv\u00e9ria; poda e o tratamento das \u00e1rvores e coloca\u00e7\u00e3o de lixeiras na Av. Vereador Jo\u00e3o Sena; reforma nos aparelhos de gin\u00e1sticas da pra\u00e7a Sebasti\u00e3o Ananias da Silva; pavimenta\u00e7\u00e3o asf\u00e1ltica rua Eloy Teixeira; constru\u00e7\u00e3o de cal\u00e7adas com pista de caminhada e uma Ciclovia nos bairros Max Neumann.<\/p>\n\n\n\n<p>Ascom CMA<\/p>\n","protected":false},"excerpt":{"rendered":"<p>Os alunos do 8\u00ba e 9\u00ba Ano do Ensino Fundamental da Escola Municipal Rural Eunice Weaver, localizada no Distrito de<\/p>\n","protected":false},"author":2,"featured_media":1202,"comment_status":"open","ping_status":"open","sticky":false,"template":"","format":"standard","meta":{"footnotes":""},"categories":[9,11],"tags":[],"class_list":["post-1200","post","type-post","status-publish","format-standard","has-post-thumbnail","hentry","category-araxa","category-destaques"],"_links":{"self":[{"href":"http:\/\/blogdoarmindomaia.com.br\/index.php?rest_route=\/wp\/v2\/posts\/1200","targetHints":{"allow":["GET"]}}],"collection":[{"href":"http:\/\/blogdoarmindomaia.com.br\/index.php?rest_route=\/wp\/v2\/posts"}],"about":[{"href":"http:\/\/blogdoarmindomaia.com.br\/index.php?rest_route=\/wp\/v2\/types\/post"}],"author":[{"embeddable":true,"href":"http:\/\/blogdoarmindomaia.com.br\/index.php?rest_route=\/wp\/v2\/users\/2"}],"replies":[{"embeddable":true,"href":"http:\/\/blogdoarmindomaia.com.br\/index.php?rest_route=%2Fwp%2Fv2%2Fcomments&post=1200"}],"version-history":[{"count":1,"href":"http:\/\/blogdoarmindomaia.com.br\/index.php?rest_route=\/wp\/v2\/posts\/1200\/revisions"}],"predecessor-version":[{"id":1203,"href":"http:\/\/blogdoarmindomaia.com.br\/index.php?rest_route=\/wp\/v2\/posts\/1200\/revisions\/1203"}],"wp:featuredmedia":[{"embeddable":true,"href":"http:\/\/blogdoarmindomaia.com.br\/index.php?rest_route=\/wp\/v2\/media\/1202"}],"wp:attachment":[{"href":"http:\/\/blogdoarmindomaia.com.br\/index.php?rest_route=%2Fwp%2Fv2%2Fmedia&parent=1200"}],"wp:term":[{"taxonomy":"category","embeddable":true,"href":"http:\/\/blogdoarmindomaia.com.br\/index.php?rest_route=%2Fwp%2Fv2%2Fcategories&post=1200"},{"taxonomy":"post_tag","embeddable":true,"href":"http:\/\/blogdoarmindomaia.com.br\/index.php?rest_route=%2Fwp%2Fv2%2Ftags&post=1200"}],"curies":[{"name":"wp","href":"https:\/\/api.w.org\/{rel}","templated":true}]}}