{"id":1208,"date":"2022-06-01T20:08:17","date_gmt":"2022-06-01T23:08:17","guid":{"rendered":"http:\/\/blogdoarmindomaia.com.br\/?p=1208"},"modified":"2022-06-01T20:08:17","modified_gmt":"2022-06-01T23:08:17","slug":"parceria-entre-prefeitura-de-araxa-camara-e-senac-amplia-oferta-de-cursos-profissionalizantes","status":"publish","type":"post","link":"http:\/\/blogdoarmindomaia.com.br\/?p=1208","title":{"rendered":"Parceria entre Prefeitura de Arax\u00e1, C\u00e2mara e Senac amplia oferta de cursos profissionalizantes"},"content":{"rendered":"\n<figure class=\"wp-block-image size-full is-style-default\"><img loading=\"lazy\" decoding=\"async\" width=\"1024\" height=\"683\" src=\"http:\/\/blogdoarmindomaia.com.br\/wp-content\/uploads\/2022\/06\/senac_-2.jpg\" alt=\"\" class=\"wp-image-1209\" srcset=\"http:\/\/blogdoarmindomaia.com.br\/wp-content\/uploads\/2022\/06\/senac_-2.jpg 1024w, http:\/\/blogdoarmindomaia.com.br\/wp-content\/uploads\/2022\/06\/senac_-2-300x200.jpg 300w, http:\/\/blogdoarmindomaia.com.br\/wp-content\/uploads\/2022\/06\/senac_-2-768x512.jpg 768w\" sizes=\"auto, (max-width: 1024px) 100vw, 1024px\" \/><\/figure>\n\n\n\n<p>Atendimento profissionalizante, gera\u00e7\u00e3o de renda e promo\u00e7\u00e3o de atividades socioeducativas no munic\u00edpio. A Prefeitura de Arax\u00e1, C\u00e2mara Municipal e o Servi\u00e7o Nacional de Aprendizagem Comercial (Senac) firmaram uma parceria com o objetivo de ampliar a oferta de cursos e atender a demanda de jovens, adultos e idosos que est\u00e3o em busca de qualifica\u00e7\u00e3o e capacita\u00e7\u00e3o profissional. O conv\u00eanio prev\u00ea a cess\u00e3o de locais e estrutura para as aulas por parte da Administra\u00e7\u00e3o Municipal e o conte\u00fado pedag\u00f3gico pelo Senac.<\/p>\n\n\n\n<p>A oficializa\u00e7\u00e3o do conv\u00eanio aconteceu nesta ter\u00e7a-feira (1\u00ba) e contou com a presen\u00e7a do prefeito Robson Magela, dos secret\u00e1rios Wagner Cruz (A\u00e7\u00e3o Social) e Zulma Moreira (Educa\u00e7\u00e3o), do presidente da C\u00e2mara Municipal, Raphael Rios, e o vereador Jo\u00e3o Veras, do diretor do Senac Arax\u00e1, Ulisses Guimar\u00e3es, e equipe.<\/p>\n\n\n\n<p>De acordo com o prefeito Robson Magela, a parceria com importantes institui\u00e7\u00f5es da cidade \u00e9 fundamental para levar mais oportunidades \u00e0 popula\u00e7\u00e3o. \u201cO Senac \u00e9 uma institui\u00e7\u00e3o cujo neg\u00f3cio \u00e9 a educa\u00e7\u00e3o e a nossa miss\u00e3o, enquanto gestores p\u00fablicos, \u00e9 promover essas parcerias para formar mais pessoas para o mercado de trabalho\u201d, destaca.<\/p>\n\n\n\n<p>O prefeito acrescenta que o projeto tem como foco principal atender pessoas que n\u00e3o t\u00eam condi\u00e7\u00f5es financeiras de buscar o desenvolvimento profissional. \u201cEssa parceria com o Senac vai possibilitar diversos cursos profissionalizantes para a comunidade, como, por exemplo, nas \u00e1reas de beleza, gest\u00e3o, cursos na inform\u00e1tica, dentre outros. Estamos muito satisfeitos com esse projeto, com essa parceria tamb\u00e9m com a C\u00e2mara de Vereadores que vai colaborar para fomentar demandas espec\u00edficas de cursos, juntamente com as Secretarias de Educa\u00e7\u00e3o e de A\u00e7\u00e3o Social\u201d, afirma Robson.<\/p>\n\n\n\n<p>O secret\u00e1rio Wagner Cruz diz que a qualifica\u00e7\u00e3o profissional \u00e9 essencial para que o trabalhador consiga um bom emprego, gerando renda para sua fam\u00edlia. \u201c\u00c9 importante que nossos projetos de educa\u00e7\u00e3o profissionalizante estejam voltados para atender \u00e0s camadas sociais com maior vulnerabilidade. Esse \u00e9 o objetivo, atender os bairros e a popula\u00e7\u00e3o que muitas vezes n\u00e3o tem condi\u00e7\u00e3o de ir at\u00e9 os locais dos cursos por conta da dist\u00e2ncia\u201d, destaca.<\/p>\n\n\n\n<p>O diretor do Senac Arax\u00e1, Ulisses Guimar\u00e3es, explica que a parceria ir\u00e1 promover tamb\u00e9m a educa\u00e7\u00e3o das pessoas para o mercado de trabalho. \u201cVamos dar oportunidade para as pessoas que est\u00e3o se inserindo no mercado de trabalho ou \u00e0 procura de um reposicionamento profissional. Com isso, aqueles que participarem dos cursos oferecidos ter\u00e3o novas possibilidades de renda. Por meio de um termo de coopera\u00e7\u00e3o m\u00fatua, onde houver demanda, o Senac Arax\u00e1 vai entrar com o modelo pedag\u00f3gico e a Prefeitura de Arax\u00e1 com toda a estrutura f\u00edsica necess\u00e1ria para levar qualifica\u00e7\u00e3o profissional \u00e0s pessoas\u201d, ressalta.<\/p>\n","protected":false},"excerpt":{"rendered":"<p>Atendimento profissionalizante, gera\u00e7\u00e3o de renda e promo\u00e7\u00e3o de atividades socioeducativas no munic\u00edpio. A Prefeitura de Arax\u00e1, C\u00e2mara Municipal e o<\/p>\n","protected":false},"author":2,"featured_media":1209,"comment_status":"open","ping_status":"open","sticky":false,"template":"","format":"standard","meta":{"footnotes":""},"categories":[9,11],"tags":[],"class_list":["post-1208","post","type-post","status-publish","format-standard","has-post-thumbnail","hentry","category-araxa","category-destaques"],"_links":{"self":[{"href":"http:\/\/blogdoarmindomaia.com.br\/index.php?rest_route=\/wp\/v2\/posts\/1208","targetHints":{"allow":["GET"]}}],"collection":[{"href":"http:\/\/blogdoarmindomaia.com.br\/index.php?rest_route=\/wp\/v2\/posts"}],"about":[{"href":"http:\/\/blogdoarmindomaia.com.br\/index.php?rest_route=\/wp\/v2\/types\/post"}],"author":[{"embeddable":true,"href":"http:\/\/blogdoarmindomaia.com.br\/index.php?rest_route=\/wp\/v2\/users\/2"}],"replies":[{"embeddable":true,"href":"http:\/\/blogdoarmindomaia.com.br\/index.php?rest_route=%2Fwp%2Fv2%2Fcomments&post=1208"}],"version-history":[{"count":1,"href":"http:\/\/blogdoarmindomaia.com.br\/index.php?rest_route=\/wp\/v2\/posts\/1208\/revisions"}],"predecessor-version":[{"id":1210,"href":"http:\/\/blogdoarmindomaia.com.br\/index.php?rest_route=\/wp\/v2\/posts\/1208\/revisions\/1210"}],"wp:featuredmedia":[{"embeddable":true,"href":"http:\/\/blogdoarmindomaia.com.br\/index.php?rest_route=\/wp\/v2\/media\/1209"}],"wp:attachment":[{"href":"http:\/\/blogdoarmindomaia.com.br\/index.php?rest_route=%2Fwp%2Fv2%2Fmedia&parent=1208"}],"wp:term":[{"taxonomy":"category","embeddable":true,"href":"http:\/\/blogdoarmindomaia.com.br\/index.php?rest_route=%2Fwp%2Fv2%2Fcategories&post=1208"},{"taxonomy":"post_tag","embeddable":true,"href":"http:\/\/blogdoarmindomaia.com.br\/index.php?rest_route=%2Fwp%2Fv2%2Ftags&post=1208"}],"curies":[{"name":"wp","href":"https:\/\/api.w.org\/{rel}","templated":true}]}}