{"id":1214,"date":"2022-06-01T21:33:04","date_gmt":"2022-06-02T00:33:04","guid":{"rendered":"http:\/\/blogdoarmindomaia.com.br\/?p=1214"},"modified":"2022-06-01T21:33:06","modified_gmt":"2022-06-02T00:33:06","slug":"festival-florir-o-cerrado-realizado-pela-cbmm-contara-com-concerto-da-orquestra-ouro-preto-com-fernanda-takai%ef%bf%bc","status":"publish","type":"post","link":"http:\/\/blogdoarmindomaia.com.br\/?p=1214","title":{"rendered":"Festival FloRIR o Cerrado, realizado pela CBMM, contar\u00e1 com concerto da Orquestra Ouro Preto com Fernanda Takai\ufffc"},"content":{"rendered":"\n<figure class=\"wp-block-image size-large is-style-default\"><img loading=\"lazy\" decoding=\"async\" width=\"1024\" height=\"684\" src=\"http:\/\/blogdoarmindomaia.com.br\/wp-content\/uploads\/2022\/06\/takai-1024x684.jpg\" alt=\"\" class=\"wp-image-1216\" srcset=\"http:\/\/blogdoarmindomaia.com.br\/wp-content\/uploads\/2022\/06\/takai-1024x684.jpg 1024w, http:\/\/blogdoarmindomaia.com.br\/wp-content\/uploads\/2022\/06\/takai-300x200.jpg 300w, http:\/\/blogdoarmindomaia.com.br\/wp-content\/uploads\/2022\/06\/takai-768x513.jpg 768w, http:\/\/blogdoarmindomaia.com.br\/wp-content\/uploads\/2022\/06\/takai-1536x1025.jpg 1536w, http:\/\/blogdoarmindomaia.com.br\/wp-content\/uploads\/2022\/06\/takai-2048x1367.jpg 2048w\" sizes=\"auto, (max-width: 1024px) 100vw, 1024px\" \/><\/figure>\n\n\n\n<figure class=\"wp-block-image size-large is-style-default\"><img loading=\"lazy\" decoding=\"async\" width=\"1024\" height=\"684\" src=\"http:\/\/blogdoarmindomaia.com.br\/wp-content\/uploads\/2022\/06\/takai-2-1024x684.jpg\" alt=\"\" class=\"wp-image-1215\" srcset=\"http:\/\/blogdoarmindomaia.com.br\/wp-content\/uploads\/2022\/06\/takai-2-1024x684.jpg 1024w, http:\/\/blogdoarmindomaia.com.br\/wp-content\/uploads\/2022\/06\/takai-2-300x200.jpg 300w, http:\/\/blogdoarmindomaia.com.br\/wp-content\/uploads\/2022\/06\/takai-2-768x513.jpg 768w, http:\/\/blogdoarmindomaia.com.br\/wp-content\/uploads\/2022\/06\/takai-2-1536x1025.jpg 1536w, http:\/\/blogdoarmindomaia.com.br\/wp-content\/uploads\/2022\/06\/takai-2-2048x1367.jpg 2048w\" sizes=\"auto, (max-width: 1024px) 100vw, 1024px\" \/><\/figure>\n\n\n\n<p><em>Concerto \u201cO Tom da Takai\u201d \u00e9 a grande atra\u00e7\u00e3o do Festival FloRIR o Cerrado, realizado CBMM, e ter\u00e1 \u00fanica apresenta\u00e7\u00e3o no dia 5 de junho, \u00e0s 17h, no Parque do Cristo, com entrada franca<\/em><\/p>\n\n\n\n<p>Tom Jobim fala a l\u00edngua universal da m\u00fasica. E, justamente por isso, suas composi\u00e7\u00f5es se permitem conversar tanto no vocabul\u00e1rio erudito quanto no dialeto popular. Em torno desse esp\u00edrito e para homenagear esse legado t\u00e3o particular da Bossa Nova na hist\u00f3ria da m\u00fasica brasileira, a Orquestra Ouro Preto e Fernanda Takai se unem para apresenta\u00e7\u00e3o \u00fanica do concerto \u201cO Tom da Takai\u201d, com patroc\u00ednio da CBMM, em Arax\u00e1, no dia 5 de junho, \u00e0s 17h, no Parque do Cristo, com entrada franca. A atra\u00e7\u00e3o encerra as atividades do Festival FloRIR o Cerrado, que conta ainda com diversas atividades para todas as idades.<\/p>\n\n\n\n<p>O maestro, compositor, cantor, pianista, violonista e arranjador carioca traduziu de forma primorosa as cores, as paisagens e os sentimentos do Brasil de seu tempo recebe nesse espet\u00e1culo uma homenagem \u00e0 altura da grandiosidade de seus cl\u00e1ssicos, que ganham novas luzes com a excel\u00eancia da forma\u00e7\u00e3o mineira unida \u00e0 sofistica\u00e7\u00e3o e delicadeza da arte da cantora que h\u00e1 d\u00e9cadas emociona em sua carreira solo e na trajet\u00f3ria com a banda Pato Fu.<\/p>\n\n\n\n<p>O concerto revive cl\u00e1ssicos que fazem parte da mem\u00f3ria da m\u00fasica popular brasileira, como \u201cChega de Saudade\u201d, \u201cInsensatez\u201d e \u201cCorcovado\u201d, redescobre p\u00e9rolas menos conhecidas do grande p\u00fablico, como \u201cAula de Matem\u00e1tica\u201d e \u201cAh, Quem me Dera\u201d, e louva encontros musicais de Tom Jobim com outros \u00edcones do Brasil, como Vinicius de Moraes e Dolores Duran, e do mundo, como Frank Sinatra.<\/p>\n\n\n\n<p>Com reg\u00eancia do maestro Rodrigo Toffolo, \u201cO Tom da Takai\u201d traz arranjos in\u00e9ditos com a assinatura do compositor Arthur de Faria. Sucesso de p\u00fablico e cr\u00edtica, o espet\u00e1culo fez sua estreia em 2019 em turn\u00ea por quatro cidades mineiras e voltou a ser apresentado de forma virtual durante o per\u00edodo da pandemia. Agora, neste retorno aos palcos, chega a Arax\u00e1 para presentear o p\u00fablico com o universo infinito e particular de Tom Jobim.<\/p>\n\n\n\n<p>\u201cA m\u00fasica de Tom Jobim \u00e9 parte essencial de nossa cultura. Por isso, preparamos um grande espet\u00e1culo, \u00e0 altura da import\u00e2ncia e do legado de nosso maestro soberano, com o toque m\u00e1gico e \u00edmpar da voz da Takai\u201d, comenta Toffolo.<\/p>\n\n\n\n<p>As palavras do regente ecoam na fala da cantora mineira, que promete uma apresenta\u00e7\u00e3o em que a m\u00fasica de qualidade \u00e9 garantida. \u201cDe beleza l\u00edrica por conta das lindas letras e musicalmente forte pela apresenta\u00e7\u00e3o da orquestra, que sempre impacta positivamente a vida das pessoas\u201d, sublinha Takai.<\/p>\n\n\n\n<p>SOBRE O FESTIVAL FLORIR O CERRADO<\/p>\n\n\n\n<p>A CBMM escolheu o Dia do Meio Ambiente para presentear a comunidade de Arax\u00e1 com muita divers\u00e3o e entretenimento. O Festival FloRIR o Cerrado acontece no dia 5 de junho, das 9h \u00e0s 18h30, no Parque do Cristo, com entrada franca e atra\u00e7\u00f5es para toda a fam\u00edlia. A iniciativa \u00e9 um convite \u00e0 popula\u00e7\u00e3o araxaense para aderir a um movimento de cuidado e preserva\u00e7\u00e3o do Cerrado.<\/p>\n\n\n\n<p>Fernanda Cursino, da \u00e1rea de comunica\u00e7\u00e3o e marketing da CBMM, fala do compromisso da companhia com a comunidade local e com os Objetivos de Desenvolvimento Sustent\u00e1vel (ODS). \u201cQueremos que o Festival FloRIR o Cerrado seja um novo marco cultural da cidade e entre para o calend\u00e1rio oficial de Arax\u00e1. Um evento aberto ao p\u00fablico e que tem, al\u00e9m das atra\u00e7\u00f5es culturais e art\u00edsticas, car\u00e1ter educativo e um significado muito importante.\u201d<\/p>\n\n\n\n<p><strong>Servi\u00e7o:<\/strong><\/p>\n\n\n\n<p>Orquestra Ouro Preto e Fernanda Takai em \u201cO Tom da Takai\u201d<\/p>\n\n\n\n<p><strong>Data: <\/strong>5 de junho, domingo<\/p>\n\n\n\n<p><strong>Hor\u00e1rio: <\/strong>17h<\/p>\n\n\n\n<p><strong>Local: <\/strong>Parque do Cristo \u2013 Arax\u00e1<\/p>\n\n\n\n<p><strong>Ingressos: <\/strong>Entrada Franca<\/p>\n\n\n\n<p><strong>Informa\u00e7\u00f5es:&nbsp; <\/strong><strong>&nbsp;<\/strong><a href=\"http:\/\/www.orquestraouropreto.com.br\/\">www.orquestraouropreto.com.br<\/a><\/p>\n","protected":false},"excerpt":{"rendered":"<p>Concerto \u201cO Tom da Takai\u201d \u00e9 a grande atra\u00e7\u00e3o do Festival FloRIR o Cerrado, realizado CBMM, e ter\u00e1 \u00fanica apresenta\u00e7\u00e3o<\/p>\n","protected":false},"author":2,"featured_media":1216,"comment_status":"open","ping_status":"open","sticky":false,"template":"","format":"standard","meta":{"footnotes":""},"categories":[9,5,11],"tags":[],"class_list":["post-1214","post","type-post","status-publish","format-standard","has-post-thumbnail","hentry","category-araxa","category-arte-e-cultura","category-destaques"],"_links":{"self":[{"href":"http:\/\/blogdoarmindomaia.com.br\/index.php?rest_route=\/wp\/v2\/posts\/1214","targetHints":{"allow":["GET"]}}],"collection":[{"href":"http:\/\/blogdoarmindomaia.com.br\/index.php?rest_route=\/wp\/v2\/posts"}],"about":[{"href":"http:\/\/blogdoarmindomaia.com.br\/index.php?rest_route=\/wp\/v2\/types\/post"}],"author":[{"embeddable":true,"href":"http:\/\/blogdoarmindomaia.com.br\/index.php?rest_route=\/wp\/v2\/users\/2"}],"replies":[{"embeddable":true,"href":"http:\/\/blogdoarmindomaia.com.br\/index.php?rest_route=%2Fwp%2Fv2%2Fcomments&post=1214"}],"version-history":[{"count":1,"href":"http:\/\/blogdoarmindomaia.com.br\/index.php?rest_route=\/wp\/v2\/posts\/1214\/revisions"}],"predecessor-version":[{"id":1217,"href":"http:\/\/blogdoarmindomaia.com.br\/index.php?rest_route=\/wp\/v2\/posts\/1214\/revisions\/1217"}],"wp:featuredmedia":[{"embeddable":true,"href":"http:\/\/blogdoarmindomaia.com.br\/index.php?rest_route=\/wp\/v2\/media\/1216"}],"wp:attachment":[{"href":"http:\/\/blogdoarmindomaia.com.br\/index.php?rest_route=%2Fwp%2Fv2%2Fmedia&parent=1214"}],"wp:term":[{"taxonomy":"category","embeddable":true,"href":"http:\/\/blogdoarmindomaia.com.br\/index.php?rest_route=%2Fwp%2Fv2%2Fcategories&post=1214"},{"taxonomy":"post_tag","embeddable":true,"href":"http:\/\/blogdoarmindomaia.com.br\/index.php?rest_route=%2Fwp%2Fv2%2Ftags&post=1214"}],"curies":[{"name":"wp","href":"https:\/\/api.w.org\/{rel}","templated":true}]}}