{"id":1234,"date":"2022-06-02T11:19:59","date_gmt":"2022-06-02T14:19:59","guid":{"rendered":"http:\/\/blogdoarmindomaia.com.br\/?p=1234"},"modified":"2022-06-02T11:20:00","modified_gmt":"2022-06-02T14:20:00","slug":"prefeito-robson-magela-visita-memorial-da-escrita-e-imprensa-mauricio-rosa%ef%bf%bc","status":"publish","type":"post","link":"http:\/\/blogdoarmindomaia.com.br\/?p=1234","title":{"rendered":"Prefeito Robson Magela visita Memorial da Escrita e Imprensa Maur\u00edcio Rosa\ufffc"},"content":{"rendered":"\n<p><\/p>\n\n\n\n<p><\/p>\n\n\n\n<figure class=\"wp-block-image size-large\"><img loading=\"lazy\" decoding=\"async\" width=\"768\" height=\"1024\" src=\"http:\/\/blogdoarmindomaia.com.br\/wp-content\/uploads\/2022\/06\/Prefeito-Robson-Magela-visita-Memorial-da-Escrita-pag-6B-768x1024.jpg\" alt=\"\" class=\"wp-image-1236\" srcset=\"http:\/\/blogdoarmindomaia.com.br\/wp-content\/uploads\/2022\/06\/Prefeito-Robson-Magela-visita-Memorial-da-Escrita-pag-6B-768x1024.jpg 768w, http:\/\/blogdoarmindomaia.com.br\/wp-content\/uploads\/2022\/06\/Prefeito-Robson-Magela-visita-Memorial-da-Escrita-pag-6B-225x300.jpg 225w, http:\/\/blogdoarmindomaia.com.br\/wp-content\/uploads\/2022\/06\/Prefeito-Robson-Magela-visita-Memorial-da-Escrita-pag-6B-1152x1536.jpg 1152w, http:\/\/blogdoarmindomaia.com.br\/wp-content\/uploads\/2022\/06\/Prefeito-Robson-Magela-visita-Memorial-da-Escrita-pag-6B.jpg 1200w\" sizes=\"auto, (max-width: 768px) 100vw, 768px\" \/><\/figure>\n\n\n\n<figure class=\"wp-block-image size-large\"><img loading=\"lazy\" decoding=\"async\" width=\"1024\" height=\"768\" src=\"http:\/\/blogdoarmindomaia.com.br\/wp-content\/uploads\/2022\/06\/Prefeito-Robson-Magela-visita-Memorial-da-Escrita-paa-6B-1024x768.jpg\" alt=\"\" class=\"wp-image-1235\" srcset=\"http:\/\/blogdoarmindomaia.com.br\/wp-content\/uploads\/2022\/06\/Prefeito-Robson-Magela-visita-Memorial-da-Escrita-paa-6B-1024x768.jpg 1024w, http:\/\/blogdoarmindomaia.com.br\/wp-content\/uploads\/2022\/06\/Prefeito-Robson-Magela-visita-Memorial-da-Escrita-paa-6B-300x225.jpg 300w, http:\/\/blogdoarmindomaia.com.br\/wp-content\/uploads\/2022\/06\/Prefeito-Robson-Magela-visita-Memorial-da-Escrita-paa-6B-768x576.jpg 768w, http:\/\/blogdoarmindomaia.com.br\/wp-content\/uploads\/2022\/06\/Prefeito-Robson-Magela-visita-Memorial-da-Escrita-paa-6B-1536x1152.jpg 1536w, http:\/\/blogdoarmindomaia.com.br\/wp-content\/uploads\/2022\/06\/Prefeito-Robson-Magela-visita-Memorial-da-Escrita-paa-6B.jpg 1600w\" sizes=\"auto, (max-width: 1024px) 100vw, 1024px\" \/><\/figure>\n\n\n\n<p>Acompanhado do Secret\u00e1rio Municipal de Governo Rick Paranhos, o prefeito de Arax\u00e1 Robson Magela, visitou na manh\u00e3 da \u00faltima quarta-feira, o Memorial da Escrita e Imprensa Maur\u00edcio Rosa em Arax\u00e1. O novo espa\u00e7o cultural e hist\u00f3rico da cidade, foi aberto recentemente e conta com um acervo de m\u00e1quinas, m\u00f3veis, documentos, pain\u00e9is e v\u00eddeos, que contam a evolu\u00e7\u00e3o da escrita e da tipografia atrav\u00e9s dos tempos. Durante a visita que durou cerca de 30 minutos, Robson Magela, conheceu algumas m\u00e1quinas, prensas, tipos e ferramentas utilizadas nos prim\u00f3rdios da tipografia.&nbsp; &nbsp;&nbsp;&nbsp;&nbsp;<\/p>\n\n\n\n<p>Muito atento a todos os detalhes, o prefeito de Arax\u00e1, reconheceu como era dif\u00edcil e trabalhoso o of\u00edcio na \u00e9poca da tipografia. Entusiasmado com o acervo e com a hist\u00f3ria contada em cada detalhe e objetos expostos no Memorial, Robson Magela, mencionou a ideia de repassar o conhecimento, a hist\u00f3ria da evolu\u00e7\u00e3o da escrita e a arte da tipografia, retratados com fidelidade no Museu, para as escolas de Arax\u00e1, levando os alunos para realizarem visitas guiadas ao Memorial da Escrita e Imprensa Maur\u00edcio Rosa. O Secret\u00e1rio Municipal de Governo Rick Paranhos, que como o Prefeito de Arax\u00e1 Robson Magela tiveram a origem e forma\u00e7\u00e3o profissional atuando em empresas de comunica\u00e7\u00e3o, tamb\u00e9m ficou impressionado com a qualidade e o alto n\u00edvel do espa\u00e7o cultural do Memorial e da sua import\u00e2ncia no resgate e na preserva\u00e7\u00e3o da mem\u00f3ria da arte da tipografia. &nbsp;&nbsp;&nbsp;&nbsp;&nbsp;<\/p>\n","protected":false},"excerpt":{"rendered":"<p>Acompanhado do Secret\u00e1rio Municipal de Governo Rick Paranhos, o prefeito de Arax\u00e1 Robson Magela, visitou na manh\u00e3 da \u00faltima quarta-feira,<\/p>\n","protected":false},"author":2,"featured_media":1236,"comment_status":"open","ping_status":"open","sticky":false,"template":"","format":"standard","meta":{"footnotes":""},"categories":[9,5],"tags":[],"class_list":["post-1234","post","type-post","status-publish","format-standard","has-post-thumbnail","hentry","category-araxa","category-arte-e-cultura"],"_links":{"self":[{"href":"http:\/\/blogdoarmindomaia.com.br\/index.php?rest_route=\/wp\/v2\/posts\/1234","targetHints":{"allow":["GET"]}}],"collection":[{"href":"http:\/\/blogdoarmindomaia.com.br\/index.php?rest_route=\/wp\/v2\/posts"}],"about":[{"href":"http:\/\/blogdoarmindomaia.com.br\/index.php?rest_route=\/wp\/v2\/types\/post"}],"author":[{"embeddable":true,"href":"http:\/\/blogdoarmindomaia.com.br\/index.php?rest_route=\/wp\/v2\/users\/2"}],"replies":[{"embeddable":true,"href":"http:\/\/blogdoarmindomaia.com.br\/index.php?rest_route=%2Fwp%2Fv2%2Fcomments&post=1234"}],"version-history":[{"count":1,"href":"http:\/\/blogdoarmindomaia.com.br\/index.php?rest_route=\/wp\/v2\/posts\/1234\/revisions"}],"predecessor-version":[{"id":1237,"href":"http:\/\/blogdoarmindomaia.com.br\/index.php?rest_route=\/wp\/v2\/posts\/1234\/revisions\/1237"}],"wp:featuredmedia":[{"embeddable":true,"href":"http:\/\/blogdoarmindomaia.com.br\/index.php?rest_route=\/wp\/v2\/media\/1236"}],"wp:attachment":[{"href":"http:\/\/blogdoarmindomaia.com.br\/index.php?rest_route=%2Fwp%2Fv2%2Fmedia&parent=1234"}],"wp:term":[{"taxonomy":"category","embeddable":true,"href":"http:\/\/blogdoarmindomaia.com.br\/index.php?rest_route=%2Fwp%2Fv2%2Fcategories&post=1234"},{"taxonomy":"post_tag","embeddable":true,"href":"http:\/\/blogdoarmindomaia.com.br\/index.php?rest_route=%2Fwp%2Fv2%2Ftags&post=1234"}],"curies":[{"name":"wp","href":"https:\/\/api.w.org\/{rel}","templated":true}]}}