{"id":1270,"date":"2022-06-06T21:38:13","date_gmt":"2022-06-07T00:38:13","guid":{"rendered":"http:\/\/blogdoarmindomaia.com.br\/?p=1270"},"modified":"2022-06-06T21:38:15","modified_gmt":"2022-06-07T00:38:15","slug":"prefeitura-de-araxa-apresenta-projeto-de-comunicacao-publica-em-forum-comunitario","status":"publish","type":"post","link":"http:\/\/blogdoarmindomaia.com.br\/?p=1270","title":{"rendered":"<strong>Prefeitura de Arax\u00e1 apresenta projeto de Comunica\u00e7\u00e3o P\u00fablica em F\u00f3rum Comunit\u00e1rio<\/strong>"},"content":{"rendered":"\n<figure class=\"wp-block-image size-full is-style-default\"><img loading=\"lazy\" decoding=\"async\" width=\"1024\" height=\"683\" src=\"http:\/\/blogdoarmindomaia.com.br\/wp-content\/uploads\/2022\/06\/imprensa-3.jpg\" alt=\"\" class=\"wp-image-1273\" srcset=\"http:\/\/blogdoarmindomaia.com.br\/wp-content\/uploads\/2022\/06\/imprensa-3.jpg 1024w, http:\/\/blogdoarmindomaia.com.br\/wp-content\/uploads\/2022\/06\/imprensa-3-300x200.jpg 300w, http:\/\/blogdoarmindomaia.com.br\/wp-content\/uploads\/2022\/06\/imprensa-3-768x512.jpg 768w\" sizes=\"auto, (max-width: 1024px) 100vw, 1024px\" \/><\/figure>\n\n\n\n<figure class=\"wp-block-image size-full is-style-default\"><img loading=\"lazy\" decoding=\"async\" width=\"1024\" height=\"683\" src=\"http:\/\/blogdoarmindomaia.com.br\/wp-content\/uploads\/2022\/06\/imprensa-2.jpg\" alt=\"\" class=\"wp-image-1272\" srcset=\"http:\/\/blogdoarmindomaia.com.br\/wp-content\/uploads\/2022\/06\/imprensa-2.jpg 1024w, http:\/\/blogdoarmindomaia.com.br\/wp-content\/uploads\/2022\/06\/imprensa-2-300x200.jpg 300w, http:\/\/blogdoarmindomaia.com.br\/wp-content\/uploads\/2022\/06\/imprensa-2-768x512.jpg 768w\" sizes=\"auto, (max-width: 1024px) 100vw, 1024px\" \/><\/figure>\n\n\n\n<figure class=\"wp-block-image size-full is-style-default\"><img loading=\"lazy\" decoding=\"async\" width=\"1024\" height=\"683\" src=\"http:\/\/blogdoarmindomaia.com.br\/wp-content\/uploads\/2022\/06\/imprensa-1.jpg\" alt=\"\" class=\"wp-image-1271\" srcset=\"http:\/\/blogdoarmindomaia.com.br\/wp-content\/uploads\/2022\/06\/imprensa-1.jpg 1024w, http:\/\/blogdoarmindomaia.com.br\/wp-content\/uploads\/2022\/06\/imprensa-1-300x200.jpg 300w, http:\/\/blogdoarmindomaia.com.br\/wp-content\/uploads\/2022\/06\/imprensa-1-768x512.jpg 768w\" sizes=\"auto, (max-width: 1024px) 100vw, 1024px\" \/><\/figure>\n\n\n\n<p>A Assessoria de Comunica\u00e7\u00e3o da Prefeitura de Arax\u00e1 apresentou, nesta quarta-feira (1\u00ba), o plano de investimentos com m\u00eddias executado durante o per\u00edodo de 2021 e projetos previstos para 2022, em F\u00f3rum Comunit\u00e1rio realizado pela C\u00e2mara Municipal.<\/p>\n\n\n\n<p>O principal objetivo do encontro, proposto e presidido pelo vereador Dr. Zidane, foi demonstrar aos vereadores, imprensa e cidad\u00e3os os servi\u00e7os prestados \u00e0 comunidade atrav\u00e9s de publicidade, propaganda e comunica\u00e7\u00e3o, todo o processo de planejamento, crit\u00e9rios e valores investidos nos projetos, assim como os canais de veicula\u00e7\u00e3o utilizados para que as a\u00e7\u00f5es institucionais de todos os setores da Administra\u00e7\u00e3o Municipal possam chegar at\u00e9 a popula\u00e7\u00e3o.<\/p>\n\n\n\n<p>Todos os integrantes da Assessoria de Comunica\u00e7\u00e3o estiveram presentes e puderam esclarecer a import\u00e2ncia da informa\u00e7\u00e3o nos tempos atuais e a sua relev\u00e2ncia na rela\u00e7\u00e3o entre gest\u00e3o e popula\u00e7\u00e3o.<\/p>\n\n\n\n<p>No F\u00f3rum Comunit\u00e1rio tamb\u00e9m foram esclarecidos temas relevantes e praticados no cotidiano da Assessoria de Comunica\u00e7\u00e3o, como o Artigo 37 da Constitui\u00e7\u00e3o Federal de 1988, a diferen\u00e7a entre o Marketing e Comunica\u00e7\u00e3o P\u00fablica e o Marketing e Comunica\u00e7\u00e3o Pol\u00edtica e a miss\u00e3o da equipe em divulgar projetos educativos, informativos e de orienta\u00e7\u00e3o social, atrav\u00e9s de canais que valorizem o cidad\u00e3o.<\/p>\n\n\n\n<p>Entre tantos resultados positivos, foram citadas campanhas contra a Covid-19, A\u00e7\u00e3o Social, Sa\u00fade, Educa\u00e7\u00e3o, Emprego e Renda, entre outros.<\/p>\n\n\n\n<p>Para Dr. Zidane, os objetivos do F\u00f3rum Comunit\u00e1rio foram alcan\u00e7ados. \u201cOs colegas vereadores tiveram a oportunidade de tirarem suas d\u00favidas e a comunidade saber um pouco mais do que \u00e9 feito com o dinheiro que \u00e9 pago pelos impostos. O sentimento \u00e9 de dever cumprido e gratid\u00e3o pela presen\u00e7a maci\u00e7a da imprensa\u201d, destaca o vereador.<\/p>\n","protected":false},"excerpt":{"rendered":"<p>A Assessoria de Comunica\u00e7\u00e3o da Prefeitura de Arax\u00e1 apresentou, nesta quarta-feira (1\u00ba), o plano de investimentos com m\u00eddias executado durante<\/p>\n","protected":false},"author":2,"featured_media":1271,"comment_status":"open","ping_status":"open","sticky":false,"template":"","format":"standard","meta":{"footnotes":""},"categories":[9,11],"tags":[],"class_list":["post-1270","post","type-post","status-publish","format-standard","has-post-thumbnail","hentry","category-araxa","category-destaques"],"_links":{"self":[{"href":"http:\/\/blogdoarmindomaia.com.br\/index.php?rest_route=\/wp\/v2\/posts\/1270","targetHints":{"allow":["GET"]}}],"collection":[{"href":"http:\/\/blogdoarmindomaia.com.br\/index.php?rest_route=\/wp\/v2\/posts"}],"about":[{"href":"http:\/\/blogdoarmindomaia.com.br\/index.php?rest_route=\/wp\/v2\/types\/post"}],"author":[{"embeddable":true,"href":"http:\/\/blogdoarmindomaia.com.br\/index.php?rest_route=\/wp\/v2\/users\/2"}],"replies":[{"embeddable":true,"href":"http:\/\/blogdoarmindomaia.com.br\/index.php?rest_route=%2Fwp%2Fv2%2Fcomments&post=1270"}],"version-history":[{"count":1,"href":"http:\/\/blogdoarmindomaia.com.br\/index.php?rest_route=\/wp\/v2\/posts\/1270\/revisions"}],"predecessor-version":[{"id":1274,"href":"http:\/\/blogdoarmindomaia.com.br\/index.php?rest_route=\/wp\/v2\/posts\/1270\/revisions\/1274"}],"wp:featuredmedia":[{"embeddable":true,"href":"http:\/\/blogdoarmindomaia.com.br\/index.php?rest_route=\/wp\/v2\/media\/1271"}],"wp:attachment":[{"href":"http:\/\/blogdoarmindomaia.com.br\/index.php?rest_route=%2Fwp%2Fv2%2Fmedia&parent=1270"}],"wp:term":[{"taxonomy":"category","embeddable":true,"href":"http:\/\/blogdoarmindomaia.com.br\/index.php?rest_route=%2Fwp%2Fv2%2Fcategories&post=1270"},{"taxonomy":"post_tag","embeddable":true,"href":"http:\/\/blogdoarmindomaia.com.br\/index.php?rest_route=%2Fwp%2Fv2%2Ftags&post=1270"}],"curies":[{"name":"wp","href":"https:\/\/api.w.org\/{rel}","templated":true}]}}