{"id":1282,"date":"2022-06-06T23:04:47","date_gmt":"2022-06-07T02:04:47","guid":{"rendered":"http:\/\/blogdoarmindomaia.com.br\/?p=1282"},"modified":"2022-06-06T23:04:49","modified_gmt":"2022-06-07T02:04:49","slug":"exposicaomuros-invisiveis-agora-no-parque-do-cristo-em-araxa","status":"publish","type":"post","link":"http:\/\/blogdoarmindomaia.com.br\/?p=1282","title":{"rendered":"Exposi\u00e7\u00e3o\u201cMuros Invis\u00edveis\u201d, agora no Parque do Cristo em Arax\u00e1"},"content":{"rendered":"\n<figure class=\"wp-block-image size-large is-style-default\"><img loading=\"lazy\" decoding=\"async\" width=\"682\" height=\"1024\" src=\"http:\/\/blogdoarmindomaia.com.br\/wp-content\/uploads\/2022\/06\/Exposic\u0327a\u0303o-Muros-Invisi\u0301veis-Parque-do-Cristo_Araxa\u0301-foto-Gabriel-Andrade-de-Paula9-682x1024.jpeg\" alt=\"\" class=\"wp-image-1284\" srcset=\"http:\/\/blogdoarmindomaia.com.br\/wp-content\/uploads\/2022\/06\/Exposic\u0327a\u0303o-Muros-Invisi\u0301veis-Parque-do-Cristo_Araxa\u0301-foto-Gabriel-Andrade-de-Paula9-682x1024.jpeg 682w, http:\/\/blogdoarmindomaia.com.br\/wp-content\/uploads\/2022\/06\/Exposic\u0327a\u0303o-Muros-Invisi\u0301veis-Parque-do-Cristo_Araxa\u0301-foto-Gabriel-Andrade-de-Paula9-200x300.jpeg 200w, http:\/\/blogdoarmindomaia.com.br\/wp-content\/uploads\/2022\/06\/Exposic\u0327a\u0303o-Muros-Invisi\u0301veis-Parque-do-Cristo_Araxa\u0301-foto-Gabriel-Andrade-de-Paula9-768x1152.jpeg 768w, http:\/\/blogdoarmindomaia.com.br\/wp-content\/uploads\/2022\/06\/Exposic\u0327a\u0303o-Muros-Invisi\u0301veis-Parque-do-Cristo_Araxa\u0301-foto-Gabriel-Andrade-de-Paula9.jpeg 853w\" sizes=\"auto, (max-width: 682px) 100vw, 682px\" \/><\/figure>\n\n\n\n<figure class=\"wp-block-image size-large is-style-default\"><img loading=\"lazy\" decoding=\"async\" width=\"1024\" height=\"682\" src=\"http:\/\/blogdoarmindomaia.com.br\/wp-content\/uploads\/2022\/06\/Exposic\u0327a\u0303o-Muros-Invisi\u0301veis-Parque-do-Cristo_Araxa\u0301-foto-Gabriel-Andrade-de-Paula6-1024x682.jpeg\" alt=\"\" class=\"wp-image-1283\" srcset=\"http:\/\/blogdoarmindomaia.com.br\/wp-content\/uploads\/2022\/06\/Exposic\u0327a\u0303o-Muros-Invisi\u0301veis-Parque-do-Cristo_Araxa\u0301-foto-Gabriel-Andrade-de-Paula6-1024x682.jpeg 1024w, http:\/\/blogdoarmindomaia.com.br\/wp-content\/uploads\/2022\/06\/Exposic\u0327a\u0303o-Muros-Invisi\u0301veis-Parque-do-Cristo_Araxa\u0301-foto-Gabriel-Andrade-de-Paula6-300x200.jpeg 300w, http:\/\/blogdoarmindomaia.com.br\/wp-content\/uploads\/2022\/06\/Exposic\u0327a\u0303o-Muros-Invisi\u0301veis-Parque-do-Cristo_Araxa\u0301-foto-Gabriel-Andrade-de-Paula6-768x512.jpeg 768w, http:\/\/blogdoarmindomaia.com.br\/wp-content\/uploads\/2022\/06\/Exposic\u0327a\u0303o-Muros-Invisi\u0301veis-Parque-do-Cristo_Araxa\u0301-foto-Gabriel-Andrade-de-Paula6.jpeg 1280w\" sizes=\"auto, (max-width: 1024px) 100vw, 1024px\" \/><\/figure>\n\n\n\n<p>A exposi\u00e7\u00e3o \u201cMuros Invis\u00edveis\u201d, que fez parte da programa\u00e7\u00e3o do 10.\u00b0 Festival Liter\u00e1rio de Arax\u00e1 &#8211; Fliarax\u00e1, patrocinado pela CBMM, ocupando as ruas do Centro da cidade durante o per\u00edodo do festival que aconteceu em maio, se transferiu para o Parque do Cristo. A inaugura\u00e7\u00e3o foi s\u00e1bado, 4 de junho, seguindo at\u00e9 o dia 4 de setembro de 2022, com entrada gratuita. A exposi\u00e7\u00e3o \u00e9 composta por fotografias de 42 afroempreendedores&nbsp;da cidade de Arax\u00e1, registradas pelo fot\u00f3grafo Gabriel Andrade de Paula, e exibidas em 23 totens, com cerca de dois metros de altura cada um.&nbsp;&nbsp;\u201cA continuidade \u00e9 uma proposta do Fliarax\u00e1 para que a exposi\u00e7\u00e3o possa ser contemplada por mais pessoas, al\u00e9m de levar arte para esse importante cart\u00e3o postal de Arax\u00e1 que \u00e9 o Parque do Cristo. Ainda mais com um projeto que tem por objetivo dar visibilidade ao afroempreendedorismo e ao protagonismo do Afonso Borges idealizador do Fliarax\u00e1.<\/p>\n\n\n\n<p><strong>&nbsp;\u201cMuros Invis\u00edveis\u201d &#8211; homenagem na C\u00e2mara dos Vereadores de Arax\u00e1<\/strong><\/p>\n\n\n\n<p>A exposi\u00e7\u00e3o recebeu uma homenagem na C\u00e2mara dos Vereadores de Arax\u00e1, que reconheceu a import\u00e2ncia do trabalho apresentado durante o Fliarax\u00e1 e concedeu uma Mo\u00e7\u00e3o de Congratula\u00e7\u00e3o a Marisa Rufino, Gabriel Andrade de Paula e a Carlos Vinicius Santos. Na justificativa dessa Mo\u00e7\u00e3o, os vereadores reconheceram a diversidade, a alegria e a cultura do povo preto, atrav\u00e9s das obras \u201cMuros Invis\u00edveis\u201d.&nbsp;<\/p>\n\n\n\n<p>Para Carlos Vinicius Santos da Silva, coordenador do Centro de Refer\u00eancia da Cultura Negra de Arax\u00e1, \u201co reconhecimento da C\u00e2mara Municipal tr\u00e1s a confirma\u00e7\u00e3o da mudan\u00e7a que a cidade passa, se tornando a cada dia uma cidade mais antirracista\u201d.<\/p>\n\n\n\n<p><strong>Transfer\u00eancia da Exposi\u00e7\u00e3o<\/strong><\/p>\n\n\n\n<p>A iniciativa de transferir a exposi\u00e7\u00e3o \u201cMuros Invis\u00edveis\u201d para o Parque do Cristo agradou Marisa Rufino, lideran\u00e7a da Cufa de Arax\u00e1, uma das idealizadoras do projeto. \u201cAcho extremamente importante esse novo espa\u00e7o, dada a necessidade de apreciar, empoderar e quem sabe encorajar mais pessoas a se sentirem importantes e pe\u00e7as fundamentais de um todo . Esse olhar n\u00e3o \u00e9 para dividir , ou falar sobre as partes tristes, mas sobre a contribui\u00e7\u00e3o do povo preto na constru\u00e7\u00e3o do Brasil\u201d, ponderou ela.&nbsp;<\/p>\n\n\n\n<p>E Carlos Vinicius complementa, \u201ca mudan\u00e7a da exposi\u00e7\u00e3o muros invis\u00edveis de local exalta a import\u00e2ncia da continuidade da luta do movimento negro\u201d.&nbsp;<\/p>\n\n\n\n<p>Gabriel Andrade de Paula, fot\u00f3grafo&nbsp;&nbsp;da Exposi\u00e7\u00e3o, nem imaginava que ela pudesse ser transferida para um local de t\u00e3o grande import\u00e2ncia para a cidade. \u201cA Exposi\u00e7\u00e3o foi vandalizada por tr\u00eas vezes e jogada ao ch\u00e3o por outras duas vezes. E essa mudan\u00e7a de local \u00e9 um s\u00edmbolo de for\u00e7a e n\u00e3o de perda de import\u00e2ncia, para que assim outras pessoas possam ver e se emocionar com a grandiosidade da \u201cMuros Invis\u00edveis&#8221;. Que esse n\u00e3o seja o final, mas apenas mais um passo que a gente est\u00e1 dando, para como o pr\u00f3prio nome da exposi\u00e7\u00e3o diz, n\u00e3o sermos invis\u00edveis\u201d, refletiu ele.&nbsp;<\/p>\n","protected":false},"excerpt":{"rendered":"<p>A exposi\u00e7\u00e3o \u201cMuros Invis\u00edveis\u201d, que fez parte da programa\u00e7\u00e3o do 10.\u00b0 Festival Liter\u00e1rio de Arax\u00e1 &#8211; Fliarax\u00e1, patrocinado pela CBMM,<\/p>\n","protected":false},"author":2,"featured_media":1284,"comment_status":"open","ping_status":"open","sticky":false,"template":"","format":"standard","meta":{"footnotes":""},"categories":[9,5],"tags":[],"class_list":["post-1282","post","type-post","status-publish","format-standard","has-post-thumbnail","hentry","category-araxa","category-arte-e-cultura"],"_links":{"self":[{"href":"http:\/\/blogdoarmindomaia.com.br\/index.php?rest_route=\/wp\/v2\/posts\/1282","targetHints":{"allow":["GET"]}}],"collection":[{"href":"http:\/\/blogdoarmindomaia.com.br\/index.php?rest_route=\/wp\/v2\/posts"}],"about":[{"href":"http:\/\/blogdoarmindomaia.com.br\/index.php?rest_route=\/wp\/v2\/types\/post"}],"author":[{"embeddable":true,"href":"http:\/\/blogdoarmindomaia.com.br\/index.php?rest_route=\/wp\/v2\/users\/2"}],"replies":[{"embeddable":true,"href":"http:\/\/blogdoarmindomaia.com.br\/index.php?rest_route=%2Fwp%2Fv2%2Fcomments&post=1282"}],"version-history":[{"count":1,"href":"http:\/\/blogdoarmindomaia.com.br\/index.php?rest_route=\/wp\/v2\/posts\/1282\/revisions"}],"predecessor-version":[{"id":1285,"href":"http:\/\/blogdoarmindomaia.com.br\/index.php?rest_route=\/wp\/v2\/posts\/1282\/revisions\/1285"}],"wp:featuredmedia":[{"embeddable":true,"href":"http:\/\/blogdoarmindomaia.com.br\/index.php?rest_route=\/wp\/v2\/media\/1284"}],"wp:attachment":[{"href":"http:\/\/blogdoarmindomaia.com.br\/index.php?rest_route=%2Fwp%2Fv2%2Fmedia&parent=1282"}],"wp:term":[{"taxonomy":"category","embeddable":true,"href":"http:\/\/blogdoarmindomaia.com.br\/index.php?rest_route=%2Fwp%2Fv2%2Fcategories&post=1282"},{"taxonomy":"post_tag","embeddable":true,"href":"http:\/\/blogdoarmindomaia.com.br\/index.php?rest_route=%2Fwp%2Fv2%2Ftags&post=1282"}],"curies":[{"name":"wp","href":"https:\/\/api.w.org\/{rel}","templated":true}]}}