{"id":1293,"date":"2022-06-07T11:12:31","date_gmt":"2022-06-07T14:12:31","guid":{"rendered":"http:\/\/blogdoarmindomaia.com.br\/?p=1293"},"modified":"2022-06-07T11:12:33","modified_gmt":"2022-06-07T14:12:33","slug":"cronograma-servicos-urbanos-terca-7-de-junho-em-araxa","status":"publish","type":"post","link":"http:\/\/blogdoarmindomaia.com.br\/?p=1293","title":{"rendered":"CRONOGRAMA SERVI\u00c7OS URBANOS &#8211; TER\u00c7A: 7 DE JUNHO\u00a0EM ARAX\u00c1"},"content":{"rendered":"\n<figure class=\"wp-block-image size-full\"><img loading=\"lazy\" decoding=\"async\" width=\"1000\" height=\"600\" src=\"http:\/\/blogdoarmindomaia.com.br\/wp-content\/uploads\/2022\/06\/CAPINA.jpg\" alt=\"\" class=\"wp-image-1295\" srcset=\"http:\/\/blogdoarmindomaia.com.br\/wp-content\/uploads\/2022\/06\/CAPINA.jpg 1000w, http:\/\/blogdoarmindomaia.com.br\/wp-content\/uploads\/2022\/06\/CAPINA-300x180.jpg 300w, http:\/\/blogdoarmindomaia.com.br\/wp-content\/uploads\/2022\/06\/CAPINA-768x461.jpg 768w\" sizes=\"auto, (max-width: 1000px) 100vw, 1000px\" \/><\/figure>\n\n\n\n<p><strong>Opera\u00e7\u00e3o Tapa-Buracos<br><\/strong>&#8211; R. Celid\u00f4nio de Affonseca e Silva<br>&#8211; R. Donato Pinheiro dos Santos<br>&#8211; R. Dona Ad\u00e9lia Lellis<br>&#8211; R. Sebasti\u00e3o Santiago<br>&#8211; R. Santa Cruz<br>&#8211; R. Gast\u00e3o dos Santos<\/p>\n\n\n\n<p><strong>Limpeza, Capina e Manuten\u00e7\u00e3o<br><\/strong>&#8211; Bairros Max Neumann, Serra Morena, Veredas da Cidade e Guilhermina Vieira Chaer<br>&#8211; \u00c1rea Institucional Francisco Duarte<br>&#8211; Av. Imbiara<br>&#8211; Av. Tancredo Neves<br>&#8211; Av. Pref. Aracely de Paula<br>&#8211; R. Par\u00e1<br>&#8211; R. Argeu Alves da Costa<br>&#8211; R. Dulce Mascarenhas Torres<br>&#8211; ESF P\u00e3o de A\u00e7\u00facar<\/p>\n\n\n\n<p><strong>Ilumina\u00e7\u00e3o P\u00fablica<br><\/strong>&#8211; R. Par\u00e1<br>&#8211; R. Domingos F\u00e9lix Gondim<br>&#8211; R. Rog\u00e9rio L\u00eddio<br>&#8211; Av. das Palmeiras<br>&#8211; R. dos Manac\u00e1s<br>&#8211; Al. Xingu<br>&#8211; R. Santo Ant\u00f4nio<br>&#8211; R. Ernesto Soares Fontes<br>&#8211; R. Clara Maria de Jesus<br>&#8211; R. Osvaldo \u00c1lvaro da Silva<br>&#8211; Av. Pref. Aracely de Paula<\/p>\n\n\n\n<p><strong>Contato da Secretaria Municipal de Servi\u00e7os Urbanos: 3661-2687<\/strong><\/p>\n","protected":false},"excerpt":{"rendered":"<p>Opera\u00e7\u00e3o Tapa-Buracos&#8211; R. Celid\u00f4nio de Affonseca e Silva&#8211; R. Donato Pinheiro dos Santos&#8211; R. Dona Ad\u00e9lia Lellis&#8211; R. Sebasti\u00e3o Santiago&#8211;<\/p>\n","protected":false},"author":2,"featured_media":1295,"comment_status":"open","ping_status":"open","sticky":false,"template":"","format":"standard","meta":{"footnotes":""},"categories":[9,8],"tags":[],"class_list":["post-1293","post","type-post","status-publish","format-standard","has-post-thumbnail","hentry","category-araxa","category-cidades"],"_links":{"self":[{"href":"http:\/\/blogdoarmindomaia.com.br\/index.php?rest_route=\/wp\/v2\/posts\/1293","targetHints":{"allow":["GET"]}}],"collection":[{"href":"http:\/\/blogdoarmindomaia.com.br\/index.php?rest_route=\/wp\/v2\/posts"}],"about":[{"href":"http:\/\/blogdoarmindomaia.com.br\/index.php?rest_route=\/wp\/v2\/types\/post"}],"author":[{"embeddable":true,"href":"http:\/\/blogdoarmindomaia.com.br\/index.php?rest_route=\/wp\/v2\/users\/2"}],"replies":[{"embeddable":true,"href":"http:\/\/blogdoarmindomaia.com.br\/index.php?rest_route=%2Fwp%2Fv2%2Fcomments&post=1293"}],"version-history":[{"count":1,"href":"http:\/\/blogdoarmindomaia.com.br\/index.php?rest_route=\/wp\/v2\/posts\/1293\/revisions"}],"predecessor-version":[{"id":1296,"href":"http:\/\/blogdoarmindomaia.com.br\/index.php?rest_route=\/wp\/v2\/posts\/1293\/revisions\/1296"}],"wp:featuredmedia":[{"embeddable":true,"href":"http:\/\/blogdoarmindomaia.com.br\/index.php?rest_route=\/wp\/v2\/media\/1295"}],"wp:attachment":[{"href":"http:\/\/blogdoarmindomaia.com.br\/index.php?rest_route=%2Fwp%2Fv2%2Fmedia&parent=1293"}],"wp:term":[{"taxonomy":"category","embeddable":true,"href":"http:\/\/blogdoarmindomaia.com.br\/index.php?rest_route=%2Fwp%2Fv2%2Fcategories&post=1293"},{"taxonomy":"post_tag","embeddable":true,"href":"http:\/\/blogdoarmindomaia.com.br\/index.php?rest_route=%2Fwp%2Fv2%2Ftags&post=1293"}],"curies":[{"name":"wp","href":"https:\/\/api.w.org\/{rel}","templated":true}]}}