{"id":1310,"date":"2022-06-07T15:53:05","date_gmt":"2022-06-07T18:53:05","guid":{"rendered":"http:\/\/blogdoarmindomaia.com.br\/?p=1310"},"modified":"2022-06-07T15:53:07","modified_gmt":"2022-06-07T18:53:07","slug":"reuniao-solene-na-camara-municipal-celebra-60-anos-da-psicologia-no-brasil-2","status":"publish","type":"post","link":"http:\/\/blogdoarmindomaia.com.br\/?p=1310","title":{"rendered":"Reuni\u00e3o Solene na C\u00e2mara Municipal celebra 60 anos da Psicologia no Brasil"},"content":{"rendered":"\n<figure class=\"wp-block-image size-large\"><img loading=\"lazy\" decoding=\"async\" width=\"1024\" height=\"683\" src=\"http:\/\/blogdoarmindomaia.com.br\/wp-content\/uploads\/2022\/06\/IMG_0565-1-1024x683.jpg\" alt=\"\" class=\"wp-image-1311\" srcset=\"http:\/\/blogdoarmindomaia.com.br\/wp-content\/uploads\/2022\/06\/IMG_0565-1-1024x683.jpg 1024w, http:\/\/blogdoarmindomaia.com.br\/wp-content\/uploads\/2022\/06\/IMG_0565-1-300x200.jpg 300w, http:\/\/blogdoarmindomaia.com.br\/wp-content\/uploads\/2022\/06\/IMG_0565-1-768x512.jpg 768w, http:\/\/blogdoarmindomaia.com.br\/wp-content\/uploads\/2022\/06\/IMG_0565-1-1536x1024.jpg 1536w, http:\/\/blogdoarmindomaia.com.br\/wp-content\/uploads\/2022\/06\/IMG_0565-1.jpg 1920w\" sizes=\"auto, (max-width: 1024px) 100vw, 1024px\" \/><\/figure>\n\n\n\n<p>Em 2022 a Psicologia marca 60 anos de regulamenta\u00e7\u00e3o no Brasil e para celebrar a data e reconhecer a import\u00e2ncia desses profissionais que cuidam da sa\u00fade mental da popula\u00e7\u00e3o, a C\u00e2mara Municipal de Arax\u00e1 realizou uma Sess\u00e3o Solene. O Plen\u00e1rio Vereador Guilherme Gotelip Neto recebeu v\u00e1rios profissionais da \u00e1rea, representantes do Conselho Regional de Psicologia (CRP) e vereadores. O evento foi realizado no \u00faltimo final de semana.<\/p>\n\n\n\n<p>Atualmente, conforme estat\u00edsticas do Conselho Federal de Psicologia, s\u00e3o mais de 440 mil psic\u00f3logas e psic\u00f3logos em todo o territ\u00f3rio nacional, o que faz do Brasil o pa\u00eds com o maior n\u00famero de profissionais da Psicologia em todo o mundo. A atua\u00e7\u00e3o desses profissionais est\u00e1 nas cl\u00ednicas, nas pol\u00edticas p\u00fablicas da sa\u00fade, da assist\u00eancia social, no sistema de justi\u00e7a, na seguran\u00e7a p\u00fablica, no tr\u00e2nsito, nos esportes e em todos os contextos de cuidado \u00e0 sa\u00fade mental.<\/p>\n\n\n\n<p>Representando o CRP, o psic\u00f3logo Jo\u00e3o Henrique Bento, destacou a import\u00e2ncia do primeiro sexagen\u00e1rio da profiss\u00e3o no Brasil. Ele destacou que a Psicologia ocupa diversos lugares na comunidade e desenvolve fun\u00e7\u00f5es sociais, em cl\u00ednicas, escolas, empresas, servi\u00e7os p\u00fablicos e privados, proporcionando dignidade para todos os seus pacientes.<\/p>\n\n\n\n<p>Cristiane Santos Andrade, coordenadora Adjunta de Sa\u00fade Mental de Arax\u00e1, ressaltou as dificuldades vividas pelos profissionais. \u201cS\u00e3o tantos desafios em sustentar este lugar de ci\u00eancia e profiss\u00e3o e, o quanto importante cabe a n\u00f3s mesmos, valorizarmos este lugar de escuta, acolhimento, reflex\u00e3o, motiva\u00e7\u00e3o e transforma\u00e7\u00e3o\u201d, disse.<\/p>\n\n\n\n<p>O coordenador do curso de Psicologia do Uniarax\u00e1, Br\u00e1ulio Ramos da Silva, destacou a import\u00e2ncia do profissional que \u00e9 respons\u00e1vel pela sua autoforma\u00e7\u00e3o, al\u00e9m de contribuir com a vida de seus pacientes, atrav\u00e9s de um espa\u00e7o de transforma\u00e7\u00e3o.<\/p>\n\n\n\n<p>A solenidade contou ainda com um momento de homenagens para alguns profissionais da psicologia:<\/p>\n\n\n\n<p>Homero de Faria, psic\u00f3logo, foi o primeiro presidente da Associa\u00e7\u00e3o das(os) Psic\u00f3logas(os) de Arax\u00e1;<\/p>\n\n\n\n<p>Olga de F\u00e1tima Leite Rios, psic\u00f3loga, primeira coordenadora e respons\u00e1vel pela implanta\u00e7\u00e3o do curso de Psicologia no Uniarax\u00e1 &#8211; Centro Universit\u00e1rio do Planalto de Arax\u00e1 (n\u00e3o compareceu por motivos de sa\u00fade);<\/p>\n\n\n\n<p>Aparecida Maria de Souza Borges Cruvinel, psic\u00f3loga, ex-conselheira do Conselho Regional de Psicologia de Minas Gerais e importante articuladora da implanta\u00e7\u00e3o do servi\u00e7o de sa\u00fade mental em Arax\u00e1 e defensora das pol\u00edticas p\u00fablicas;<\/p>\n\n\n\n<p>Cristiane dos Santos Andrade, psic\u00f3loga, ex-presidente do Conselho Municipal de Sa\u00fade, militante da luta antimanicomial e pela sa\u00fade p\u00fablica. Atual coordenadora adjunta de sa\u00fade mental do munic\u00edpio de Arax\u00e1;<\/p>\n\n\n\n<p>\u00c2ngela Maria Am\u00e2ncio de \u00c1vila, psic\u00f3loga, escritora, figura importante na luta pela psicologia, como ci\u00eancia e profiss\u00e3o, e pelos servi\u00e7os de sa\u00fade materno infantil no munic\u00edpio de Arax\u00e1.<\/p>\n","protected":false},"excerpt":{"rendered":"<p>Em 2022 a Psicologia marca 60 anos de regulamenta\u00e7\u00e3o no Brasil e para celebrar a data e reconhecer a import\u00e2ncia<\/p>\n","protected":false},"author":2,"featured_media":1311,"comment_status":"open","ping_status":"open","sticky":false,"template":"","format":"standard","meta":{"footnotes":""},"categories":[9,29],"tags":[],"class_list":["post-1310","post","type-post","status-publish","format-standard","has-post-thumbnail","hentry","category-araxa","category-saude"],"_links":{"self":[{"href":"http:\/\/blogdoarmindomaia.com.br\/index.php?rest_route=\/wp\/v2\/posts\/1310","targetHints":{"allow":["GET"]}}],"collection":[{"href":"http:\/\/blogdoarmindomaia.com.br\/index.php?rest_route=\/wp\/v2\/posts"}],"about":[{"href":"http:\/\/blogdoarmindomaia.com.br\/index.php?rest_route=\/wp\/v2\/types\/post"}],"author":[{"embeddable":true,"href":"http:\/\/blogdoarmindomaia.com.br\/index.php?rest_route=\/wp\/v2\/users\/2"}],"replies":[{"embeddable":true,"href":"http:\/\/blogdoarmindomaia.com.br\/index.php?rest_route=%2Fwp%2Fv2%2Fcomments&post=1310"}],"version-history":[{"count":1,"href":"http:\/\/blogdoarmindomaia.com.br\/index.php?rest_route=\/wp\/v2\/posts\/1310\/revisions"}],"predecessor-version":[{"id":1312,"href":"http:\/\/blogdoarmindomaia.com.br\/index.php?rest_route=\/wp\/v2\/posts\/1310\/revisions\/1312"}],"wp:featuredmedia":[{"embeddable":true,"href":"http:\/\/blogdoarmindomaia.com.br\/index.php?rest_route=\/wp\/v2\/media\/1311"}],"wp:attachment":[{"href":"http:\/\/blogdoarmindomaia.com.br\/index.php?rest_route=%2Fwp%2Fv2%2Fmedia&parent=1310"}],"wp:term":[{"taxonomy":"category","embeddable":true,"href":"http:\/\/blogdoarmindomaia.com.br\/index.php?rest_route=%2Fwp%2Fv2%2Fcategories&post=1310"},{"taxonomy":"post_tag","embeddable":true,"href":"http:\/\/blogdoarmindomaia.com.br\/index.php?rest_route=%2Fwp%2Fv2%2Ftags&post=1310"}],"curies":[{"name":"wp","href":"https:\/\/api.w.org\/{rel}","templated":true}]}}