{"id":1319,"date":"2022-06-07T16:41:33","date_gmt":"2022-06-07T19:41:33","guid":{"rendered":"http:\/\/blogdoarmindomaia.com.br\/?p=1319"},"modified":"2022-06-07T16:41:35","modified_gmt":"2022-06-07T19:41:35","slug":"lei-calmon-barreto-2-contempla-artistas-de-musica-e-artes-integradas","status":"publish","type":"post","link":"http:\/\/blogdoarmindomaia.com.br\/?p=1319","title":{"rendered":"Lei Calmon Barreto 2 contempla artistas de m\u00fasica e artes integradas"},"content":{"rendered":"\n<p><\/p>\n\n\n\n<figure class=\"wp-block-image size-full\"><img loading=\"lazy\" decoding=\"async\" width=\"1024\" height=\"683\" src=\"http:\/\/blogdoarmindomaia.com.br\/wp-content\/uploads\/2022\/06\/Lei-Calmon-Barreto-pag-06.jpeg\" alt=\"\" class=\"wp-image-1320\" srcset=\"http:\/\/blogdoarmindomaia.com.br\/wp-content\/uploads\/2022\/06\/Lei-Calmon-Barreto-pag-06.jpeg 1024w, http:\/\/blogdoarmindomaia.com.br\/wp-content\/uploads\/2022\/06\/Lei-Calmon-Barreto-pag-06-300x200.jpeg 300w, http:\/\/blogdoarmindomaia.com.br\/wp-content\/uploads\/2022\/06\/Lei-Calmon-Barreto-pag-06-768x512.jpeg 768w\" sizes=\"auto, (max-width: 1024px) 100vw, 1024px\" \/><\/figure>\n\n\n\n<p>Para voltar a fomentar a classe cultural de Arax\u00e1, que ficou desamparada durante a pandemia, a Lei Municipal Calmon Barreto teve a sua 2\u00aa Edi\u00e7\u00e3o com 44 propostas culturais premiadas em dois editais: de m\u00fasica e artes integradas.<br><br>Entre os projetos recebidos, foram aprovadas 22 propostas em cada edital, que totalizar\u00e3o um repasse de R$ 154 mil aos artistas da cidade. Como contrapartida, eles devem realizar uma apresenta\u00e7\u00e3o cultural \u00e0 popula\u00e7\u00e3o para receberem o incentivo.<br><br>\u201cA Lei Calmon Barreto foi criada pela atual gest\u00e3o exatamente para socorrer a classe art\u00edstica. Eles foram os primeiros que pararam de trabalhar durante a pandemia e agora est\u00e3o voltando devagar. Qualquer artista, de qualquer segmento, pode participar desde que tenha no m\u00ednimo dois anos de atua\u00e7\u00e3o no mercado e que comprove a import\u00e2ncia do seu trabalho \u00e0 comunidade. Essa valoriza\u00e7\u00e3o reflete no cuidado que a gente tem com quem produz arte em Arax\u00e1\u201d, destaca a presidente da Funda\u00e7\u00e3o Cultural Calmon Barreto (FCCB), Cynthia Ver\u00e7osa.<br><br><strong>O incentivo aos artistas<\/strong><br><br>Aprovado pela primeira vez em uma lei de incentivo, aos 72 anos, Ant\u00f4nio Tavares Pessoa, mais conhecido como Muleke do Forr\u00f3, realizou sua apresenta\u00e7\u00e3o no Parque do Cristo dentro da programa\u00e7\u00e3o do 10\u00b0 Festival Liter\u00e1rio de Arax\u00e1 (Fliarax\u00e1), no \u00faltimo dia 15 de maio. O momento se deu ap\u00f3s uma parceria da FCCB com a organiza\u00e7\u00e3o do evento.<br><br>Para Ant\u00f4nio, o aux\u00edlio foi fundamental na retomada dos trabalhos. \u201cComo artista, essa foi uma grande oportunidade para voltar a me apresentar. H\u00e1 anos estou no ramo musical e, pela primeira vez, devido \u00e0 pandemia, me vi obrigado a parar de trabalhar. Com este incentivo, consegui contratar outros m\u00fasicos freelancers para comporem o meu show, o que deu tamb\u00e9m a oportunidade para eles tamb\u00e9m retornarem \u00e0s atividades\u201d, comemora.<br><br>Este \u00e9 o mesmo sentimento compartilhado pela produtora cultural Tatiana Mucci. \u201cO nosso produto \u00e9 o p\u00fablico, e esse incentivo foi uma forma de voltarmos a ter este contato. Eu defino a oportunidade como algo imprescind\u00edvel e necess\u00e1rio. Ela faz toda a diferen\u00e7a, principalmente para os pequenos artistas locais. \u00c9 um est\u00edmulo para continuarmos trabalhando. O artista ama o que faz e, muitas vezes, se v\u00ea parado justamente pela falta de recursos\u201d, ressalta.<br><strong><br>1\u00b0 Festival de Artes Integrada<br><\/strong><br>Entre os dias 6 e 8 de julho, o Teatro Municipal Maximiliano Rocha receber\u00e1 o 1\u00ba Festival de Artes Integradas da FCCB. As apresenta\u00e7\u00f5es contar\u00e3o com dan\u00e7as, teatro, batalha de rimas, conta\u00e7\u00e3o de hist\u00f3rias, exposi\u00e7\u00f5es de arte no foyer e outras atividades culturais. A programa\u00e7\u00e3o completa ser\u00e1 divulgada em breve.<br><br>\u201cTodos os artistas que apresentaram projetos no edital de artes integradas v\u00e3o fazer parte deste festival, que ser\u00e1 gratuito para toda a comunidade de Arax\u00e1.&nbsp; Alguns artistas que fizeram propostas de contrapartida dentro de escolas p\u00fablicas da cidade tamb\u00e9m ir\u00e3o se apresentar. Ser\u00e3o tr\u00eas dias com muitos espet\u00e1culos\u201d, destaca Cynthia Ver\u00e7osa.<br><\/p>\n","protected":false},"excerpt":{"rendered":"<p>Para voltar a fomentar a classe cultural de Arax\u00e1, que ficou desamparada durante a pandemia, a Lei Municipal Calmon Barreto<\/p>\n","protected":false},"author":2,"featured_media":1320,"comment_status":"open","ping_status":"open","sticky":false,"template":"","format":"standard","meta":{"footnotes":""},"categories":[9,5],"tags":[],"class_list":["post-1319","post","type-post","status-publish","format-standard","has-post-thumbnail","hentry","category-araxa","category-arte-e-cultura"],"_links":{"self":[{"href":"http:\/\/blogdoarmindomaia.com.br\/index.php?rest_route=\/wp\/v2\/posts\/1319","targetHints":{"allow":["GET"]}}],"collection":[{"href":"http:\/\/blogdoarmindomaia.com.br\/index.php?rest_route=\/wp\/v2\/posts"}],"about":[{"href":"http:\/\/blogdoarmindomaia.com.br\/index.php?rest_route=\/wp\/v2\/types\/post"}],"author":[{"embeddable":true,"href":"http:\/\/blogdoarmindomaia.com.br\/index.php?rest_route=\/wp\/v2\/users\/2"}],"replies":[{"embeddable":true,"href":"http:\/\/blogdoarmindomaia.com.br\/index.php?rest_route=%2Fwp%2Fv2%2Fcomments&post=1319"}],"version-history":[{"count":1,"href":"http:\/\/blogdoarmindomaia.com.br\/index.php?rest_route=\/wp\/v2\/posts\/1319\/revisions"}],"predecessor-version":[{"id":1321,"href":"http:\/\/blogdoarmindomaia.com.br\/index.php?rest_route=\/wp\/v2\/posts\/1319\/revisions\/1321"}],"wp:featuredmedia":[{"embeddable":true,"href":"http:\/\/blogdoarmindomaia.com.br\/index.php?rest_route=\/wp\/v2\/media\/1320"}],"wp:attachment":[{"href":"http:\/\/blogdoarmindomaia.com.br\/index.php?rest_route=%2Fwp%2Fv2%2Fmedia&parent=1319"}],"wp:term":[{"taxonomy":"category","embeddable":true,"href":"http:\/\/blogdoarmindomaia.com.br\/index.php?rest_route=%2Fwp%2Fv2%2Fcategories&post=1319"},{"taxonomy":"post_tag","embeddable":true,"href":"http:\/\/blogdoarmindomaia.com.br\/index.php?rest_route=%2Fwp%2Fv2%2Ftags&post=1319"}],"curies":[{"name":"wp","href":"https:\/\/api.w.org\/{rel}","templated":true}]}}