{"id":1336,"date":"2022-06-09T14:02:10","date_gmt":"2022-06-09T17:02:10","guid":{"rendered":"http:\/\/blogdoarmindomaia.com.br\/?p=1336"},"modified":"2022-06-09T14:02:13","modified_gmt":"2022-06-09T17:02:13","slug":"uab-em-araxa-abre-processo-seletivo-para-curso-gratuito-de-pedagogia","status":"publish","type":"post","link":"http:\/\/blogdoarmindomaia.com.br\/?p=1336","title":{"rendered":"UAB em Arax\u00e1 abre processo seletivo para curso gratuito de Pedagogia"},"content":{"rendered":"\n<figure class=\"wp-block-image size-large\"><img loading=\"lazy\" decoding=\"async\" width=\"1024\" height=\"1024\" src=\"http:\/\/blogdoarmindomaia.com.br\/wp-content\/uploads\/2022\/06\/processo-seletivo-pedagogia-1024x1024.jpeg\" alt=\"\" class=\"wp-image-1337\" srcset=\"http:\/\/blogdoarmindomaia.com.br\/wp-content\/uploads\/2022\/06\/processo-seletivo-pedagogia-1024x1024.jpeg 1024w, http:\/\/blogdoarmindomaia.com.br\/wp-content\/uploads\/2022\/06\/processo-seletivo-pedagogia-300x300.jpeg 300w, http:\/\/blogdoarmindomaia.com.br\/wp-content\/uploads\/2022\/06\/processo-seletivo-pedagogia-150x150.jpeg 150w, http:\/\/blogdoarmindomaia.com.br\/wp-content\/uploads\/2022\/06\/processo-seletivo-pedagogia-768x768.jpeg 768w, http:\/\/blogdoarmindomaia.com.br\/wp-content\/uploads\/2022\/06\/processo-seletivo-pedagogia.jpeg 1280w\" sizes=\"auto, (max-width: 1024px) 100vw, 1024px\" \/><\/figure>\n\n\n\n<p>Est\u00e3o abertas at\u00e9 30 de junho as inscri\u00e7\u00f5es para o processo seletivo do curso de licenciatura em Pedagogia, gratuito, ofertado pela Universidade Federal do Tri\u00e2ngulo Mineiro (UFTM), na modalidade Ensino a Dist\u00e2ncia (EAD). A iniciativa \u00e9 uma parceria da Secretaria Municipal de Educa\u00e7\u00e3o com o Polo da Universidade Aberta do Brasil (UAB) em Arax\u00e1. O curso ter\u00e1 in\u00edcio no 2\u00ba semestre letivo de 2022.<br><br>S\u00e3o 32 vagas ofertadas e o valor das inscri\u00e7\u00f5es \u00e9 R$ 90. A sele\u00e7\u00e3o dos candidatos \u00e0s vagas ser\u00e1 efetuada exclusivamente pela internet, com base nas notas das disciplinas de portugu\u00eas e matem\u00e1tica do \u00faltimo ano do Ensino M\u00e9dio, constantes no hist\u00f3rico escolar.<br><br>As vagas ofertadas ser\u00e3o distribu\u00eddas da seguinte forma:<br>&#8211; Categoria 1, professores em exerc\u00edcio em escolas da rede p\u00fablica ou privada e que n\u00e3o possuam diploma de curso superior;<br><br>&#8211; Categoria 2: P\u00fablico jovem e adultos egressos do ensino m\u00e9dio.<br><br>Para fazer as inscri\u00e7\u00f5es, os interessados devem acessar o link (&nbsp;<a href=\"http:\/\/www.uftm.edu.br\/graduacao\/ead\/pedagogia-editais-emandamento\" target=\"_blank\" rel=\"noreferrer noopener\">http:\/\/www.uftm.edu.br\/graduacao\/ead\/pedagogia-editais-emandamento<\/a>&nbsp;), (Gradua\u00e7\u00e3o EaD, Pedagogia, Processos em Andamento), de 9 a 30 de junho.<br><br>A solicita\u00e7\u00e3o de isen\u00e7\u00e3o do pagamento da taxa de inscri\u00e7\u00e3o deve ser feita at\u00e9 14 de junho. Para mais informa\u00e7\u00f5es, o telefone de contato \u00e9 o (34) 3700- 6197 &#8211; UFTM, (34) 3691-7043, (34) 98858-3936 e (34) 98836-2441 (WhatsApp) &#8211; Polo UAB Arax\u00e1.<br><\/p>\n","protected":false},"excerpt":{"rendered":"<p>Est\u00e3o abertas at\u00e9 30 de junho as inscri\u00e7\u00f5es para o processo seletivo do curso de licenciatura em Pedagogia, gratuito, ofertado<\/p>\n","protected":false},"author":2,"featured_media":1337,"comment_status":"open","ping_status":"open","sticky":false,"template":"","format":"standard","meta":{"footnotes":""},"categories":[9,13],"tags":[],"class_list":["post-1336","post","type-post","status-publish","format-standard","has-post-thumbnail","hentry","category-araxa","category-educacao"],"_links":{"self":[{"href":"http:\/\/blogdoarmindomaia.com.br\/index.php?rest_route=\/wp\/v2\/posts\/1336","targetHints":{"allow":["GET"]}}],"collection":[{"href":"http:\/\/blogdoarmindomaia.com.br\/index.php?rest_route=\/wp\/v2\/posts"}],"about":[{"href":"http:\/\/blogdoarmindomaia.com.br\/index.php?rest_route=\/wp\/v2\/types\/post"}],"author":[{"embeddable":true,"href":"http:\/\/blogdoarmindomaia.com.br\/index.php?rest_route=\/wp\/v2\/users\/2"}],"replies":[{"embeddable":true,"href":"http:\/\/blogdoarmindomaia.com.br\/index.php?rest_route=%2Fwp%2Fv2%2Fcomments&post=1336"}],"version-history":[{"count":1,"href":"http:\/\/blogdoarmindomaia.com.br\/index.php?rest_route=\/wp\/v2\/posts\/1336\/revisions"}],"predecessor-version":[{"id":1338,"href":"http:\/\/blogdoarmindomaia.com.br\/index.php?rest_route=\/wp\/v2\/posts\/1336\/revisions\/1338"}],"wp:featuredmedia":[{"embeddable":true,"href":"http:\/\/blogdoarmindomaia.com.br\/index.php?rest_route=\/wp\/v2\/media\/1337"}],"wp:attachment":[{"href":"http:\/\/blogdoarmindomaia.com.br\/index.php?rest_route=%2Fwp%2Fv2%2Fmedia&parent=1336"}],"wp:term":[{"taxonomy":"category","embeddable":true,"href":"http:\/\/blogdoarmindomaia.com.br\/index.php?rest_route=%2Fwp%2Fv2%2Fcategories&post=1336"},{"taxonomy":"post_tag","embeddable":true,"href":"http:\/\/blogdoarmindomaia.com.br\/index.php?rest_route=%2Fwp%2Fv2%2Ftags&post=1336"}],"curies":[{"name":"wp","href":"https:\/\/api.w.org\/{rel}","templated":true}]}}