{"id":1345,"date":"2022-06-09T14:15:37","date_gmt":"2022-06-09T17:15:37","guid":{"rendered":"http:\/\/blogdoarmindomaia.com.br\/?p=1345"},"modified":"2022-06-09T14:15:39","modified_gmt":"2022-06-09T17:15:39","slug":"projeto-acora-em-acao-promove-treinao-assessorado-neste-sabado","status":"publish","type":"post","link":"http:\/\/blogdoarmindomaia.com.br\/?p=1345","title":{"rendered":"Projeto \u201cAcora em A\u00e7\u00e3o\u201d promove Trein\u00e3o Assessorado neste s\u00e1bado"},"content":{"rendered":"\n<figure class=\"wp-block-image size-large\"><img loading=\"lazy\" decoding=\"async\" width=\"1024\" height=\"1024\" src=\"http:\/\/blogdoarmindomaia.com.br\/wp-content\/uploads\/2022\/06\/TREINAO-ASSESSORADO-1024x1024.jpeg\" alt=\"\" class=\"wp-image-1346\" srcset=\"http:\/\/blogdoarmindomaia.com.br\/wp-content\/uploads\/2022\/06\/TREINAO-ASSESSORADO-1024x1024.jpeg 1024w, http:\/\/blogdoarmindomaia.com.br\/wp-content\/uploads\/2022\/06\/TREINAO-ASSESSORADO-300x300.jpeg 300w, http:\/\/blogdoarmindomaia.com.br\/wp-content\/uploads\/2022\/06\/TREINAO-ASSESSORADO-150x150.jpeg 150w, http:\/\/blogdoarmindomaia.com.br\/wp-content\/uploads\/2022\/06\/TREINAO-ASSESSORADO-768x768.jpeg 768w, http:\/\/blogdoarmindomaia.com.br\/wp-content\/uploads\/2022\/06\/TREINAO-ASSESSORADO.jpeg 1080w\" sizes=\"auto, (max-width: 1024px) 100vw, 1024px\" \/><\/figure>\n\n\n\n<p>Exerc\u00edcios de corrida, aquecimento, for\u00e7a, equil\u00edbrio, flexibilidade e mobilidade. A Associa\u00e7\u00e3o dos Corredores de Rua de Arax\u00e1 (Acora) promove mais uma atividade do projeto \u201cAcora em A\u00e7\u00e3o\u201d no pr\u00f3ximo s\u00e1bado (11), a partir das 7h, na Pra\u00e7a C\u00e9lia Montandon (Pra\u00e7a das Mangueiras).&nbsp;O espa\u00e7o vai receber um &#8220;Trein\u00e3o Assessorado&#8221; com o objetivo de incentivar a pr\u00e1tica esportiva e combater o sedentarismo de jovens, adultos e idosos. O evento \u00e9 gratuito e aberto \u00e0 toda a comunidade araxaense.<br>O \u201cAcora em A\u00e7\u00e3o\u201d \u00e9 um projeto desenvolvido pela Associa\u00e7\u00e3o dos Corredores de Rua de Arax\u00e1, por meio da Lei de Incentivo ao Esporte. O programa conta com o patroc\u00ednio da CBMM e o apoio da Prefeitura de Arax\u00e1 e Pol\u00edcia Militar. .&nbsp;<\/p>\n","protected":false},"excerpt":{"rendered":"<p>Exerc\u00edcios de corrida, aquecimento, for\u00e7a, equil\u00edbrio, flexibilidade e mobilidade. A Associa\u00e7\u00e3o dos Corredores de Rua de Arax\u00e1 (Acora) promove mais<\/p>\n","protected":false},"author":2,"featured_media":1346,"comment_status":"open","ping_status":"open","sticky":false,"template":"","format":"standard","meta":{"footnotes":""},"categories":[9,15],"tags":[],"class_list":["post-1345","post","type-post","status-publish","format-standard","has-post-thumbnail","hentry","category-araxa","category-esportes"],"_links":{"self":[{"href":"http:\/\/blogdoarmindomaia.com.br\/index.php?rest_route=\/wp\/v2\/posts\/1345","targetHints":{"allow":["GET"]}}],"collection":[{"href":"http:\/\/blogdoarmindomaia.com.br\/index.php?rest_route=\/wp\/v2\/posts"}],"about":[{"href":"http:\/\/blogdoarmindomaia.com.br\/index.php?rest_route=\/wp\/v2\/types\/post"}],"author":[{"embeddable":true,"href":"http:\/\/blogdoarmindomaia.com.br\/index.php?rest_route=\/wp\/v2\/users\/2"}],"replies":[{"embeddable":true,"href":"http:\/\/blogdoarmindomaia.com.br\/index.php?rest_route=%2Fwp%2Fv2%2Fcomments&post=1345"}],"version-history":[{"count":1,"href":"http:\/\/blogdoarmindomaia.com.br\/index.php?rest_route=\/wp\/v2\/posts\/1345\/revisions"}],"predecessor-version":[{"id":1347,"href":"http:\/\/blogdoarmindomaia.com.br\/index.php?rest_route=\/wp\/v2\/posts\/1345\/revisions\/1347"}],"wp:featuredmedia":[{"embeddable":true,"href":"http:\/\/blogdoarmindomaia.com.br\/index.php?rest_route=\/wp\/v2\/media\/1346"}],"wp:attachment":[{"href":"http:\/\/blogdoarmindomaia.com.br\/index.php?rest_route=%2Fwp%2Fv2%2Fmedia&parent=1345"}],"wp:term":[{"taxonomy":"category","embeddable":true,"href":"http:\/\/blogdoarmindomaia.com.br\/index.php?rest_route=%2Fwp%2Fv2%2Fcategories&post=1345"},{"taxonomy":"post_tag","embeddable":true,"href":"http:\/\/blogdoarmindomaia.com.br\/index.php?rest_route=%2Fwp%2Fv2%2Ftags&post=1345"}],"curies":[{"name":"wp","href":"https:\/\/api.w.org\/{rel}","templated":true}]}}