{"id":1349,"date":"2022-06-09T14:20:16","date_gmt":"2022-06-09T17:20:16","guid":{"rendered":"http:\/\/blogdoarmindomaia.com.br\/?p=1349"},"modified":"2022-06-09T14:20:17","modified_gmt":"2022-06-09T17:20:17","slug":"florir-o-cerrado-invade-araxa-e-colore-o-parque-do-cristo-2","status":"publish","type":"post","link":"http:\/\/blogdoarmindomaia.com.br\/?p=1349","title":{"rendered":"\u201c Florir o Cerrado\u201d invade Arax\u00e1 e colore o Parque do Cristo"},"content":{"rendered":"\n<figure class=\"wp-block-image size-large\"><img loading=\"lazy\" decoding=\"async\" width=\"1024\" height=\"576\" src=\"http:\/\/blogdoarmindomaia.com.br\/wp-content\/uploads\/2022\/06\/368e2626-3ab5-4574-91e1-c1fd243033c1-1024x576.jpg\" alt=\"\" class=\"wp-image-1350\" srcset=\"http:\/\/blogdoarmindomaia.com.br\/wp-content\/uploads\/2022\/06\/368e2626-3ab5-4574-91e1-c1fd243033c1-1024x576.jpg 1024w, http:\/\/blogdoarmindomaia.com.br\/wp-content\/uploads\/2022\/06\/368e2626-3ab5-4574-91e1-c1fd243033c1-300x169.jpg 300w, http:\/\/blogdoarmindomaia.com.br\/wp-content\/uploads\/2022\/06\/368e2626-3ab5-4574-91e1-c1fd243033c1-768x432.jpg 768w, http:\/\/blogdoarmindomaia.com.br\/wp-content\/uploads\/2022\/06\/368e2626-3ab5-4574-91e1-c1fd243033c1.jpg 1280w\" sizes=\"auto, (max-width: 1024px) 100vw, 1024px\" \/><\/figure>\n\n\n\n<figure class=\"wp-block-image size-large\"><img loading=\"lazy\" decoding=\"async\" width=\"1024\" height=\"768\" src=\"http:\/\/blogdoarmindomaia.com.br\/wp-content\/uploads\/2022\/06\/7119e5e5-38a4-4798-9943-5c58f23aba39-1024x768.jpg\" alt=\"\" class=\"wp-image-1352\" srcset=\"http:\/\/blogdoarmindomaia.com.br\/wp-content\/uploads\/2022\/06\/7119e5e5-38a4-4798-9943-5c58f23aba39-1024x768.jpg 1024w, http:\/\/blogdoarmindomaia.com.br\/wp-content\/uploads\/2022\/06\/7119e5e5-38a4-4798-9943-5c58f23aba39-300x225.jpg 300w, http:\/\/blogdoarmindomaia.com.br\/wp-content\/uploads\/2022\/06\/7119e5e5-38a4-4798-9943-5c58f23aba39-768x576.jpg 768w, http:\/\/blogdoarmindomaia.com.br\/wp-content\/uploads\/2022\/06\/7119e5e5-38a4-4798-9943-5c58f23aba39.jpg 1280w\" sizes=\"auto, (max-width: 1024px) 100vw, 1024px\" \/><\/figure>\n\n\n\n<figure class=\"wp-block-image size-large\"><img loading=\"lazy\" decoding=\"async\" width=\"1024\" height=\"768\" src=\"http:\/\/blogdoarmindomaia.com.br\/wp-content\/uploads\/2022\/06\/Florir-o-Cerrado-pag-08-1024x768.jpg\" alt=\"\" class=\"wp-image-1354\" srcset=\"http:\/\/blogdoarmindomaia.com.br\/wp-content\/uploads\/2022\/06\/Florir-o-Cerrado-pag-08-1024x768.jpg 1024w, http:\/\/blogdoarmindomaia.com.br\/wp-content\/uploads\/2022\/06\/Florir-o-Cerrado-pag-08-300x225.jpg 300w, http:\/\/blogdoarmindomaia.com.br\/wp-content\/uploads\/2022\/06\/Florir-o-Cerrado-pag-08-768x576.jpg 768w, http:\/\/blogdoarmindomaia.com.br\/wp-content\/uploads\/2022\/06\/Florir-o-Cerrado-pag-08.jpg 1280w\" sizes=\"auto, (max-width: 1024px) 100vw, 1024px\" \/><\/figure>\n\n\n\n<figure class=\"wp-block-image size-large\"><img loading=\"lazy\" decoding=\"async\" width=\"1024\" height=\"768\" src=\"http:\/\/blogdoarmindomaia.com.br\/wp-content\/uploads\/2022\/06\/e14a73e7-7a6f-4cc1-b374-200f0625acf9-1024x768.jpg\" alt=\"\" class=\"wp-image-1353\" srcset=\"http:\/\/blogdoarmindomaia.com.br\/wp-content\/uploads\/2022\/06\/e14a73e7-7a6f-4cc1-b374-200f0625acf9-1024x768.jpg 1024w, http:\/\/blogdoarmindomaia.com.br\/wp-content\/uploads\/2022\/06\/e14a73e7-7a6f-4cc1-b374-200f0625acf9-300x225.jpg 300w, http:\/\/blogdoarmindomaia.com.br\/wp-content\/uploads\/2022\/06\/e14a73e7-7a6f-4cc1-b374-200f0625acf9-768x576.jpg 768w, http:\/\/blogdoarmindomaia.com.br\/wp-content\/uploads\/2022\/06\/e14a73e7-7a6f-4cc1-b374-200f0625acf9.jpg 1280w\" sizes=\"auto, (max-width: 1024px) 100vw, 1024px\" \/><\/figure>\n\n\n\n<figure class=\"wp-block-image size-large\"><img loading=\"lazy\" decoding=\"async\" width=\"768\" height=\"1024\" src=\"http:\/\/blogdoarmindomaia.com.br\/wp-content\/uploads\/2022\/06\/384dd185-b170-45cf-8c2c-a65c8baf62dc-768x1024.jpg\" alt=\"\" class=\"wp-image-1351\" srcset=\"http:\/\/blogdoarmindomaia.com.br\/wp-content\/uploads\/2022\/06\/384dd185-b170-45cf-8c2c-a65c8baf62dc-768x1024.jpg 768w, http:\/\/blogdoarmindomaia.com.br\/wp-content\/uploads\/2022\/06\/384dd185-b170-45cf-8c2c-a65c8baf62dc-225x300.jpg 225w, http:\/\/blogdoarmindomaia.com.br\/wp-content\/uploads\/2022\/06\/384dd185-b170-45cf-8c2c-a65c8baf62dc.jpg 960w\" sizes=\"auto, (max-width: 768px) 100vw, 768px\" \/><\/figure>\n\n\n\n<p>Doming\u00e3o de sol em Arax\u00e1. Dia 05 de junho de 2022. Uma data para ficar na retina e ser comemorada sempre! A prop\u00f3sito, esta data especial, tamb\u00e9m foi simb\u00f3lica e emblem\u00e1tica por ser o dia mundial do meio ambiente. E para celebrar, promover a conscientiza\u00e7\u00e3o da import\u00e2ncia do meio ambiente para a vida do planeta terra, que a CBMM ofertou \u00e0 comunidade araxaense um dia cheio de a\u00e7\u00f5es, atividades, socais, art\u00edsticas, culturais e ambientais, tendo como palco principal, um dos principais cart\u00f5es postais da cidade; o Parque do Cristo, no alto de Santa Rita, no setor norte de Arax\u00e1. &nbsp;<\/p>\n\n\n\n<p>Das 9 horas da manh\u00e3 at\u00e9 as 19 horas do domingo, mais de oito mil pessoas que passaram pelo Parque do Cristo, tiveram bons momentos de divers\u00e3o e entretenimento entre fam\u00edlia e amigos. O Festival FloRIR o Cerrado aconteceu num clima de festa e integra\u00e7\u00e3o e com entrada franca. Com foco no um movimento de cuidado e preserva\u00e7\u00e3o do Cerrado, a comunidade pode participar de muitas atividades e tamb\u00e9m curtir v\u00e1rias atra\u00e7\u00f5es. Segundo Fernanda Cursino, da \u00e1rea de comunica\u00e7\u00e3o e marketing da CBMM, \u201cn\u00f3s queremos que o Festival FloRIR o Cerrado seja um novo marco cultural da cidade e entre para o calend\u00e1rio oficial de Arax\u00e1. Um evento aberto ao p\u00fablico e que tem, al\u00e9m das atra\u00e7\u00f5es culturais e art\u00edsticas, car\u00e1ter educativo e um significado muito importante\u201d.<\/p>\n\n\n\n<p>Em entrevista exclusiva ao Jornal Intera\u00e7\u00e3o, a Diretora de Comunica\u00e7\u00e3o e Marketing da CBMM, Bianca Scani, disse que, \u201c n\u00f3s estamos muito felizes com a ades\u00e3o da comunidade que superou as nossas expectativas. O mais importante de tudo \u00e9 que a gente conseguiu uma conex\u00e3o muito bacana entre educa\u00e7\u00e3o, as atividades do nosso programa de ambiental que est\u00e1 completando 30 anos, fizemos a apresenta\u00e7\u00e3o oficial para a comunidade, dos nossos novos mascotes. E foi um dia de muita alegria, muito entretenimento e \u00e9 isso que a gente quer fazer sempre, trazer atividades e atra\u00e7\u00f5es de muita qualidade para juntar fam\u00edlias num ambiente t\u00e3o bacana e agrad\u00e1vel como este\u201d. &nbsp;<\/p>\n\n\n\n<p>J\u00e1 a Coordenadora da Comunica\u00e7\u00e3o da CBMM em Arax\u00e1, Karin Betz, destacou com orgulho a apresenta\u00e7\u00e3o \u00e0 comunidade os novos &nbsp;mascotes, do projeto ambiental desenvolvido pela empresa. Segundo Ela, \u201c hoje n\u00f3s tivemos a oportunidade de apresentar os &nbsp;mascotes \u00e0 comunidade. Temos a loba Kika, que \u00e9 neto do lobo Kiko, temos o Tamandu\u00e1 Bandeira, Manduca e a Anta Eva. Eles s\u00e3o s\u00edmbolos do nosso projeto ambiental Cientistas do Cerrado que envolve os alunos de todas as escolas de nossa cidade, com a\u00e7\u00f5es e atividades ambientais sobre a fauna e flora do cerrado\u201d.<\/p>\n\n\n\n<p>A&nbsp;programa\u00e7\u00e3o&nbsp; do \u201cFlorir o Cerrado\u2019, foi voltada para toda a fam\u00edlia, muito diversificada, ela teve entre as atra\u00e7\u00f5es: oficinas, apresenta\u00e7\u00f5es art\u00edsticas e teatrais, atividades de entretenimento, atividades do Programa de Educa\u00e7\u00e3o Ambiental \u201cCientistas do Cerrado\u201d, presen\u00e7a da Biblioteca Itinerante e apresenta\u00e7\u00f5es musicais.&nbsp;&nbsp; E o encerramento do projeto, por volta das 18:30 horas, foi uma atra\u00e7\u00e3o a parte: quem esperou at\u00e9 o final da festa foi brindado com um espet\u00e1culo primoroso. No palco especialmente montado para o grande &nbsp;final se apresentaram por mais de uma hora, a Orquestra de Ouro Preto e a cantora mineira Fernanda Taka\u00ed, vocalista da banda Pato Fu. O show foi um tributo ao centen\u00e1rio do genial Tom Jobim. M\u00fasica de qualidade, show especial e muita emo\u00e7\u00e3o e gratid\u00e3o na plateia que acompanhou devota e com encantamento o espet\u00e1culo \u00fanico que tamb\u00e9m celebrou a vida, a fam\u00edlia e alertou para a importa\u00e7\u00e3o dos cuidados com o nosso meio ambiente. E foi assim que o Projeto Florir o Cerrado invadiu o doming\u00e3o de sol no Parque do Cristo em Arax\u00e1 e coloriu os cora\u00e7\u00f5es das fam\u00edlias &nbsp;que abra\u00e7aram essa ideia verde e limpa! &nbsp;&nbsp;&nbsp;<\/p>\n","protected":false},"excerpt":{"rendered":"<p>Doming\u00e3o de sol em Arax\u00e1. Dia 05 de junho de 2022. Uma data para ficar na retina e ser comemorada<\/p>\n","protected":false},"author":2,"featured_media":1353,"comment_status":"open","ping_status":"open","sticky":false,"template":"","format":"standard","meta":{"footnotes":""},"categories":[9,5,11],"tags":[],"class_list":["post-1349","post","type-post","status-publish","format-standard","has-post-thumbnail","hentry","category-araxa","category-arte-e-cultura","category-destaques"],"_links":{"self":[{"href":"http:\/\/blogdoarmindomaia.com.br\/index.php?rest_route=\/wp\/v2\/posts\/1349","targetHints":{"allow":["GET"]}}],"collection":[{"href":"http:\/\/blogdoarmindomaia.com.br\/index.php?rest_route=\/wp\/v2\/posts"}],"about":[{"href":"http:\/\/blogdoarmindomaia.com.br\/index.php?rest_route=\/wp\/v2\/types\/post"}],"author":[{"embeddable":true,"href":"http:\/\/blogdoarmindomaia.com.br\/index.php?rest_route=\/wp\/v2\/users\/2"}],"replies":[{"embeddable":true,"href":"http:\/\/blogdoarmindomaia.com.br\/index.php?rest_route=%2Fwp%2Fv2%2Fcomments&post=1349"}],"version-history":[{"count":1,"href":"http:\/\/blogdoarmindomaia.com.br\/index.php?rest_route=\/wp\/v2\/posts\/1349\/revisions"}],"predecessor-version":[{"id":1355,"href":"http:\/\/blogdoarmindomaia.com.br\/index.php?rest_route=\/wp\/v2\/posts\/1349\/revisions\/1355"}],"wp:featuredmedia":[{"embeddable":true,"href":"http:\/\/blogdoarmindomaia.com.br\/index.php?rest_route=\/wp\/v2\/media\/1353"}],"wp:attachment":[{"href":"http:\/\/blogdoarmindomaia.com.br\/index.php?rest_route=%2Fwp%2Fv2%2Fmedia&parent=1349"}],"wp:term":[{"taxonomy":"category","embeddable":true,"href":"http:\/\/blogdoarmindomaia.com.br\/index.php?rest_route=%2Fwp%2Fv2%2Fcategories&post=1349"},{"taxonomy":"post_tag","embeddable":true,"href":"http:\/\/blogdoarmindomaia.com.br\/index.php?rest_route=%2Fwp%2Fv2%2Ftags&post=1349"}],"curies":[{"name":"wp","href":"https:\/\/api.w.org\/{rel}","templated":true}]}}