{"id":1359,"date":"2022-06-09T14:30:23","date_gmt":"2022-06-09T17:30:23","guid":{"rendered":"http:\/\/blogdoarmindomaia.com.br\/?p=1359"},"modified":"2022-06-09T14:30:25","modified_gmt":"2022-06-09T17:30:25","slug":"cbmm-e-a-imprensa-de-araxa-um-dia-para-pensar-no-futuro-da-comunicacao%ef%bf%bc","status":"publish","type":"post","link":"http:\/\/blogdoarmindomaia.com.br\/?p=1359","title":{"rendered":"CBMM e a Imprensa de Arax\u00e1: Um dia para pensar no futuro da comunica\u00e7\u00e3o\ufffc"},"content":{"rendered":"\n<figure class=\"wp-block-image size-large\"><img loading=\"lazy\" decoding=\"async\" width=\"1024\" height=\"768\" src=\"http:\/\/blogdoarmindomaia.com.br\/wp-content\/uploads\/2022\/06\/Marcelo-Minutti-palestrante-1024x768.jpg\" alt=\"\" class=\"wp-image-1365\" srcset=\"http:\/\/blogdoarmindomaia.com.br\/wp-content\/uploads\/2022\/06\/Marcelo-Minutti-palestrante-1024x768.jpg 1024w, http:\/\/blogdoarmindomaia.com.br\/wp-content\/uploads\/2022\/06\/Marcelo-Minutti-palestrante-300x225.jpg 300w, http:\/\/blogdoarmindomaia.com.br\/wp-content\/uploads\/2022\/06\/Marcelo-Minutti-palestrante-768x576.jpg 768w, http:\/\/blogdoarmindomaia.com.br\/wp-content\/uploads\/2022\/06\/Marcelo-Minutti-palestrante.jpg 1040w\" sizes=\"auto, (max-width: 1024px) 100vw, 1024px\" \/><\/figure>\n\n\n\n<figure class=\"wp-block-image size-large\"><img loading=\"lazy\" decoding=\"async\" width=\"1024\" height=\"768\" src=\"http:\/\/blogdoarmindomaia.com.br\/wp-content\/uploads\/2022\/06\/Mauricio-Rosa-Thiago-e-Armindo-Maia-1024x768.jpg\" alt=\"\" class=\"wp-image-1366\" srcset=\"http:\/\/blogdoarmindomaia.com.br\/wp-content\/uploads\/2022\/06\/Mauricio-Rosa-Thiago-e-Armindo-Maia-1024x768.jpg 1024w, http:\/\/blogdoarmindomaia.com.br\/wp-content\/uploads\/2022\/06\/Mauricio-Rosa-Thiago-e-Armindo-Maia-300x225.jpg 300w, http:\/\/blogdoarmindomaia.com.br\/wp-content\/uploads\/2022\/06\/Mauricio-Rosa-Thiago-e-Armindo-Maia-768x576.jpg 768w, http:\/\/blogdoarmindomaia.com.br\/wp-content\/uploads\/2022\/06\/Mauricio-Rosa-Thiago-e-Armindo-Maia-1536x1152.jpg 1536w, http:\/\/blogdoarmindomaia.com.br\/wp-content\/uploads\/2022\/06\/Mauricio-Rosa-Thiago-e-Armindo-Maia.jpg 1600w\" sizes=\"auto, (max-width: 1024px) 100vw, 1024px\" \/><\/figure>\n\n\n\n<figure class=\"wp-block-image size-large\"><img loading=\"lazy\" decoding=\"async\" width=\"768\" height=\"1024\" src=\"http:\/\/blogdoarmindomaia.com.br\/wp-content\/uploads\/2022\/06\/Giuliano-Michel-Fernandes-Diretor-de-Comunicacao-e-Marketing-da-CBMM-768x1024.jpg\" alt=\"\" class=\"wp-image-1364\" srcset=\"http:\/\/blogdoarmindomaia.com.br\/wp-content\/uploads\/2022\/06\/Giuliano-Michel-Fernandes-Diretor-de-Comunicacao-e-Marketing-da-CBMM-768x1024.jpg 768w, http:\/\/blogdoarmindomaia.com.br\/wp-content\/uploads\/2022\/06\/Giuliano-Michel-Fernandes-Diretor-de-Comunicacao-e-Marketing-da-CBMM-225x300.jpg 225w, http:\/\/blogdoarmindomaia.com.br\/wp-content\/uploads\/2022\/06\/Giuliano-Michel-Fernandes-Diretor-de-Comunicacao-e-Marketing-da-CBMM.jpg 780w\" sizes=\"auto, (max-width: 768px) 100vw, 768px\" \/><\/figure>\n\n\n\n<figure class=\"wp-block-image size-large\"><img loading=\"lazy\" decoding=\"async\" width=\"1024\" height=\"768\" src=\"http:\/\/blogdoarmindomaia.com.br\/wp-content\/uploads\/2022\/06\/Mauricio-Rosa-Erica-Abe-Jamerson-Murta-e-Armindo-Maia-1024x768.jpg\" alt=\"\" class=\"wp-image-1363\" srcset=\"http:\/\/blogdoarmindomaia.com.br\/wp-content\/uploads\/2022\/06\/Mauricio-Rosa-Erica-Abe-Jamerson-Murta-e-Armindo-Maia-1024x768.jpg 1024w, http:\/\/blogdoarmindomaia.com.br\/wp-content\/uploads\/2022\/06\/Mauricio-Rosa-Erica-Abe-Jamerson-Murta-e-Armindo-Maia-300x225.jpg 300w, http:\/\/blogdoarmindomaia.com.br\/wp-content\/uploads\/2022\/06\/Mauricio-Rosa-Erica-Abe-Jamerson-Murta-e-Armindo-Maia-768x576.jpg 768w, http:\/\/blogdoarmindomaia.com.br\/wp-content\/uploads\/2022\/06\/Mauricio-Rosa-Erica-Abe-Jamerson-Murta-e-Armindo-Maia-1536x1152.jpg 1536w, http:\/\/blogdoarmindomaia.com.br\/wp-content\/uploads\/2022\/06\/Mauricio-Rosa-Erica-Abe-Jamerson-Murta-e-Armindo-Maia.jpg 1600w\" sizes=\"auto, (max-width: 1024px) 100vw, 1024px\" \/><\/figure>\n\n\n\n<figure class=\"wp-block-image size-large\"><img loading=\"lazy\" decoding=\"async\" width=\"1024\" height=\"768\" src=\"http:\/\/blogdoarmindomaia.com.br\/wp-content\/uploads\/2022\/06\/jornalistas-com-a-comunicacao-da-CBMM-1024x768.jpg\" alt=\"\" class=\"wp-image-1362\" srcset=\"http:\/\/blogdoarmindomaia.com.br\/wp-content\/uploads\/2022\/06\/jornalistas-com-a-comunicacao-da-CBMM-1024x768.jpg 1024w, http:\/\/blogdoarmindomaia.com.br\/wp-content\/uploads\/2022\/06\/jornalistas-com-a-comunicacao-da-CBMM-300x225.jpg 300w, http:\/\/blogdoarmindomaia.com.br\/wp-content\/uploads\/2022\/06\/jornalistas-com-a-comunicacao-da-CBMM-768x576.jpg 768w, http:\/\/blogdoarmindomaia.com.br\/wp-content\/uploads\/2022\/06\/jornalistas-com-a-comunicacao-da-CBMM-1536x1152.jpg 1536w, http:\/\/blogdoarmindomaia.com.br\/wp-content\/uploads\/2022\/06\/jornalistas-com-a-comunicacao-da-CBMM.jpg 1600w\" sizes=\"auto, (max-width: 1024px) 100vw, 1024px\" \/><\/figure>\n\n\n\n<figure class=\"wp-block-image size-large\"><img loading=\"lazy\" decoding=\"async\" width=\"1024\" height=\"406\" src=\"http:\/\/blogdoarmindomaia.com.br\/wp-content\/uploads\/2022\/06\/Comunicacao-da-CBMM-e-jornalistas-de-Araxa-1024x406.jpg\" alt=\"\" class=\"wp-image-1361\" srcset=\"http:\/\/blogdoarmindomaia.com.br\/wp-content\/uploads\/2022\/06\/Comunicacao-da-CBMM-e-jornalistas-de-Araxa-1024x406.jpg 1024w, http:\/\/blogdoarmindomaia.com.br\/wp-content\/uploads\/2022\/06\/Comunicacao-da-CBMM-e-jornalistas-de-Araxa-300x119.jpg 300w, http:\/\/blogdoarmindomaia.com.br\/wp-content\/uploads\/2022\/06\/Comunicacao-da-CBMM-e-jornalistas-de-Araxa-768x304.jpg 768w, http:\/\/blogdoarmindomaia.com.br\/wp-content\/uploads\/2022\/06\/Comunicacao-da-CBMM-e-jornalistas-de-Araxa.jpg 1280w\" sizes=\"auto, (max-width: 1024px) 100vw, 1024px\" \/><\/figure>\n\n\n\n<figure class=\"wp-block-image size-large\"><img loading=\"lazy\" decoding=\"async\" width=\"1024\" height=\"768\" src=\"http:\/\/blogdoarmindomaia.com.br\/wp-content\/uploads\/2022\/06\/Armindo-Maia-Giuliano-Karin-e-Mauricio-Rosa-1024x768.jpg\" alt=\"\" class=\"wp-image-1360\" srcset=\"http:\/\/blogdoarmindomaia.com.br\/wp-content\/uploads\/2022\/06\/Armindo-Maia-Giuliano-Karin-e-Mauricio-Rosa-1024x768.jpg 1024w, http:\/\/blogdoarmindomaia.com.br\/wp-content\/uploads\/2022\/06\/Armindo-Maia-Giuliano-Karin-e-Mauricio-Rosa-300x225.jpg 300w, http:\/\/blogdoarmindomaia.com.br\/wp-content\/uploads\/2022\/06\/Armindo-Maia-Giuliano-Karin-e-Mauricio-Rosa-768x576.jpg 768w, http:\/\/blogdoarmindomaia.com.br\/wp-content\/uploads\/2022\/06\/Armindo-Maia-Giuliano-Karin-e-Mauricio-Rosa-1536x1152.jpg 1536w, http:\/\/blogdoarmindomaia.com.br\/wp-content\/uploads\/2022\/06\/Armindo-Maia-Giuliano-Karin-e-Mauricio-Rosa.jpg 1600w\" sizes=\"auto, (max-width: 1024px) 100vw, 1024px\" \/><\/figure>\n\n\n\n<p>Um Encontro diferente e \u201cum dia para pensar no futuro da comunica\u00e7\u00e3o\u201d! Esse foi o tema principal do encontro amistoso e de intera\u00e7\u00e3o entre a dire\u00e7\u00e3o de comunica\u00e7\u00e3o e marketing da Companhia Brasileira de Metalurgia e Mineir\u00e3o com os profissionais de v\u00e1rios ve\u00edculos de imprensa de Arax\u00e1. O evento aconteceu na tarde da \u00faltima segunda-feira, dia 06 de junho, no espa\u00e7o de eventos do Gran Hall. A reuni\u00e3o promovida pela CBMM, com apoio da AIA \u2013Associa\u00e7\u00e3o da Imprensa Araxaense, foi para comemorar o dia da imprensa (01 de junho). O encontro durou quase quatro horas e foi recheado de atividades e a\u00e7\u00f5es voltadas para a troca de experi\u00eancias, intera\u00e7\u00e3o e conhecimento do setor, entre os jornalistas locais, a comunica\u00e7\u00e3o da empresa e palestrantes especializados em comunica\u00e7\u00e3o, m\u00eddias digitais, marketing e publicidade.<\/p>\n\n\n\n<p>A primeira atividade do dia foi uma palestra virtual, proferida pelo conceituado Marcelo Minutti, que \u00e9 palestrante, consultor, mentor e pesquisador nas \u00e1reas de inova\u00e7\u00e3o, tecnologias disruptivas, marketing, gamifica\u00e7\u00e3o e design de neg\u00f3cios. Atua no mercado de m\u00eddia digital h\u00e1 mais de 20 anos, sendo um dos pioneiros no Brasil.&nbsp;<strong>Est\u00e1 entre os principais especialistas em inova\u00e7\u00e3o e transforma\u00e7\u00e3o digital do pa\u00eds e suas palestras e cursos j\u00e1 foram vistos por dezenas de milhares de pessoas.&nbsp;<\/strong>Recebeu o&nbsp;<strong>Pr\u00eamio de Excel\u00eancia Acad\u00eamica IBMEC como MELHOR PROFESSOR DE GEST\u00c3O E INOVA\u00c7\u00c3O<\/strong>&nbsp;na \u00e1rea de solu\u00e7\u00f5es corporativas. Com s\u00f3lida experi\u00eancia como executivo e consultor de grandes empresas nacionais e internacionais, al\u00e9m de relevante atua\u00e7\u00e3o como pesquisador e acad\u00eamico,&nbsp;<strong>est\u00e1 entre os poucos profissionais no mercado com vis\u00e3o hol\u00edstica pr\u00e1tica do ecossistema empresarial e corporativo<\/strong>.<\/p>\n\n\n\n<p>Por quase uma hora Minutti, abordou o tema, \u201cO futuro da comunica\u00e7\u00e3o\u201d.&nbsp; Com uma linguagem leve e exemplos do dia a dia, Marcelo chamou a aten\u00e7\u00e3o dos jornalistas e convidados, fazendo uma explana\u00e7\u00e3o geral e bem did\u00e1tica sobre as principais m\u00eddias digitais da atualidade e suas atua\u00e7\u00f5es dentro do amplo universo da comunica\u00e7\u00e3o. No final ele abriu espa\u00e7o para perguntas dos convidados.<\/p>\n\n\n\n<p>Na segunda parte do encontro, os profissionais da imprensa araxaense, participaram de um workshop com o tema; \u201cA m\u00eddia do amanh\u00e3\u201d, coordenado pela Digital M\u00eddia, \u00c9rica Abe e pelo publicit\u00e1rio e especialista em marketing Jamerson Murta. Durante a explana\u00e7\u00e3o, \u00c9rica e Murta, abordaram profundamente t\u00e9cnicas, pr\u00e1ticas e tend\u00eancias que envolvem tecnologia, inova\u00e7\u00e3o, a\u00e7\u00f5es e perspectivas do mundo sempre em evolu\u00e7\u00e3o da comunica\u00e7\u00e3o digital. No final, \u00c9rica e Jamerson tamb\u00e9m se interagiram com os jornalistas. &nbsp;<\/p>\n\n\n\n<p>Para a presidente da AIA Anete Di Mambro, \u201c como presidente da AIA, eu estou muito feliz e acredito que todos os associados tamb\u00e9m est\u00e3o. Esta \u00e9 a primeira vez que a imprensa de Arax\u00e1 tem um dia especial, um dia para ser comemorado\u201d.<\/p>\n\n\n\n<p>O Diretor de Comunica\u00e7\u00e3o e Marketing da CBMM, Giuliano Fernandes, disse ao Jornal Intera\u00e7\u00e3o que, \u201c n\u00f3s da CBMM somos uma parte de Arax\u00e1 e a sociedade espera que a gente possa trazer informa\u00e7\u00e3o e esclarecimentos; e obviamente esse processo de comunica\u00e7\u00e3o com a comunidade local, s\u00f3 \u00e9 poss\u00edvel de ser feita de forma respons\u00e1vel na cidade pela comunica\u00e7\u00e3o. E a imprensa de Arax\u00e1 \u00e9 fundamental em todo esse processo\u201d.<\/p>\n","protected":false},"excerpt":{"rendered":"<p>Um Encontro diferente e \u201cum dia para pensar no futuro da comunica\u00e7\u00e3o\u201d! Esse foi o tema principal do encontro amistoso<\/p>\n","protected":false},"author":2,"featured_media":1361,"comment_status":"open","ping_status":"open","sticky":false,"template":"","format":"standard","meta":{"footnotes":""},"categories":[9,11],"tags":[],"class_list":["post-1359","post","type-post","status-publish","format-standard","has-post-thumbnail","hentry","category-araxa","category-destaques"],"_links":{"self":[{"href":"http:\/\/blogdoarmindomaia.com.br\/index.php?rest_route=\/wp\/v2\/posts\/1359","targetHints":{"allow":["GET"]}}],"collection":[{"href":"http:\/\/blogdoarmindomaia.com.br\/index.php?rest_route=\/wp\/v2\/posts"}],"about":[{"href":"http:\/\/blogdoarmindomaia.com.br\/index.php?rest_route=\/wp\/v2\/types\/post"}],"author":[{"embeddable":true,"href":"http:\/\/blogdoarmindomaia.com.br\/index.php?rest_route=\/wp\/v2\/users\/2"}],"replies":[{"embeddable":true,"href":"http:\/\/blogdoarmindomaia.com.br\/index.php?rest_route=%2Fwp%2Fv2%2Fcomments&post=1359"}],"version-history":[{"count":1,"href":"http:\/\/blogdoarmindomaia.com.br\/index.php?rest_route=\/wp\/v2\/posts\/1359\/revisions"}],"predecessor-version":[{"id":1367,"href":"http:\/\/blogdoarmindomaia.com.br\/index.php?rest_route=\/wp\/v2\/posts\/1359\/revisions\/1367"}],"wp:featuredmedia":[{"embeddable":true,"href":"http:\/\/blogdoarmindomaia.com.br\/index.php?rest_route=\/wp\/v2\/media\/1361"}],"wp:attachment":[{"href":"http:\/\/blogdoarmindomaia.com.br\/index.php?rest_route=%2Fwp%2Fv2%2Fmedia&parent=1359"}],"wp:term":[{"taxonomy":"category","embeddable":true,"href":"http:\/\/blogdoarmindomaia.com.br\/index.php?rest_route=%2Fwp%2Fv2%2Fcategories&post=1359"},{"taxonomy":"post_tag","embeddable":true,"href":"http:\/\/blogdoarmindomaia.com.br\/index.php?rest_route=%2Fwp%2Fv2%2Ftags&post=1359"}],"curies":[{"name":"wp","href":"https:\/\/api.w.org\/{rel}","templated":true}]}}