{"id":1379,"date":"2022-06-10T16:44:45","date_gmt":"2022-06-10T19:44:45","guid":{"rendered":"http:\/\/blogdoarmindomaia.com.br\/?p=1379"},"modified":"2022-06-10T16:44:47","modified_gmt":"2022-06-10T19:44:47","slug":"prefeitura-de-araxa-promove-vacinacao-itinerante-em-cinco-bairros-da-cidade","status":"publish","type":"post","link":"http:\/\/blogdoarmindomaia.com.br\/?p=1379","title":{"rendered":"Prefeitura de Arax\u00e1 promove vacina\u00e7\u00e3o itinerante em cinco bairros da cidade"},"content":{"rendered":"\n<figure class=\"wp-block-image size-large\"><img loading=\"lazy\" decoding=\"async\" width=\"1024\" height=\"1024\" src=\"http:\/\/blogdoarmindomaia.com.br\/wp-content\/uploads\/2022\/06\/WhatsApp-Image-2022-06-10-at-09.50.39-1024x1024.jpeg\" alt=\"\" class=\"wp-image-1380\" srcset=\"http:\/\/blogdoarmindomaia.com.br\/wp-content\/uploads\/2022\/06\/WhatsApp-Image-2022-06-10-at-09.50.39-1024x1024.jpeg 1024w, http:\/\/blogdoarmindomaia.com.br\/wp-content\/uploads\/2022\/06\/WhatsApp-Image-2022-06-10-at-09.50.39-300x300.jpeg 300w, http:\/\/blogdoarmindomaia.com.br\/wp-content\/uploads\/2022\/06\/WhatsApp-Image-2022-06-10-at-09.50.39-150x150.jpeg 150w, http:\/\/blogdoarmindomaia.com.br\/wp-content\/uploads\/2022\/06\/WhatsApp-Image-2022-06-10-at-09.50.39-768x768.jpeg 768w, http:\/\/blogdoarmindomaia.com.br\/wp-content\/uploads\/2022\/06\/WhatsApp-Image-2022-06-10-at-09.50.39.jpeg 1080w\" sizes=\"auto, (max-width: 1024px) 100vw, 1024px\" \/><\/figure>\n\n\n\n<p>As Estrat\u00e9gias de Sa\u00fade da Fam\u00edlia (ESFs) de cinco bairros de Arax\u00e1 v\u00e3o aplicar a vacina\u00e7\u00e3o contra a Covid-19, gripe, sarampo e rotina. De acordo com a Secretaria Municipal de Sa\u00fade, inicialmente o cronograma contempla o m\u00eas de junho e inicia a partir do pr\u00f3ximo dia 13.<br><br>&#8211; Segundas: ESF Leblon, das 8h30 \u00e0s 13h30<br>&#8211; Ter\u00e7as: ESF Aboli\u00e7\u00e3o, das 8h30 \u00e0s 13h30<br>&#8211; Quartas: ESF Ana Pinto de Almeida, das 8h30 \u00e0s 13h30<br>&#8211; Quintas: ESF P\u00e3o de A\u00e7\u00facar, das 8h30 \u00e0s 13h30<br>&#8211; Sextas: ESF Tiradentes, das 8h30 \u00e0s 13h30<br><br>A vacina\u00e7\u00e3o itinerante compreende todas as vacinas do calend\u00e1rio do Sistema \u00danico de Sa\u00fade (SUS) para crian\u00e7as, adolescentes e adultos. A vacina da gripe tamb\u00e9m ser\u00e1 aplicada ao p\u00fablico-alvo da campanha.<br><br>Quanto \u00e0 campanha contra a Covid-19, a vacina\u00e7\u00e3o itinerante oferece os imunizantes da CoronaVac e AstraZeneca para primeira dose, para a segunda dose (em quem vacinou a primeira dose com um desses imunizantes) e para dose de refor\u00e7o.<br><br>A coordenadora de Imuniza\u00e7\u00e3o, \u00c9rica Fonseca, diz que o objetivo \u00e9 levar a vacina\u00e7\u00e3o mais pr\u00f3xima das pessoas e aumentar a cobertura vacinal, principalmente para as crian\u00e7as que est\u00e3o com o cart\u00e3o em atraso.<br><br>\u201cS\u00e3o ESFs que ficam em regi\u00f5es que n\u00e3o contam com a Sala de Vacina\u00e7\u00e3o da Secretaria de Sa\u00fade. Esta \u00e9 a oportunidade para que toda a comunidade atualize o Cart\u00e3o de Vacina\u201d, afirma.<br><\/p>\n","protected":false},"excerpt":{"rendered":"<p>As Estrat\u00e9gias de Sa\u00fade da Fam\u00edlia (ESFs) de cinco bairros de Arax\u00e1 v\u00e3o aplicar a vacina\u00e7\u00e3o contra a Covid-19, gripe,<\/p>\n","protected":false},"author":2,"featured_media":1380,"comment_status":"open","ping_status":"open","sticky":false,"template":"","format":"standard","meta":{"footnotes":""},"categories":[9,29],"tags":[],"class_list":["post-1379","post","type-post","status-publish","format-standard","has-post-thumbnail","hentry","category-araxa","category-saude"],"_links":{"self":[{"href":"http:\/\/blogdoarmindomaia.com.br\/index.php?rest_route=\/wp\/v2\/posts\/1379","targetHints":{"allow":["GET"]}}],"collection":[{"href":"http:\/\/blogdoarmindomaia.com.br\/index.php?rest_route=\/wp\/v2\/posts"}],"about":[{"href":"http:\/\/blogdoarmindomaia.com.br\/index.php?rest_route=\/wp\/v2\/types\/post"}],"author":[{"embeddable":true,"href":"http:\/\/blogdoarmindomaia.com.br\/index.php?rest_route=\/wp\/v2\/users\/2"}],"replies":[{"embeddable":true,"href":"http:\/\/blogdoarmindomaia.com.br\/index.php?rest_route=%2Fwp%2Fv2%2Fcomments&post=1379"}],"version-history":[{"count":1,"href":"http:\/\/blogdoarmindomaia.com.br\/index.php?rest_route=\/wp\/v2\/posts\/1379\/revisions"}],"predecessor-version":[{"id":1381,"href":"http:\/\/blogdoarmindomaia.com.br\/index.php?rest_route=\/wp\/v2\/posts\/1379\/revisions\/1381"}],"wp:featuredmedia":[{"embeddable":true,"href":"http:\/\/blogdoarmindomaia.com.br\/index.php?rest_route=\/wp\/v2\/media\/1380"}],"wp:attachment":[{"href":"http:\/\/blogdoarmindomaia.com.br\/index.php?rest_route=%2Fwp%2Fv2%2Fmedia&parent=1379"}],"wp:term":[{"taxonomy":"category","embeddable":true,"href":"http:\/\/blogdoarmindomaia.com.br\/index.php?rest_route=%2Fwp%2Fv2%2Fcategories&post=1379"},{"taxonomy":"post_tag","embeddable":true,"href":"http:\/\/blogdoarmindomaia.com.br\/index.php?rest_route=%2Fwp%2Fv2%2Ftags&post=1379"}],"curies":[{"name":"wp","href":"https:\/\/api.w.org\/{rel}","templated":true}]}}