{"id":1382,"date":"2022-06-10T16:53:59","date_gmt":"2022-06-10T19:53:59","guid":{"rendered":"http:\/\/blogdoarmindomaia.com.br\/?p=1382"},"modified":"2022-06-10T16:54:01","modified_gmt":"2022-06-10T19:54:01","slug":"mais-de-tres-mil-pessoas-assistem-a-programacao-do-projeto-tri-ciclo%ef%bf%bc","status":"publish","type":"post","link":"http:\/\/blogdoarmindomaia.com.br\/?p=1382","title":{"rendered":"Mais de tr\u00eas mil pessoas assistem a programa\u00e7\u00e3o do projeto TRI CICLO\ufffc"},"content":{"rendered":"\n<figure class=\"wp-block-image size-large\"><img loading=\"lazy\" decoding=\"async\" width=\"1024\" height=\"768\" src=\"http:\/\/blogdoarmindomaia.com.br\/wp-content\/uploads\/2022\/06\/VersaoBrasileira-2-1024x768.jpeg\" alt=\"\" class=\"wp-image-1383\" srcset=\"http:\/\/blogdoarmindomaia.com.br\/wp-content\/uploads\/2022\/06\/VersaoBrasileira-2-1024x768.jpeg 1024w, http:\/\/blogdoarmindomaia.com.br\/wp-content\/uploads\/2022\/06\/VersaoBrasileira-2-300x225.jpeg 300w, http:\/\/blogdoarmindomaia.com.br\/wp-content\/uploads\/2022\/06\/VersaoBrasileira-2-768x576.jpeg 768w, http:\/\/blogdoarmindomaia.com.br\/wp-content\/uploads\/2022\/06\/VersaoBrasileira-2-1536x1152.jpeg 1536w, http:\/\/blogdoarmindomaia.com.br\/wp-content\/uploads\/2022\/06\/VersaoBrasileira-2.jpeg 1600w\" sizes=\"auto, (max-width: 1024px) 100vw, 1024px\" \/><\/figure>\n\n\n\n<p>Transformar por meio de pr\u00e1ticas culturais alguma realidade social, essa \u00e9 uma das propostas do projeto TRI CICLO Espet\u00e1culos que encerrou a sequ\u00eancia de atra\u00e7\u00f5es em Arax\u00e1 e Perdizes no \u00faltimo domingo (29). Conhecimento, felicidade e gratid\u00e3o s\u00e3o algumas das palavras mais ouvidas pela equipe da Tri Ciclo Produ\u00e7\u00f5es que produziu a iniciativa cultural. Os resultados foram al\u00e9m da expectativa, quase mil e setecentas crian\u00e7as assistiram a pe\u00e7a brincante \u201cNa Roda\u201d.<\/p>\n\n\n\n<p>No cen\u00e1rio atual do retorno das atividades culturais a proposta foi alcan\u00e7ada, de levar entretenimento atrav\u00e9s do espet\u00e1culo com a hist\u00f3ria de um Menino sem nome, com v\u00e1rias cantigas do norte de Minas Gerais e Vale do Jequitinhonha do grupo Maria Cutia (BH) nas escolas p\u00fablicas e particulares e nas institui\u00e7\u00f5es.<\/p>\n\n\n\n<p>\u201cN\u00f3s criamos o projeto aqui na cidade de Arax\u00e1 e hoje j\u00e1 expandimos. Atualmente o TRI CICLO acontece em oito cidades no Tri\u00e2ngulo Mineiro, Alto Parana\u00edba e Noroeste de Minas Gerais. N\u00f3s sempre trabalhamos com artistas locais, no \u00e2mbito estadual e de todo o pa\u00eds\u201d, diz a diretora geral do projeto TRI CICLO, L\u00edvia Ferolla.<\/p>\n\n\n\n<p>Conjunto de a\u00e7\u00f5es, todas gratuitas, para todos os p\u00fablicos, desde as crian\u00e7as e jovens que assistiram a \u201cVers\u00e3o Brasileira\u201d da Cia. Los Circo Los (Campinas.SP) at\u00e9 o dois pra l\u00e1, dois pra c\u00e1 no show de forr\u00f3 p\u00e9-de-serra do grupo Chama Chuva (Vila de Ita\u00fanas.ES).<\/p>\n\n\n\n<p>\u201cEstava indo pro servi\u00e7o e vi a propaganda que estava tendo o TRI CICLO. Acessei as redes sociais e acompanhei a programa\u00e7\u00e3o. Adoro um forrozim, n\u00e3o podia perder. Poder sair de casa novamente \u00e9 maravilhoso. Esse foi o primeiro evento que vim desde o in\u00edcio da pandemia\u201d, Giselle Oliveira, designer.<\/p>\n\n\n\n<p>No segundo semestre a programa\u00e7\u00e3o ser\u00e1 em Brasil\u00e2ndia de Minas e Jo\u00e3o Pinheiro, no noroeste.<\/p>\n\n\n\n<p><strong><em>Sobre o TRI CICLO<\/em><\/strong><\/p>\n\n\n\n<p>Percorrendo cidades mineiras o projeto j\u00e1 foi apresentado para um p\u00fablico de mais de 232 mil pessoas desde 2011. A \u00fanica pausa desde ent\u00e3o foi devido a pandemia. Mais de 19 artistas se apresentaram nesse regresso em Arax\u00e1 e Perdizes. A iniciativa cultural proporciona vertentes diferentes da cultura de forma gratuita \u00e0 plateia. Tivemos um p\u00fablico, em Arax\u00e1 e Perdizes, de 3.103 espectadores, 28 apresenta\u00e7\u00f5es, 21 locais diferentes e 1.693 crian\u00e7as atendidas.<\/p>\n\n\n\n<p>O 10\u00ba projeto TRI CICLO Espet\u00e1culos \u00e9 patrocinado pela CBMM (Companhia Brasileira de Metalurgia e Minera\u00e7\u00e3o) e a Bem Brasil Alimentos, atrav\u00e9s da Lei de Incentivo \u00e0 Cultura, da Secretaria Especial de Cultura do Minist\u00e9rio do Turismo. Realiza\u00e7\u00e3o: Tri Ciclo Produ\u00e7\u00f5es.<\/p>\n","protected":false},"excerpt":{"rendered":"<p>Transformar por meio de pr\u00e1ticas culturais alguma realidade social, essa \u00e9 uma das propostas do projeto TRI CICLO Espet\u00e1culos que<\/p>\n","protected":false},"author":2,"featured_media":1383,"comment_status":"open","ping_status":"open","sticky":false,"template":"","format":"standard","meta":{"footnotes":""},"categories":[9,5],"tags":[],"class_list":["post-1382","post","type-post","status-publish","format-standard","has-post-thumbnail","hentry","category-araxa","category-arte-e-cultura"],"_links":{"self":[{"href":"http:\/\/blogdoarmindomaia.com.br\/index.php?rest_route=\/wp\/v2\/posts\/1382","targetHints":{"allow":["GET"]}}],"collection":[{"href":"http:\/\/blogdoarmindomaia.com.br\/index.php?rest_route=\/wp\/v2\/posts"}],"about":[{"href":"http:\/\/blogdoarmindomaia.com.br\/index.php?rest_route=\/wp\/v2\/types\/post"}],"author":[{"embeddable":true,"href":"http:\/\/blogdoarmindomaia.com.br\/index.php?rest_route=\/wp\/v2\/users\/2"}],"replies":[{"embeddable":true,"href":"http:\/\/blogdoarmindomaia.com.br\/index.php?rest_route=%2Fwp%2Fv2%2Fcomments&post=1382"}],"version-history":[{"count":1,"href":"http:\/\/blogdoarmindomaia.com.br\/index.php?rest_route=\/wp\/v2\/posts\/1382\/revisions"}],"predecessor-version":[{"id":1384,"href":"http:\/\/blogdoarmindomaia.com.br\/index.php?rest_route=\/wp\/v2\/posts\/1382\/revisions\/1384"}],"wp:featuredmedia":[{"embeddable":true,"href":"http:\/\/blogdoarmindomaia.com.br\/index.php?rest_route=\/wp\/v2\/media\/1383"}],"wp:attachment":[{"href":"http:\/\/blogdoarmindomaia.com.br\/index.php?rest_route=%2Fwp%2Fv2%2Fmedia&parent=1382"}],"wp:term":[{"taxonomy":"category","embeddable":true,"href":"http:\/\/blogdoarmindomaia.com.br\/index.php?rest_route=%2Fwp%2Fv2%2Fcategories&post=1382"},{"taxonomy":"post_tag","embeddable":true,"href":"http:\/\/blogdoarmindomaia.com.br\/index.php?rest_route=%2Fwp%2Fv2%2Ftags&post=1382"}],"curies":[{"name":"wp","href":"https:\/\/api.w.org\/{rel}","templated":true}]}}