{"id":1412,"date":"2022-06-12T20:36:22","date_gmt":"2022-06-12T23:36:22","guid":{"rendered":"http:\/\/blogdoarmindomaia.com.br\/?p=1412"},"modified":"2022-06-12T20:36:24","modified_gmt":"2022-06-12T23:36:24","slug":"bem-brasil-concretiza-parceria-com-eureciclo-para-compensar-ambientalmente-suas-embalagens-pos-consumo","status":"publish","type":"post","link":"http:\/\/blogdoarmindomaia.com.br\/?p=1412","title":{"rendered":"Bem Brasil concretiza parceria com eureciclo para compensar ambientalmente suas embalagens p\u00f3s-consumo"},"content":{"rendered":"\n<figure class=\"wp-block-image size-full is-style-default\"><img loading=\"lazy\" decoding=\"async\" width=\"800\" height=\"534\" src=\"http:\/\/blogdoarmindomaia.com.br\/wp-content\/uploads\/2022\/06\/Bem-Brasil-concretiza-parceria-com-eureciclo-pag-7.jpg\" alt=\"\" class=\"wp-image-1413\" srcset=\"http:\/\/blogdoarmindomaia.com.br\/wp-content\/uploads\/2022\/06\/Bem-Brasil-concretiza-parceria-com-eureciclo-pag-7.jpg 800w, http:\/\/blogdoarmindomaia.com.br\/wp-content\/uploads\/2022\/06\/Bem-Brasil-concretiza-parceria-com-eureciclo-pag-7-300x200.jpg 300w, http:\/\/blogdoarmindomaia.com.br\/wp-content\/uploads\/2022\/06\/Bem-Brasil-concretiza-parceria-com-eureciclo-pag-7-768x513.jpg 768w\" sizes=\"auto, (max-width: 800px) 100vw, 800px\" \/><\/figure>\n\n\n\n<p>A Bem Brasil Alimentos concretizou a parceria com a eureciclo, certificadora de log\u00edstica reversa de embalagens do Brasil. Esta \u00e9 mais uma a\u00e7\u00e3o de sustentabilidade que passa a integrar o portf\u00f3lio da Bem Brasil, que desde sua cria\u00e7\u00e3o ressalta que o respeito e o cuidado com o ecossistema fazem parte da sua cultura organizacional e do seu DNA.<\/p>\n\n\n\n<p>\u201cA parceria consiste em destinar recursos proporcionais ao volume de embalagens geradas com a venda de nossos produtos, para a cadeia de reciclagem, a fim de mitigar o impacto ambiental dos nossos res\u00edduos p\u00f3s-consumo. Um compromisso que sempre tivemos n\u00e3o apenas com o nosso neg\u00f3cio, mas com o meio ambiente e com a sociedade. A empresa tem trabalhado, cada vez mais, com projetos permanentes que possam garantir a produ\u00e7\u00e3o e o consumo respons\u00e1veis\u201d, disse D\u00eanio de Oliveira, CEO da empresa.<\/p>\n\n\n\n<p>Ao fazer a compensa\u00e7\u00e3o ambiental aplicada \u00e0 log\u00edstica reversa das suas embalagens, a Bem Brasil receber\u00e1 Certificados de Reciclagem emitidos pela eureciclo. Os documentos s\u00e3o rastre\u00e1veis e comprovam o volume do material destinado adequadamente, atendendo as diretrizes da Pol\u00edtica Nacional de Res\u00edduos S\u00f3lidos (PNRS), institu\u00eddas pela Lei Federal 12.305\/2010, que imp\u00f5e a fabricantes, importadores, distribuidores e comerciantes de produtos embalados o dever de estruturar e operacionalizar sistemas que assegurem o retorno das embalagens p\u00f3s-consumo ao processo produtivo, com a posterior destina\u00e7\u00e3o final ambientalmente adequada, do que for retornado.<\/p>\n\n\n\n<p>Para cumprir as metas de log\u00edstica reversa de embalagens p\u00f3s-consumo definidas nacionalmente, as empresas devem recuperar ou compensar a quantidade m\u00ednima de 22% da massa total de embalagens colocadas no mercado. A Bem Brasil vai reciclar 1.273 toneladas de embalagens p\u00f3s-consumo (sendo 305 toneladas de pl\u00e1stico e 968 toneladas de papel), que equivalem a 5.092 m\u00b3 de res\u00edduos.<\/p>\n\n\n\n<p>Com a parceria, que come\u00e7ou com a compensa\u00e7\u00e3o volunt\u00e1ria em nove estados brasileiros e agora ser\u00e1 realizada em todo Brasil, a empresa passa a estampar o selo eureciclo, que informa ao consumidor o investimento no setor e nos agentes de reciclagem. Al\u00e9m do valor de venda do material, eles tamb\u00e9m s\u00e3o remunerados pelo servi\u00e7o prestado ao direcionar res\u00edduos para a reciclagem.<\/p>\n\n\n\n<p>As cooperativas e operadores t\u00eam autonomia para investir os valores recebidos em treinamentos, equipamentos, estrutura e sal\u00e1rios. \u201cNa pr\u00e1tica, significa que ao compensar o impacto das nossas embalagens, a Bem Brasil ajuda a valorizar o trabalho prestado por essas organiza\u00e7\u00f5es, desenvolvendo a cadeia de reciclagem do pa\u00eds. Este \u00e9, inclusive, um ponto importante da PNRS, que indica a import\u00e2ncia de incluir cooperativas e catadores de materiais recicl\u00e1veis no processo da log\u00edstica reversa, como quest\u00e3o social e de gera\u00e7\u00e3o de renda\u201d, acrescentou Oliveira.<\/p>\n\n\n\n<p>\u201cJuntas, conseguimos alcan\u00e7ar maiores volumes reciclados e remuneramos profissionais do setor com valores adicionais, causando impacto ambiental e social. Na jornada da sustentabilidade, \u00e9 importante nos unirmos para que os resultados sejam ampliados\u201d, disse Luca Degrandis, da eureciclo.<\/p>\n\n\n\n<p>A parceria da Bem Brasil com a eureciclo tem dura\u00e7\u00e3o inicial de dois anos. Al\u00e9m deste compromisso, outras a\u00e7\u00f5es na gest\u00e3o de res\u00edduos integram o portf\u00f3lio da Ger\u00eancia de Sustentabilidade da empresa. Uma delas \u00e9 a destina\u00e7\u00e3o de sobras de isopor para uma parceira que as utiliza como mat\u00e9ria-prima na fabrica\u00e7\u00e3o de blocos para constru\u00e7\u00e3o civil, material que volta para a Bem Brasil e \u00e9 aplicado nas c\u00e2maras frias de armazenamento de batata in natura.<\/p>\n","protected":false},"excerpt":{"rendered":"<p>A Bem Brasil Alimentos concretizou a parceria com a eureciclo, certificadora de log\u00edstica reversa de embalagens do Brasil. Esta \u00e9<\/p>\n","protected":false},"author":2,"featured_media":1413,"comment_status":"open","ping_status":"open","sticky":false,"template":"","format":"standard","meta":{"footnotes":""},"categories":[9,11],"tags":[],"class_list":["post-1412","post","type-post","status-publish","format-standard","has-post-thumbnail","hentry","category-araxa","category-destaques"],"_links":{"self":[{"href":"http:\/\/blogdoarmindomaia.com.br\/index.php?rest_route=\/wp\/v2\/posts\/1412","targetHints":{"allow":["GET"]}}],"collection":[{"href":"http:\/\/blogdoarmindomaia.com.br\/index.php?rest_route=\/wp\/v2\/posts"}],"about":[{"href":"http:\/\/blogdoarmindomaia.com.br\/index.php?rest_route=\/wp\/v2\/types\/post"}],"author":[{"embeddable":true,"href":"http:\/\/blogdoarmindomaia.com.br\/index.php?rest_route=\/wp\/v2\/users\/2"}],"replies":[{"embeddable":true,"href":"http:\/\/blogdoarmindomaia.com.br\/index.php?rest_route=%2Fwp%2Fv2%2Fcomments&post=1412"}],"version-history":[{"count":1,"href":"http:\/\/blogdoarmindomaia.com.br\/index.php?rest_route=\/wp\/v2\/posts\/1412\/revisions"}],"predecessor-version":[{"id":1414,"href":"http:\/\/blogdoarmindomaia.com.br\/index.php?rest_route=\/wp\/v2\/posts\/1412\/revisions\/1414"}],"wp:featuredmedia":[{"embeddable":true,"href":"http:\/\/blogdoarmindomaia.com.br\/index.php?rest_route=\/wp\/v2\/media\/1413"}],"wp:attachment":[{"href":"http:\/\/blogdoarmindomaia.com.br\/index.php?rest_route=%2Fwp%2Fv2%2Fmedia&parent=1412"}],"wp:term":[{"taxonomy":"category","embeddable":true,"href":"http:\/\/blogdoarmindomaia.com.br\/index.php?rest_route=%2Fwp%2Fv2%2Fcategories&post=1412"},{"taxonomy":"post_tag","embeddable":true,"href":"http:\/\/blogdoarmindomaia.com.br\/index.php?rest_route=%2Fwp%2Fv2%2Ftags&post=1412"}],"curies":[{"name":"wp","href":"https:\/\/api.w.org\/{rel}","templated":true}]}}