{"id":1415,"date":"2022-06-12T21:02:06","date_gmt":"2022-06-13T00:02:06","guid":{"rendered":"http:\/\/blogdoarmindomaia.com.br\/?p=1415"},"modified":"2022-06-12T21:02:08","modified_gmt":"2022-06-13T00:02:08","slug":"confirmado-para-julho-o-encontro-de-carros-antigos-em-araxa","status":"publish","type":"post","link":"http:\/\/blogdoarmindomaia.com.br\/?p=1415","title":{"rendered":"Confirmado para julho o Encontro de Carros Antigos em Arax\u00e1"},"content":{"rendered":"\n<figure class=\"wp-block-image size-full is-style-default\"><img loading=\"lazy\" decoding=\"async\" width=\"850\" height=\"567\" src=\"http:\/\/blogdoarmindomaia.com.br\/wp-content\/uploads\/2022\/06\/carros-antigos-3.jpg\" alt=\"\" class=\"wp-image-1416\" srcset=\"http:\/\/blogdoarmindomaia.com.br\/wp-content\/uploads\/2022\/06\/carros-antigos-3.jpg 850w, http:\/\/blogdoarmindomaia.com.br\/wp-content\/uploads\/2022\/06\/carros-antigos-3-300x200.jpg 300w, http:\/\/blogdoarmindomaia.com.br\/wp-content\/uploads\/2022\/06\/carros-antigos-3-768x512.jpg 768w\" sizes=\"auto, (max-width: 850px) 100vw, 850px\" \/><\/figure>\n\n\n\n<figure class=\"wp-block-image size-full is-style-default\"><img loading=\"lazy\" decoding=\"async\" width=\"850\" height=\"567\" src=\"http:\/\/blogdoarmindomaia.com.br\/wp-content\/uploads\/2022\/06\/carros-antigos-2.jpg\" alt=\"\" class=\"wp-image-1418\" srcset=\"http:\/\/blogdoarmindomaia.com.br\/wp-content\/uploads\/2022\/06\/carros-antigos-2.jpg 850w, http:\/\/blogdoarmindomaia.com.br\/wp-content\/uploads\/2022\/06\/carros-antigos-2-300x200.jpg 300w, http:\/\/blogdoarmindomaia.com.br\/wp-content\/uploads\/2022\/06\/carros-antigos-2-768x512.jpg 768w\" sizes=\"auto, (max-width: 850px) 100vw, 850px\" \/><\/figure>\n\n\n\n<p>Depois de muita negocia\u00e7\u00e3o e incertezas, foi confirmada a realiza\u00e7\u00e3o em Arax\u00e1, da 24\u00aa edi\u00e7\u00e3o do <strong>Brazil Classics KIA Show&nbsp;2022, tamb\u00e9m conhecido como Encontro de Carros Antigos. <\/strong>Com programa\u00e7\u00e3o de<strong>&nbsp;28&nbsp;a 31 de julho,<\/strong>&nbsp;os mais charmosos e raros ve\u00edculos antigos retornam \u00e0 Arax\u00e1, Minas Gerais, para o deleite dos colecionadores e admiradores de todo o Brasil. O mais tradicional e principal evento do calend\u00e1rio do antigomobilismo brasileiro, que acontece a cada 2 anos, comemora neste ano a sua 24\u00aa edi\u00e7\u00e3o, no maravilhoso cen\u00e1rio do Tau\u00e1 Grande Hotel Termas &amp; Convention Arax\u00e1. O&nbsp;<strong>Instituto Cultural Veteran Car \u2013 MG&nbsp;<\/strong>est\u00e1 preparando mais um belo espet\u00e1culo, que proporcionar\u00e1 aos participantes e visitantes* uma viagem pelo tempo, momentos inesquec\u00edveis recheados com uma extensa programa\u00e7\u00e3o cultural. Para a realiza\u00e7\u00e3o do evento na cidade, a Prefeitura de Arax\u00e1 entrou com um aporte financeiro de 20 mil reais, para apoiar a realiza\u00e7\u00e3o do encontro.<\/p>\n\n\n\n<p>Confira a programa\u00e7\u00e3o oficial do evento:<\/p>\n\n\n\n<p><strong>DIA 27&nbsp;DE JULHO &#8211; Quarta-feira<\/strong><\/p>\n\n\n\n<p>09:00h &#8211;&nbsp;Credenciamento e coloca\u00e7\u00e3o dos autom\u00f3veis de exposi\u00e7\u00e3o no p\u00e1tio.<\/p>\n\n\n\n<p><strong>DIA 28&nbsp;DE JULHO &#8211; Quinta-feira<\/strong><\/p>\n\n\n\n<p>08:00h &#8211;&nbsp;Credenciamento e coloca\u00e7\u00e3o dos autom\u00f3veis de exposi\u00e7\u00e3o no p\u00e1tio.<\/p>\n\n\n\n<p>17:00h &#8211;&nbsp;Abertura oficial do evento com a presen\u00e7a de autoridades e convidados.<\/p>\n\n\n\n<p><strong>DIA 29&nbsp;DE JULHO &#8211; Sexta-feira<\/strong><\/p>\n\n\n\n<p>15:00h &#8211; Assembleia da FBVA \u2013 Cine Tiradentes do Tau\u00e1 Grande Hotel.<\/p>\n\n\n\n<p>18:00h &#8211;&nbsp;Leil\u00e3o de autom\u00f3veis antigos.<\/p>\n\n\n\n<p><strong>DIA 30&nbsp;DE JULHO \u2013 S\u00e1bado<\/strong><\/p>\n\n\n\n<p>10:00h &#8211;&nbsp;Passeio\/desfile pela cidade de Arax\u00e1.<\/p>\n\n\n\n<p>19:00h &#8211;&nbsp;Premia\u00e7\u00e3o.<\/p>\n\n\n\n<p><strong>DIA 31&nbsp;DE JULHO \u2013 Domingo<\/strong> 07:00h &#8211; In\u00edcio de retirada dos ve\u00edculos.<\/p>\n","protected":false},"excerpt":{"rendered":"<p>Depois de muita negocia\u00e7\u00e3o e incertezas, foi confirmada a realiza\u00e7\u00e3o em Arax\u00e1, da 24\u00aa edi\u00e7\u00e3o do Brazil Classics KIA Show&nbsp;2022,<\/p>\n","protected":false},"author":2,"featured_media":1417,"comment_status":"open","ping_status":"open","sticky":false,"template":"","format":"standard","meta":{"footnotes":""},"categories":[9,11],"tags":[],"class_list":["post-1415","post","type-post","status-publish","format-standard","has-post-thumbnail","hentry","category-araxa","category-destaques"],"_links":{"self":[{"href":"http:\/\/blogdoarmindomaia.com.br\/index.php?rest_route=\/wp\/v2\/posts\/1415","targetHints":{"allow":["GET"]}}],"collection":[{"href":"http:\/\/blogdoarmindomaia.com.br\/index.php?rest_route=\/wp\/v2\/posts"}],"about":[{"href":"http:\/\/blogdoarmindomaia.com.br\/index.php?rest_route=\/wp\/v2\/types\/post"}],"author":[{"embeddable":true,"href":"http:\/\/blogdoarmindomaia.com.br\/index.php?rest_route=\/wp\/v2\/users\/2"}],"replies":[{"embeddable":true,"href":"http:\/\/blogdoarmindomaia.com.br\/index.php?rest_route=%2Fwp%2Fv2%2Fcomments&post=1415"}],"version-history":[{"count":1,"href":"http:\/\/blogdoarmindomaia.com.br\/index.php?rest_route=\/wp\/v2\/posts\/1415\/revisions"}],"predecessor-version":[{"id":1419,"href":"http:\/\/blogdoarmindomaia.com.br\/index.php?rest_route=\/wp\/v2\/posts\/1415\/revisions\/1419"}],"wp:featuredmedia":[{"embeddable":true,"href":"http:\/\/blogdoarmindomaia.com.br\/index.php?rest_route=\/wp\/v2\/media\/1417"}],"wp:attachment":[{"href":"http:\/\/blogdoarmindomaia.com.br\/index.php?rest_route=%2Fwp%2Fv2%2Fmedia&parent=1415"}],"wp:term":[{"taxonomy":"category","embeddable":true,"href":"http:\/\/blogdoarmindomaia.com.br\/index.php?rest_route=%2Fwp%2Fv2%2Fcategories&post=1415"},{"taxonomy":"post_tag","embeddable":true,"href":"http:\/\/blogdoarmindomaia.com.br\/index.php?rest_route=%2Fwp%2Fv2%2Ftags&post=1415"}],"curies":[{"name":"wp","href":"https:\/\/api.w.org\/{rel}","templated":true}]}}