{"id":1420,"date":"2022-06-12T21:14:54","date_gmt":"2022-06-13T00:14:54","guid":{"rendered":"http:\/\/blogdoarmindomaia.com.br\/?p=1420"},"modified":"2022-06-12T21:14:56","modified_gmt":"2022-06-13T00:14:56","slug":"araxa-sediou-o-maior-encontro-de-grupos-de-apoio-a-adocao-do-brasil","status":"publish","type":"post","link":"http:\/\/blogdoarmindomaia.com.br\/?p=1420","title":{"rendered":"<strong>Arax\u00e1 sediou o maior encontro de grupos de apoio \u00e0 ado\u00e7\u00e3o do Brasil<br><br><\/strong>"},"content":{"rendered":"\n<figure class=\"wp-block-image size-full is-style-default\"><img loading=\"lazy\" decoding=\"async\" width=\"1024\" height=\"683\" src=\"http:\/\/blogdoarmindomaia.com.br\/wp-content\/uploads\/2022\/06\/enapa-2022-3.jpeg\" alt=\"\" class=\"wp-image-1423\" srcset=\"http:\/\/blogdoarmindomaia.com.br\/wp-content\/uploads\/2022\/06\/enapa-2022-3.jpeg 1024w, http:\/\/blogdoarmindomaia.com.br\/wp-content\/uploads\/2022\/06\/enapa-2022-3-300x200.jpeg 300w, http:\/\/blogdoarmindomaia.com.br\/wp-content\/uploads\/2022\/06\/enapa-2022-3-768x512.jpeg 768w\" sizes=\"auto, (max-width: 1024px) 100vw, 1024px\" \/><\/figure>\n\n\n\n<figure class=\"wp-block-image size-full is-style-default\"><img loading=\"lazy\" decoding=\"async\" width=\"1024\" height=\"683\" src=\"http:\/\/blogdoarmindomaia.com.br\/wp-content\/uploads\/2022\/06\/enapa-2022-1.jpeg\" alt=\"\" class=\"wp-image-1422\" srcset=\"http:\/\/blogdoarmindomaia.com.br\/wp-content\/uploads\/2022\/06\/enapa-2022-1.jpeg 1024w, http:\/\/blogdoarmindomaia.com.br\/wp-content\/uploads\/2022\/06\/enapa-2022-1-300x200.jpeg 300w, http:\/\/blogdoarmindomaia.com.br\/wp-content\/uploads\/2022\/06\/enapa-2022-1-768x512.jpeg 768w\" sizes=\"auto, (max-width: 1024px) 100vw, 1024px\" \/><\/figure>\n\n\n\n<figure class=\"wp-block-image size-full is-style-default\"><img loading=\"lazy\" decoding=\"async\" width=\"1024\" height=\"683\" src=\"http:\/\/blogdoarmindomaia.com.br\/wp-content\/uploads\/2022\/06\/enapa-2022-2.jpeg\" alt=\"\" class=\"wp-image-1421\" srcset=\"http:\/\/blogdoarmindomaia.com.br\/wp-content\/uploads\/2022\/06\/enapa-2022-2.jpeg 1024w, http:\/\/blogdoarmindomaia.com.br\/wp-content\/uploads\/2022\/06\/enapa-2022-2-300x200.jpeg 300w, http:\/\/blogdoarmindomaia.com.br\/wp-content\/uploads\/2022\/06\/enapa-2022-2-768x512.jpeg 768w\" sizes=\"auto, (max-width: 1024px) 100vw, 1024px\" \/><\/figure>\n\n\n\n<p>No \u00faltimo final de semana, Arax\u00e1 sediou o maior evento nacional voltado ao tema da ado\u00e7\u00e3o. O Munic\u00edpio se tornou refer\u00eancia na \u00e1rea com a estrutura\u00e7\u00e3o da rede de prote\u00e7\u00e3o \u00e0 crian\u00e7a e do adolescente com a implanta\u00e7\u00e3o de importantes projetos e recebeu entre os dias 9 e 11 de junho, a 25\u00aa edi\u00e7\u00e3o do Encontro Nacional dos Grupos de Apoio \u00e0 Ado\u00e7\u00e3o (Enapa). O evento que teve como palco o espa\u00e7o Gran Hall, recebeu autoridades e pessoas envolvidas na causa da ado\u00e7\u00e3o, representando todo os estados brasileiros.<br><br>A cerim\u00f4nia de abertura contou tamb\u00e9m com a presen\u00e7a de representantes do Poder Executivo, Legislativo, Judici\u00e1rio, Minist\u00e9rio P\u00fablico, Conselho Municipal dos Direitos da Crian\u00e7a e do Adolescente e organiza\u00e7\u00f5es de apoio \u00e0 ado\u00e7\u00e3o de todo o Brasil.<br><br>O Enapa 2022 \u00e9 gratuito e voltado para pretendentes \u00e0 ado\u00e7\u00e3o, magistrados, servidores, promotores, comunidade acad\u00eamica, pais, m\u00e3es e filhos e interessados no assunto. O Enapa 2022 ocorre em formato h\u00edbrido, com possibilidade de participa\u00e7\u00e3o online e presencial, mediante inscri\u00e7\u00e3o.<br><br>Para o prefeito Robson Magela, a Administra\u00e7\u00e3o Municipal tem como prioridade fortalecer a rede de prote\u00e7\u00e3o \u00e0s crian\u00e7as e adolescentes, como, por exemplo, a recente transforma\u00e7\u00e3o do &#8220;Programa Refazendo Sonhos &#8211; Fam\u00edlia Acolhedora&#8221; em pol\u00edtica p\u00fablica no munic\u00edpio.<br><br>&#8220;A causa da Inf\u00e2ncia e Juventude \u00e9 primordial para n\u00f3s enquanto Administra\u00e7\u00e3o P\u00fablica, e esse evento \u00e9 oportunidade para trocar experi\u00eancias e consequentemente trazer ideias, projetos e solu\u00e7\u00f5es para a nossa realidade local. Um evento muito importante e tamb\u00e9m muito emocionante\u201d, destacou o prefeito durante o seu pronunciamento na abertura do evento.<br><br>A emo\u00e7\u00e3o tomou conta de todos os presentes. Ao som de Super Fant\u00e1sticos &#8211; m\u00fasica do grupo Bal\u00e3o M\u00e1gico &#8211; Cristiane Mirza, presidente do Grupo de Apoio \u00e0 Ado\u00e7\u00e3o Aquecendo Vidas de Arax\u00e1 e que conduziu a abertura do evento, foi interrompida por crian\u00e7as que percorreram as mesas e entregaram bal\u00f5es em formato de cora\u00e7\u00e3o aos convidados. Em tom descontra\u00eddo, o coral e dan\u00e7a de alunos dos anos iniciais das Escolas Municipais Rom\u00e1lia Porf\u00edrio de Azevedo Leite e Alice Moura intimaram p\u00fablico presente ao entrar no ritmo da m\u00fasica e acompanhar o coro.<br><br>Os momentos culturais tamb\u00e9m aconteceram ao longo de tr\u00eas dias, entre debates, mesas-redondas e palestras sobre o tema da ado\u00e7\u00e3o, al\u00e9m da apresenta\u00e7\u00e3o de trabalhos. Segundo a presidente da Funda\u00e7\u00e3o da Crian\u00e7a e do Adolescente de Arax\u00e1 (FCAA), Taciana Almeida, o evento re\u00fane grupos de apoio \u00e0 ado\u00e7\u00e3o de todo o Brasil. \u201c\u00c9 uma oportunidade de troca de conhecimentos e estrat\u00e9gias para lidar com os desafios enfrentados no dia a dia\u201d, enfatizou.<br><br>Segundo a promotora da Vara da Inf\u00e2ncia e Juventude em Arax\u00e1, Mara L\u00facia Silva Dourado, a escolha de Arax\u00e1 para sediar o evento \u00e9 reflexo de como o munic\u00edpio vem atuando junto \u00e0 rede de prote\u00e7\u00e3o.<br><br>&#8220;Se Arax\u00e1 conseguiu ser eleita sede de um evento dessa magnitude, \u00e9 porque a rede de prote\u00e7\u00e3o \u00e0 inf\u00e2ncia aqui est\u00e1 devidamente estruturada e tem capacidade de fazer um evento dessa qualidade. Outro ponto \u00e9 o reflexo, o resultado que esse evento vai trazer para nossa rede&#8221;, destaca.<br><br><strong>Enapa<br><\/strong><br>A realiza\u00e7\u00e3o do Enapa \u00e9 da Associa\u00e7\u00e3o Nacional de Grupos de Apoio \u00e0 Ado\u00e7\u00e3o (Angaad) e do Grupo de Apoio \u00e0 Ado\u00e7\u00e3o Aquecendo Vidas, de Arax\u00e1, e conta com recursos do Fundo Municipal dos Direitos das Crian\u00e7as e Adolescentes de Arax\u00e1 (FMDCA) e apoio da Prefeitura de Arax\u00e1. Mais informa\u00e7\u00f5es: (&nbsp;<a href=\"http:\/\/www.araxa.enapa.org.br\/\" target=\"_blank\" rel=\"noreferrer noopener\">www.araxa.enapa.org.br<\/a>&nbsp;).<br><\/p>\n","protected":false},"excerpt":{"rendered":"<p>No \u00faltimo final de semana, Arax\u00e1 sediou o maior evento nacional voltado ao tema da ado\u00e7\u00e3o. O Munic\u00edpio se tornou<\/p>\n","protected":false},"author":2,"featured_media":1421,"comment_status":"open","ping_status":"open","sticky":false,"template":"","format":"standard","meta":{"footnotes":""},"categories":[9,11],"tags":[],"class_list":["post-1420","post","type-post","status-publish","format-standard","has-post-thumbnail","hentry","category-araxa","category-destaques"],"_links":{"self":[{"href":"http:\/\/blogdoarmindomaia.com.br\/index.php?rest_route=\/wp\/v2\/posts\/1420","targetHints":{"allow":["GET"]}}],"collection":[{"href":"http:\/\/blogdoarmindomaia.com.br\/index.php?rest_route=\/wp\/v2\/posts"}],"about":[{"href":"http:\/\/blogdoarmindomaia.com.br\/index.php?rest_route=\/wp\/v2\/types\/post"}],"author":[{"embeddable":true,"href":"http:\/\/blogdoarmindomaia.com.br\/index.php?rest_route=\/wp\/v2\/users\/2"}],"replies":[{"embeddable":true,"href":"http:\/\/blogdoarmindomaia.com.br\/index.php?rest_route=%2Fwp%2Fv2%2Fcomments&post=1420"}],"version-history":[{"count":1,"href":"http:\/\/blogdoarmindomaia.com.br\/index.php?rest_route=\/wp\/v2\/posts\/1420\/revisions"}],"predecessor-version":[{"id":1424,"href":"http:\/\/blogdoarmindomaia.com.br\/index.php?rest_route=\/wp\/v2\/posts\/1420\/revisions\/1424"}],"wp:featuredmedia":[{"embeddable":true,"href":"http:\/\/blogdoarmindomaia.com.br\/index.php?rest_route=\/wp\/v2\/media\/1421"}],"wp:attachment":[{"href":"http:\/\/blogdoarmindomaia.com.br\/index.php?rest_route=%2Fwp%2Fv2%2Fmedia&parent=1420"}],"wp:term":[{"taxonomy":"category","embeddable":true,"href":"http:\/\/blogdoarmindomaia.com.br\/index.php?rest_route=%2Fwp%2Fv2%2Fcategories&post=1420"},{"taxonomy":"post_tag","embeddable":true,"href":"http:\/\/blogdoarmindomaia.com.br\/index.php?rest_route=%2Fwp%2Fv2%2Ftags&post=1420"}],"curies":[{"name":"wp","href":"https:\/\/api.w.org\/{rel}","templated":true}]}}