{"id":1425,"date":"2022-06-12T21:42:36","date_gmt":"2022-06-13T00:42:36","guid":{"rendered":"http:\/\/blogdoarmindomaia.com.br\/?p=1425"},"modified":"2022-06-12T21:42:38","modified_gmt":"2022-06-13T00:42:38","slug":"encontro-de-congado-e-mocambique-movimentou-araxa-no-fim-de-semana","status":"publish","type":"post","link":"http:\/\/blogdoarmindomaia.com.br\/?p=1425","title":{"rendered":"Encontro de Congado e Mo\u00e7ambique movimentou Arax\u00e1 no fim de semana"},"content":{"rendered":"\n<figure class=\"wp-block-image size-full is-style-default\"><img loading=\"lazy\" decoding=\"async\" width=\"782\" height=\"489\" src=\"http:\/\/blogdoarmindomaia.com.br\/wp-content\/uploads\/2022\/06\/Encontro-de-Congado-e-Mocambique-movimentou.jpg\" alt=\"\" class=\"wp-image-1426\" srcset=\"http:\/\/blogdoarmindomaia.com.br\/wp-content\/uploads\/2022\/06\/Encontro-de-Congado-e-Mocambique-movimentou.jpg 782w, http:\/\/blogdoarmindomaia.com.br\/wp-content\/uploads\/2022\/06\/Encontro-de-Congado-e-Mocambique-movimentou-300x188.jpg 300w, http:\/\/blogdoarmindomaia.com.br\/wp-content\/uploads\/2022\/06\/Encontro-de-Congado-e-Mocambique-movimentou-768x480.jpg 768w\" sizes=\"auto, (max-width: 782px) 100vw, 782px\" \/><\/figure>\n\n\n\n<p>Em rever\u00eancia \u00e0 Nossa Senhora do Ros\u00e1rio e S\u00e3o Benedito, devotos dos santos, realizaram no fim de semana em Arax\u00e1, um Encontro religioso, cultural e folcl\u00f3rico na cidade.<\/p>\n\n\n\n<p>Movidos pela f\u00e9 e devo\u00e7\u00e3o, v\u00e1rios grupos de congado e mo\u00e7ambique de Arax\u00e1 e outras cidades, se reuniram no \u00faltimo domingo, dia 12 de junho, para celebrar a tradi\u00e7\u00e3o que \u00e9 secular.<\/p>\n\n\n\n<p>Os grupos e devotos se reuniram primeiro na capela do bairro S\u00e3o Pedro e depois seguiram em apresenta\u00e7\u00e3o pelas principais ruas do centro de Arax\u00e1. Com muito batuque, cantos religiosos e cores nas fardas caracter\u00edsticas de cada grupo, os congadeiros, fizeram um desfile cheio de alegria e emo\u00e7\u00e3o.<\/p>\n\n\n\n<p>O encontro foi encerrado no in\u00edcio da noite de domingo ao lado da igreja de S\u00e3o Pedro com muita integra\u00e7\u00e3o e uma apresenta\u00e7\u00e3o conjunta de todos os grupos participantes. &nbsp;<\/p>\n","protected":false},"excerpt":{"rendered":"<p>Em rever\u00eancia \u00e0 Nossa Senhora do Ros\u00e1rio e S\u00e3o Benedito, devotos dos santos, realizaram no fim de semana em Arax\u00e1,<\/p>\n","protected":false},"author":2,"featured_media":1426,"comment_status":"open","ping_status":"open","sticky":false,"template":"","format":"standard","meta":{"footnotes":""},"categories":[9,5],"tags":[],"class_list":["post-1425","post","type-post","status-publish","format-standard","has-post-thumbnail","hentry","category-araxa","category-arte-e-cultura"],"_links":{"self":[{"href":"http:\/\/blogdoarmindomaia.com.br\/index.php?rest_route=\/wp\/v2\/posts\/1425","targetHints":{"allow":["GET"]}}],"collection":[{"href":"http:\/\/blogdoarmindomaia.com.br\/index.php?rest_route=\/wp\/v2\/posts"}],"about":[{"href":"http:\/\/blogdoarmindomaia.com.br\/index.php?rest_route=\/wp\/v2\/types\/post"}],"author":[{"embeddable":true,"href":"http:\/\/blogdoarmindomaia.com.br\/index.php?rest_route=\/wp\/v2\/users\/2"}],"replies":[{"embeddable":true,"href":"http:\/\/blogdoarmindomaia.com.br\/index.php?rest_route=%2Fwp%2Fv2%2Fcomments&post=1425"}],"version-history":[{"count":1,"href":"http:\/\/blogdoarmindomaia.com.br\/index.php?rest_route=\/wp\/v2\/posts\/1425\/revisions"}],"predecessor-version":[{"id":1427,"href":"http:\/\/blogdoarmindomaia.com.br\/index.php?rest_route=\/wp\/v2\/posts\/1425\/revisions\/1427"}],"wp:featuredmedia":[{"embeddable":true,"href":"http:\/\/blogdoarmindomaia.com.br\/index.php?rest_route=\/wp\/v2\/media\/1426"}],"wp:attachment":[{"href":"http:\/\/blogdoarmindomaia.com.br\/index.php?rest_route=%2Fwp%2Fv2%2Fmedia&parent=1425"}],"wp:term":[{"taxonomy":"category","embeddable":true,"href":"http:\/\/blogdoarmindomaia.com.br\/index.php?rest_route=%2Fwp%2Fv2%2Fcategories&post=1425"},{"taxonomy":"post_tag","embeddable":true,"href":"http:\/\/blogdoarmindomaia.com.br\/index.php?rest_route=%2Fwp%2Fv2%2Ftags&post=1425"}],"curies":[{"name":"wp","href":"https:\/\/api.w.org\/{rel}","templated":true}]}}