{"id":1433,"date":"2022-06-13T10:52:12","date_gmt":"2022-06-13T13:52:12","guid":{"rendered":"http:\/\/blogdoarmindomaia.com.br\/?p=1433"},"modified":"2022-06-13T10:52:14","modified_gmt":"2022-06-13T13:52:14","slug":"ganso-estreia-na-segunda-divisao-contra-o-inter-de-sao-gotardo","status":"publish","type":"post","link":"http:\/\/blogdoarmindomaia.com.br\/?p=1433","title":{"rendered":"Ganso estreia na Segunda Divis\u00e3o contra o Inter de S\u00e3o Gotardo\u00a0\u00a0\u00a0\u00a0\u00a0\u00a0\u00a0"},"content":{"rendered":"\n<figure class=\"wp-block-image size-full\"><img loading=\"lazy\" decoding=\"async\" width=\"1024\" height=\"680\" src=\"http:\/\/blogdoarmindomaia.com.br\/wp-content\/uploads\/2022\/06\/Ganso-estreia-na-Segundona-esportes.jpg\" alt=\"\" class=\"wp-image-1434\" srcset=\"http:\/\/blogdoarmindomaia.com.br\/wp-content\/uploads\/2022\/06\/Ganso-estreia-na-Segundona-esportes.jpg 1024w, http:\/\/blogdoarmindomaia.com.br\/wp-content\/uploads\/2022\/06\/Ganso-estreia-na-Segundona-esportes-300x199.jpg 300w, http:\/\/blogdoarmindomaia.com.br\/wp-content\/uploads\/2022\/06\/Ganso-estreia-na-Segundona-esportes-768x510.jpg 768w\" sizes=\"auto, (max-width: 1024px) 100vw, 1024px\" \/><\/figure>\n\n\n\n<p>O pontap\u00e9 inicial do Arax\u00e1 Esporte Clube na Segunda Divis\u00e3o desta temporada (2022) para a labuta em busca do acesso ao M\u00f3dulo Dois do Campeonato Mineiro, come\u00e7ar\u00e1 no dia 06 de agosto, no est\u00e1dio Fausto Alvim, conta a novata equipe do Inter da cidade de S\u00e3o Gotardo. A partida de estreia do Ganso no certame, est\u00e1 marcada pela Federa\u00e7\u00e3o Mineira de Futebol, para as 15:30 hs.<\/p>\n\n\n\n<p>A Segundona deste ano ter\u00e1 a participa\u00e7\u00e3o de 24 clubes, que est\u00e3o divididos em tr\u00eas grupos de 8 equipes. Na primeira fase v\u00e3o se classificar os 4 melhores times pontuados de cada chave. O time do Arax\u00e1 Esporte faz parte do grupo C que tem ainda as equipes do Inter de S\u00e3o Gotardo, Nacional de Uberaba, Nova Serrana, Ita\u00fana, Mamor\u00e9, Paracatu e Coimbra.<\/p>\n\n\n\n<p>A dire\u00e7\u00e3o do Ganso, informou que nos pr\u00f3ximos dias, a comiss\u00e3o t\u00e9cnica e os jogadores contratados dever\u00e3o iniciar a prepara\u00e7\u00e3o para a disputa da competi\u00e7\u00e3o, que promover\u00e1 o acesso do campe\u00e3o e o vice, para o certame mineiro do M\u00f3dulo B, de 2023. &nbsp;&nbsp;&nbsp;<\/p>\n","protected":false},"excerpt":{"rendered":"<p>O pontap\u00e9 inicial do Arax\u00e1 Esporte Clube na Segunda Divis\u00e3o desta temporada (2022) para a labuta em busca do acesso<\/p>\n","protected":false},"author":2,"featured_media":1434,"comment_status":"open","ping_status":"open","sticky":false,"template":"","format":"standard","meta":{"footnotes":""},"categories":[9,15],"tags":[],"class_list":["post-1433","post","type-post","status-publish","format-standard","has-post-thumbnail","hentry","category-araxa","category-esportes"],"_links":{"self":[{"href":"http:\/\/blogdoarmindomaia.com.br\/index.php?rest_route=\/wp\/v2\/posts\/1433","targetHints":{"allow":["GET"]}}],"collection":[{"href":"http:\/\/blogdoarmindomaia.com.br\/index.php?rest_route=\/wp\/v2\/posts"}],"about":[{"href":"http:\/\/blogdoarmindomaia.com.br\/index.php?rest_route=\/wp\/v2\/types\/post"}],"author":[{"embeddable":true,"href":"http:\/\/blogdoarmindomaia.com.br\/index.php?rest_route=\/wp\/v2\/users\/2"}],"replies":[{"embeddable":true,"href":"http:\/\/blogdoarmindomaia.com.br\/index.php?rest_route=%2Fwp%2Fv2%2Fcomments&post=1433"}],"version-history":[{"count":1,"href":"http:\/\/blogdoarmindomaia.com.br\/index.php?rest_route=\/wp\/v2\/posts\/1433\/revisions"}],"predecessor-version":[{"id":1435,"href":"http:\/\/blogdoarmindomaia.com.br\/index.php?rest_route=\/wp\/v2\/posts\/1433\/revisions\/1435"}],"wp:featuredmedia":[{"embeddable":true,"href":"http:\/\/blogdoarmindomaia.com.br\/index.php?rest_route=\/wp\/v2\/media\/1434"}],"wp:attachment":[{"href":"http:\/\/blogdoarmindomaia.com.br\/index.php?rest_route=%2Fwp%2Fv2%2Fmedia&parent=1433"}],"wp:term":[{"taxonomy":"category","embeddable":true,"href":"http:\/\/blogdoarmindomaia.com.br\/index.php?rest_route=%2Fwp%2Fv2%2Fcategories&post=1433"},{"taxonomy":"post_tag","embeddable":true,"href":"http:\/\/blogdoarmindomaia.com.br\/index.php?rest_route=%2Fwp%2Fv2%2Ftags&post=1433"}],"curies":[{"name":"wp","href":"https:\/\/api.w.org\/{rel}","templated":true}]}}