{"id":1439,"date":"2022-06-13T11:15:41","date_gmt":"2022-06-13T14:15:41","guid":{"rendered":"http:\/\/blogdoarmindomaia.com.br\/?p=1439"},"modified":"2022-06-13T11:15:43","modified_gmt":"2022-06-13T14:15:43","slug":"serginho-do-sada-cruzeiro-e-selecao-brasileira-realiza-projeto-de-volei-araxa%ef%bf%bc","status":"publish","type":"post","link":"http:\/\/blogdoarmindomaia.com.br\/?p=1439","title":{"rendered":"Serginho do Sada Cruzeiro e Sele\u00e7\u00e3o Brasileira realiza projeto de volei Arax\u00e1\ufffc"},"content":{"rendered":"\n<figure class=\"wp-block-image size-full\"><img loading=\"lazy\" decoding=\"async\" width=\"669\" height=\"682\" src=\"http:\/\/blogdoarmindomaia.com.br\/wp-content\/uploads\/2022\/06\/Serginho-do-Sada-Cruzeiro-e-Selecao-Brasileira-esporte.jpg\" alt=\"\" class=\"wp-image-1440\" srcset=\"http:\/\/blogdoarmindomaia.com.br\/wp-content\/uploads\/2022\/06\/Serginho-do-Sada-Cruzeiro-e-Selecao-Brasileira-esporte.jpg 669w, http:\/\/blogdoarmindomaia.com.br\/wp-content\/uploads\/2022\/06\/Serginho-do-Sada-Cruzeiro-e-Selecao-Brasileira-esporte-294x300.jpg 294w\" sizes=\"auto, (max-width: 669px) 100vw, 669px\" \/><\/figure>\n\n\n\n<p>Na semana que passou quem esteve em Arax\u00e1 foi o craque das quadras e multi campe\u00e3o com a camisa do time de v\u00f4lei do Sada Cruzeiro, com passagens pelas equipes do Minas T\u00eanis Clube e Sele\u00e7\u00e3o Brasileira, o ex-l\u00edbero&nbsp;Serginho. O tricampe\u00e3o mundial de clubes e nove vezes campe\u00e3o da Superliga na carreira,&nbsp;se aposentou do v\u00f4lei profissional h\u00e1 dois anos, mas continua ativo desenvolvendo v\u00e1rios projetos esportivos e sociais.<\/p>\n\n\n\n<p>O Jornal Intera\u00e7\u00e3o conversou com o ex atleta que al\u00e9m de palestrante, comentarista esportivo tamb\u00e9m tem atua\u00e7\u00e3o destacada em Belo Horizonte e v\u00e1rias cidades do interior com projetos de escola de v\u00f4lei, cl\u00ednicas para l\u00edberos e a\u00e7\u00f5es sociais em prol do esporte. Em Arax\u00e1, Serginho fechou uma parceria para a cria\u00e7\u00e3o de uma escola de v\u00f4lei para atletas de todas as idades, no Espa\u00e7o Ecosense, situado na avenida Hon\u00f3rio de Paiva Abreu, 170 no Bairro Jardim Bela Vista.<\/p>\n\n\n\n<p>Segundo a propriet\u00e1ria do Espa\u00e7o Esportivo, Patr\u00edcia Mo\u00e7o, \u201c termos o Serginho como parceiro e com uma escola de v\u00f4lei em Arax\u00e1 \u00e9 um sonho. A gente sabe do profissional de sucesso, como atleta dentro de quadra e com certeza ele tem muito a n\u00f3s ofertar dentro do projeto que ser\u00e1 desenvolvido no Espa\u00e7o Ecosense\u201d.<\/p>\n\n\n\n<p>Muito agrad\u00e1vel e motivado, Serginho disse que, \u201c j\u00e1 tinha uma liga\u00e7\u00e3o estreita com a cidade de Arax\u00e1, quando era crian\u00e7a; \u201c sempre vinha com meus pais para Arax\u00e1, se hospedar no Hotel da Previd\u00eancia \u2013 Ipsemg no Barreiro e agora resgatar esses momentos de f\u00e9rias na inf\u00e2ncia em Arax\u00e1 e com esse projeto \u00e9 muito gratificante.\u201d<\/p>\n\n\n\n<p>A reportagem do Jornal Intera\u00e7\u00e3o tamb\u00e9m fez um r\u00e1pido bate bola com o ex-atleta sobre curiosidades da elite e dos bastidores do v\u00f4lei nacional.<\/p>\n\n\n\n<p>Nome &#8211;&nbsp;<strong>S\u00e9rgio<\/strong>&nbsp;Luiz Seixas Francia Nogueira.<\/p>\n\n\n\n<p>Time de cora\u00e7\u00e3o \u2013 Atl\u00e9tico Mineiro<\/p>\n\n\n\n<p>Sua altura- 1,84 m<\/p>\n\n\n\n<p>Natural de Belo Horizonte<\/p>\n\n\n\n<p>Idade \u2013 44 anos \u2013 nasceu em 1978<\/p>\n\n\n\n<p>Casado e tem duas filhas<\/p>\n\n\n\n<p>Maior jogador que viu atuar \u2013 Giba<\/p>\n\n\n\n<p>T\u00e9cnicos que acham os maiores \u2013 Bernardinho, Z\u00e9 Roberto Guimar\u00e3es e o argentino Marcelo Mendes<\/p>\n\n\n\n<p>Melhor jogador cubano \u2013 Leal<\/p>\n\n\n\n<p>Maior conquista e momento da carreira \u2013 conquista do primeiro t\u00edtulo mundial pelo Sada Cruzeiro em 2013 , vencendo o tima\u00e7o do Lokomotiv Novosibirsk, da R\u00fassia, por 3 a 0, diante de 7.000 pessoas.&nbsp;&nbsp;&nbsp;<\/p>\n","protected":false},"excerpt":{"rendered":"<p>Na semana que passou quem esteve em Arax\u00e1 foi o craque das quadras e multi campe\u00e3o com a camisa do<\/p>\n","protected":false},"author":2,"featured_media":1440,"comment_status":"open","ping_status":"open","sticky":false,"template":"","format":"standard","meta":{"footnotes":""},"categories":[9,15],"tags":[],"class_list":["post-1439","post","type-post","status-publish","format-standard","has-post-thumbnail","hentry","category-araxa","category-esportes"],"_links":{"self":[{"href":"http:\/\/blogdoarmindomaia.com.br\/index.php?rest_route=\/wp\/v2\/posts\/1439","targetHints":{"allow":["GET"]}}],"collection":[{"href":"http:\/\/blogdoarmindomaia.com.br\/index.php?rest_route=\/wp\/v2\/posts"}],"about":[{"href":"http:\/\/blogdoarmindomaia.com.br\/index.php?rest_route=\/wp\/v2\/types\/post"}],"author":[{"embeddable":true,"href":"http:\/\/blogdoarmindomaia.com.br\/index.php?rest_route=\/wp\/v2\/users\/2"}],"replies":[{"embeddable":true,"href":"http:\/\/blogdoarmindomaia.com.br\/index.php?rest_route=%2Fwp%2Fv2%2Fcomments&post=1439"}],"version-history":[{"count":1,"href":"http:\/\/blogdoarmindomaia.com.br\/index.php?rest_route=\/wp\/v2\/posts\/1439\/revisions"}],"predecessor-version":[{"id":1441,"href":"http:\/\/blogdoarmindomaia.com.br\/index.php?rest_route=\/wp\/v2\/posts\/1439\/revisions\/1441"}],"wp:featuredmedia":[{"embeddable":true,"href":"http:\/\/blogdoarmindomaia.com.br\/index.php?rest_route=\/wp\/v2\/media\/1440"}],"wp:attachment":[{"href":"http:\/\/blogdoarmindomaia.com.br\/index.php?rest_route=%2Fwp%2Fv2%2Fmedia&parent=1439"}],"wp:term":[{"taxonomy":"category","embeddable":true,"href":"http:\/\/blogdoarmindomaia.com.br\/index.php?rest_route=%2Fwp%2Fv2%2Fcategories&post=1439"},{"taxonomy":"post_tag","embeddable":true,"href":"http:\/\/blogdoarmindomaia.com.br\/index.php?rest_route=%2Fwp%2Fv2%2Ftags&post=1439"}],"curies":[{"name":"wp","href":"https:\/\/api.w.org\/{rel}","templated":true}]}}