{"id":1446,"date":"2022-06-13T11:59:39","date_gmt":"2022-06-13T14:59:39","guid":{"rendered":"http:\/\/blogdoarmindomaia.com.br\/?p=1446"},"modified":"2022-06-13T11:59:41","modified_gmt":"2022-06-13T14:59:41","slug":"araxa-promove-qualificacao-aos-profissionais-que-atuam-na-educacao-infantil%ef%bf%bc","status":"publish","type":"post","link":"http:\/\/blogdoarmindomaia.com.br\/?p=1446","title":{"rendered":"Arax\u00e1 promove qualifica\u00e7\u00e3o aos profissionais que atuam na educa\u00e7\u00e3o infantil\ufffc"},"content":{"rendered":"\n<figure class=\"wp-block-image size-full\"><img loading=\"lazy\" decoding=\"async\" width=\"1024\" height=\"683\" src=\"http:\/\/blogdoarmindomaia.com.br\/wp-content\/uploads\/2022\/06\/Qualificacao-na-Educacao-2.jpeg\" alt=\"\" class=\"wp-image-1447\" srcset=\"http:\/\/blogdoarmindomaia.com.br\/wp-content\/uploads\/2022\/06\/Qualificacao-na-Educacao-2.jpeg 1024w, http:\/\/blogdoarmindomaia.com.br\/wp-content\/uploads\/2022\/06\/Qualificacao-na-Educacao-2-300x200.jpeg 300w, http:\/\/blogdoarmindomaia.com.br\/wp-content\/uploads\/2022\/06\/Qualificacao-na-Educacao-2-768x512.jpeg 768w\" sizes=\"auto, (max-width: 1024px) 100vw, 1024px\" \/><\/figure>\n\n\n\n<p>Para oferecer capacita\u00e7\u00e3o continuada e melhores condi\u00e7\u00f5es de trabalho aos profissionais que atuam na educa\u00e7\u00e3o infantil, a Secretaria Municipal de Educa\u00e7\u00e3o, promoveu, nesta semana, palestras formativas aos servidores da rede de ensino.<br><br>Os encontros aconteceram na segunda (6) e quarta-feira (8), no audit\u00f3rio do Centro Cultural do Col\u00e9gio S\u00e3o Domingos. Participaram do evento aproximadamente 800 profissionais.<br><br>Com o tema \u201cA arte da intera\u00e7\u00e3o entre educadores e crian\u00e7as: uma rela\u00e7\u00e3o de direitos e deveres\u201d, o palestrante e advogado Bruno Barbosa discutiu as rela\u00e7\u00f5es que acontecem dentro das unidades escolares, seguindo o par\u00e2metro das quest\u00f5es que acontecem no dia a dia, e dos direitos e deveres das crian\u00e7as e de todos os profissionais da educa\u00e7\u00e3o.<br><br>De acordo com a secret\u00e1ria Zulma Moreira, essa qualifica\u00e7\u00e3o contribui para as discuss\u00f5es coletivas sobre a educa\u00e7\u00e3o infantil e promove um conhecimento pr\u00e1tico do dia a dia nas salas de aula.<br><br>\u201cHoje, mais do que nunca, temos a consci\u00eancia de que as nossas a\u00e7\u00f5es t\u00eam consequ\u00eancias e, mais do que isso, somos seres de direitos e tamb\u00e9m de deveres. Esse momento \u00e9 importante por proporcionar uma reflex\u00e3o acerca do papel de cada um neste novo cen\u00e1rio da educa\u00e7\u00e3o\u201d, destaca a secret\u00e1ria.<br><\/p>\n","protected":false},"excerpt":{"rendered":"<p>Para oferecer capacita\u00e7\u00e3o continuada e melhores condi\u00e7\u00f5es de trabalho aos profissionais que atuam na educa\u00e7\u00e3o infantil, a Secretaria Municipal de<\/p>\n","protected":false},"author":2,"featured_media":1447,"comment_status":"open","ping_status":"open","sticky":false,"template":"","format":"standard","meta":{"footnotes":""},"categories":[9,13],"tags":[],"class_list":["post-1446","post","type-post","status-publish","format-standard","has-post-thumbnail","hentry","category-araxa","category-educacao"],"_links":{"self":[{"href":"http:\/\/blogdoarmindomaia.com.br\/index.php?rest_route=\/wp\/v2\/posts\/1446","targetHints":{"allow":["GET"]}}],"collection":[{"href":"http:\/\/blogdoarmindomaia.com.br\/index.php?rest_route=\/wp\/v2\/posts"}],"about":[{"href":"http:\/\/blogdoarmindomaia.com.br\/index.php?rest_route=\/wp\/v2\/types\/post"}],"author":[{"embeddable":true,"href":"http:\/\/blogdoarmindomaia.com.br\/index.php?rest_route=\/wp\/v2\/users\/2"}],"replies":[{"embeddable":true,"href":"http:\/\/blogdoarmindomaia.com.br\/index.php?rest_route=%2Fwp%2Fv2%2Fcomments&post=1446"}],"version-history":[{"count":1,"href":"http:\/\/blogdoarmindomaia.com.br\/index.php?rest_route=\/wp\/v2\/posts\/1446\/revisions"}],"predecessor-version":[{"id":1448,"href":"http:\/\/blogdoarmindomaia.com.br\/index.php?rest_route=\/wp\/v2\/posts\/1446\/revisions\/1448"}],"wp:featuredmedia":[{"embeddable":true,"href":"http:\/\/blogdoarmindomaia.com.br\/index.php?rest_route=\/wp\/v2\/media\/1447"}],"wp:attachment":[{"href":"http:\/\/blogdoarmindomaia.com.br\/index.php?rest_route=%2Fwp%2Fv2%2Fmedia&parent=1446"}],"wp:term":[{"taxonomy":"category","embeddable":true,"href":"http:\/\/blogdoarmindomaia.com.br\/index.php?rest_route=%2Fwp%2Fv2%2Fcategories&post=1446"},{"taxonomy":"post_tag","embeddable":true,"href":"http:\/\/blogdoarmindomaia.com.br\/index.php?rest_route=%2Fwp%2Fv2%2Ftags&post=1446"}],"curies":[{"name":"wp","href":"https:\/\/api.w.org\/{rel}","templated":true}]}}