{"id":1454,"date":"2022-06-13T14:53:05","date_gmt":"2022-06-13T17:53:05","guid":{"rendered":"http:\/\/blogdoarmindomaia.com.br\/?p=1454"},"modified":"2022-06-13T14:53:07","modified_gmt":"2022-06-13T17:53:07","slug":"4a-edicao-do-programa-prefeitura-no-bairro-sera-no-bairro-max-neumann%ef%bf%bc","status":"publish","type":"post","link":"http:\/\/blogdoarmindomaia.com.br\/?p=1454","title":{"rendered":"4\u00aa edi\u00e7\u00e3o do programa Prefeitura no Bairro ser\u00e1 no bairro Max Neumann\ufffc"},"content":{"rendered":"\n<p><\/p>\n\n\n\n<figure class=\"wp-block-image size-full\"><img loading=\"lazy\" decoding=\"async\" width=\"1024\" height=\"683\" src=\"http:\/\/blogdoarmindomaia.com.br\/wp-content\/uploads\/2022\/06\/4a-edicao-Prefeitura-no-Bairro-pag-07.jpeg\" alt=\"\" class=\"wp-image-1455\" srcset=\"http:\/\/blogdoarmindomaia.com.br\/wp-content\/uploads\/2022\/06\/4a-edicao-Prefeitura-no-Bairro-pag-07.jpeg 1024w, http:\/\/blogdoarmindomaia.com.br\/wp-content\/uploads\/2022\/06\/4a-edicao-Prefeitura-no-Bairro-pag-07-300x200.jpeg 300w, http:\/\/blogdoarmindomaia.com.br\/wp-content\/uploads\/2022\/06\/4a-edicao-Prefeitura-no-Bairro-pag-07-768x512.jpeg 768w\" sizes=\"auto, (max-width: 1024px) 100vw, 1024px\" \/><\/figure>\n\n\n\n<p>Os moradores do bairro Max Neumann e todo o Setor Oeste ter\u00e3o a oportunidade de apresentar suas demandas diretamente \u00e0 Prefeitura de Arax\u00e1 e terem acesso direto a mais de 40 servi\u00e7os gratuitos. A 4\u00aa edi\u00e7\u00e3o do programa Prefeitura no Bairro acontece no pr\u00f3ximo dia 25 de junho, no Gin\u00e1sio da Escola Municipal Professora Rom\u00e1lia Porf\u00edrio de Azevedo Leite.<br><br>O Centro Municipal de Educa\u00e7\u00e3o Infantil (Cemei) Professora Marlene Braga Guimar\u00e3es e a Estrat\u00e9gia de Sa\u00fade da Fam\u00edlia (ESF) do bairro Max Neumann tamb\u00e9m estar\u00e3o mobilizados para atender crian\u00e7as, jovens, adultos e idosos.<br><br>O programa Prefeitura no Bairro levar\u00e1 atendimentos nas \u00e1reas de A\u00e7\u00e3o Social, Sa\u00fade, Seguran\u00e7a, Cidadania, Infraestrutura, Direitos Humanos, Acolhimento \u00e0 Mulher, Educa\u00e7\u00e3o, Meio Ambiente, Trabalho e Emprego, Habita\u00e7\u00e3o, Cultura, Esporte, Lazer e Agricultura. O Gabinete do Prefeito e a Secretaria Municipal de Governo tamb\u00e9m estar\u00e3o \u00e0 disposi\u00e7\u00e3o para ouvir as demandas dos cidad\u00e3os. O programa prev\u00ea um evento peri\u00f3dico, uma vez por m\u00eas, e contemplar\u00e1 todas as regi\u00f5es do munic\u00edpio.<br><br>A \u00faltima edi\u00e7\u00e3o do programa reuniu cerca de 1.300 pessoas na Pra\u00e7a das Mangueiras, no bairro Santo Ant\u00f4nio. Moradora h\u00e1 mais de 40 anos, a secret\u00e1ria Edilamar \u00c9rica Ferreira disse que o evento foi uma oportunidade de estar mais pr\u00f3xima da prefeitura. \u201cNunca tinha havido esse tipo de a\u00e7\u00e3o aqui no Santo Ant\u00f4nio bairro. Foi muito bom, principalmente para quem n\u00e3o tem como ir at\u00e9 a prefeitura\u201d, disse.<br><br>Prefeitura no Bairro &#8211; Bairro Max Neumann<br><br>&#8211; Local: Gin\u00e1sio da Escola Municipal Professora Rom\u00e1lia Porf\u00edrio de Azevedo Leite<br>&#8211; Endere\u00e7o: Rua Dr. Bernardino Ladeira, 430.<br>&#8211; Data: 25 de junho &#8211; s\u00e1bado<br>&#8211; Hor\u00e1rio: 8h \u00e0s 12h<br><\/p>\n","protected":false},"excerpt":{"rendered":"<p>Os moradores do bairro Max Neumann e todo o Setor Oeste ter\u00e3o a oportunidade de apresentar suas demandas diretamente \u00e0<\/p>\n","protected":false},"author":2,"featured_media":1455,"comment_status":"open","ping_status":"open","sticky":false,"template":"","format":"standard","meta":{"footnotes":""},"categories":[9,11],"tags":[],"class_list":["post-1454","post","type-post","status-publish","format-standard","has-post-thumbnail","hentry","category-araxa","category-destaques"],"_links":{"self":[{"href":"http:\/\/blogdoarmindomaia.com.br\/index.php?rest_route=\/wp\/v2\/posts\/1454","targetHints":{"allow":["GET"]}}],"collection":[{"href":"http:\/\/blogdoarmindomaia.com.br\/index.php?rest_route=\/wp\/v2\/posts"}],"about":[{"href":"http:\/\/blogdoarmindomaia.com.br\/index.php?rest_route=\/wp\/v2\/types\/post"}],"author":[{"embeddable":true,"href":"http:\/\/blogdoarmindomaia.com.br\/index.php?rest_route=\/wp\/v2\/users\/2"}],"replies":[{"embeddable":true,"href":"http:\/\/blogdoarmindomaia.com.br\/index.php?rest_route=%2Fwp%2Fv2%2Fcomments&post=1454"}],"version-history":[{"count":1,"href":"http:\/\/blogdoarmindomaia.com.br\/index.php?rest_route=\/wp\/v2\/posts\/1454\/revisions"}],"predecessor-version":[{"id":1456,"href":"http:\/\/blogdoarmindomaia.com.br\/index.php?rest_route=\/wp\/v2\/posts\/1454\/revisions\/1456"}],"wp:featuredmedia":[{"embeddable":true,"href":"http:\/\/blogdoarmindomaia.com.br\/index.php?rest_route=\/wp\/v2\/media\/1455"}],"wp:attachment":[{"href":"http:\/\/blogdoarmindomaia.com.br\/index.php?rest_route=%2Fwp%2Fv2%2Fmedia&parent=1454"}],"wp:term":[{"taxonomy":"category","embeddable":true,"href":"http:\/\/blogdoarmindomaia.com.br\/index.php?rest_route=%2Fwp%2Fv2%2Fcategories&post=1454"},{"taxonomy":"post_tag","embeddable":true,"href":"http:\/\/blogdoarmindomaia.com.br\/index.php?rest_route=%2Fwp%2Fv2%2Ftags&post=1454"}],"curies":[{"name":"wp","href":"https:\/\/api.w.org\/{rel}","templated":true}]}}