{"id":1458,"date":"2022-06-13T15:07:09","date_gmt":"2022-06-13T18:07:09","guid":{"rendered":"http:\/\/blogdoarmindomaia.com.br\/?p=1458"},"modified":"2022-06-13T15:07:11","modified_gmt":"2022-06-13T18:07:11","slug":"vem-ai-o-19o-100-destino-motofest-de-araxa","status":"publish","type":"post","link":"http:\/\/blogdoarmindomaia.com.br\/?p=1458","title":{"rendered":"Vem a\u00ed o 19\u00ba 100 Destino Motofest de Arax\u00e1"},"content":{"rendered":"\n<p><\/p>\n\n\n\n<figure class=\"wp-block-image size-full\"><img loading=\"lazy\" decoding=\"async\" width=\"800\" height=\"533\" src=\"http:\/\/blogdoarmindomaia.com.br\/wp-content\/uploads\/2022\/06\/Vem-ai-o-19o-100-Destino-Motofest-de-Araxa-pag-12.jpg\" alt=\"\" class=\"wp-image-1459\" srcset=\"http:\/\/blogdoarmindomaia.com.br\/wp-content\/uploads\/2022\/06\/Vem-ai-o-19o-100-Destino-Motofest-de-Araxa-pag-12.jpg 800w, http:\/\/blogdoarmindomaia.com.br\/wp-content\/uploads\/2022\/06\/Vem-ai-o-19o-100-Destino-Motofest-de-Araxa-pag-12-300x200.jpg 300w, http:\/\/blogdoarmindomaia.com.br\/wp-content\/uploads\/2022\/06\/Vem-ai-o-19o-100-Destino-Motofest-de-Araxa-pag-12-768x512.jpg 768w\" sizes=\"auto, (max-width: 800px) 100vw, 800px\" \/><\/figure>\n\n\n\n<p>De 28 a 31 de agosto de 2002, Arax\u00e1 vai sediar o 19\u00ba 100 Destino\u00a0Motofest. O evento ser\u00e1 realizado na Pra\u00e7a do\u00a0Lago Norte, no Barreiro. Pelo d\u00e9cimo nono ano, os amantes e apaixonados pelo ronco dos motores, das m\u00e1quinas em duas rodadas, v\u00e3o se confraternizar em Arax\u00e1.\u00a0 Este ano a programa\u00e7\u00e3o do evento est\u00e1 recheada de atra\u00e7\u00f5es. \u00a0O evento,\u00a0promete agitar os associados do Clube, os visitantes e convidados. Ser\u00e3o 3 dias de muita divers\u00e3o, confraterniza\u00e7\u00e3o, alegria e muitos shows art\u00edsticos. De acordo com os organizadores do encontro, \u201c mais uma vez o evento tamb\u00e9m ir\u00e1 contar com seguran\u00e7a particular e apoio da Pol\u00edcia Militar; os bares ser\u00e3o explorados pelas Entidades Filantr\u00f3picas de Arax\u00e1; cerveja gelada a pre\u00e7o justo; estandes com acess\u00f3rios, produtos da terra e concession\u00e1rias de motos; gincanas; entrega de trof\u00e9us para os Moto Clubes participantes; por ser um evento promovido por motociclistas, n\u00e3o s\u00e3o permitimos zoeiras e nem apresenta\u00e7\u00f5es individuais\u201d.\u00a0O Moto Clube 100 Destino de Arax\u00e1, foi fundado em 1998 por um grupo de amigos, motociclistas, amantes das m\u00e1quinas e se reuniam pelo menos uma vez por semana em um bar da cidade.<\/p>\n\n\n\n<figure class=\"wp-block-image size-large\"><img loading=\"lazy\" decoding=\"async\" width=\"682\" height=\"1024\" src=\"http:\/\/blogdoarmindomaia.com.br\/wp-content\/uploads\/2022\/06\/Programacao-Motofest-2022-1-682x1024.jpeg\" alt=\"\" class=\"wp-image-1460\" srcset=\"http:\/\/blogdoarmindomaia.com.br\/wp-content\/uploads\/2022\/06\/Programacao-Motofest-2022-1-682x1024.jpeg 682w, http:\/\/blogdoarmindomaia.com.br\/wp-content\/uploads\/2022\/06\/Programacao-Motofest-2022-1-200x300.jpeg 200w, http:\/\/blogdoarmindomaia.com.br\/wp-content\/uploads\/2022\/06\/Programacao-Motofest-2022-1-768x1152.jpeg 768w, http:\/\/blogdoarmindomaia.com.br\/wp-content\/uploads\/2022\/06\/Programacao-Motofest-2022-1.jpeg 853w\" sizes=\"auto, (max-width: 682px) 100vw, 682px\" \/><\/figure>\n","protected":false},"excerpt":{"rendered":"<p>De 28 a 31 de agosto de 2002, Arax\u00e1 vai sediar o 19\u00ba 100 Destino\u00a0Motofest. O evento ser\u00e1 realizado na<\/p>\n","protected":false},"author":2,"featured_media":1459,"comment_status":"open","ping_status":"open","sticky":false,"template":"","format":"standard","meta":{"footnotes":""},"categories":[9,15],"tags":[],"class_list":["post-1458","post","type-post","status-publish","format-standard","has-post-thumbnail","hentry","category-araxa","category-esportes"],"_links":{"self":[{"href":"http:\/\/blogdoarmindomaia.com.br\/index.php?rest_route=\/wp\/v2\/posts\/1458","targetHints":{"allow":["GET"]}}],"collection":[{"href":"http:\/\/blogdoarmindomaia.com.br\/index.php?rest_route=\/wp\/v2\/posts"}],"about":[{"href":"http:\/\/blogdoarmindomaia.com.br\/index.php?rest_route=\/wp\/v2\/types\/post"}],"author":[{"embeddable":true,"href":"http:\/\/blogdoarmindomaia.com.br\/index.php?rest_route=\/wp\/v2\/users\/2"}],"replies":[{"embeddable":true,"href":"http:\/\/blogdoarmindomaia.com.br\/index.php?rest_route=%2Fwp%2Fv2%2Fcomments&post=1458"}],"version-history":[{"count":1,"href":"http:\/\/blogdoarmindomaia.com.br\/index.php?rest_route=\/wp\/v2\/posts\/1458\/revisions"}],"predecessor-version":[{"id":1461,"href":"http:\/\/blogdoarmindomaia.com.br\/index.php?rest_route=\/wp\/v2\/posts\/1458\/revisions\/1461"}],"wp:featuredmedia":[{"embeddable":true,"href":"http:\/\/blogdoarmindomaia.com.br\/index.php?rest_route=\/wp\/v2\/media\/1459"}],"wp:attachment":[{"href":"http:\/\/blogdoarmindomaia.com.br\/index.php?rest_route=%2Fwp%2Fv2%2Fmedia&parent=1458"}],"wp:term":[{"taxonomy":"category","embeddable":true,"href":"http:\/\/blogdoarmindomaia.com.br\/index.php?rest_route=%2Fwp%2Fv2%2Fcategories&post=1458"},{"taxonomy":"post_tag","embeddable":true,"href":"http:\/\/blogdoarmindomaia.com.br\/index.php?rest_route=%2Fwp%2Fv2%2Ftags&post=1458"}],"curies":[{"name":"wp","href":"https:\/\/api.w.org\/{rel}","templated":true}]}}