{"id":1475,"date":"2022-06-13T16:51:13","date_gmt":"2022-06-13T19:51:13","guid":{"rendered":"http:\/\/blogdoarmindomaia.com.br\/?p=1475"},"modified":"2022-06-13T16:51:14","modified_gmt":"2022-06-13T19:51:14","slug":"2a-etapa-do-programa-castraacao-vai-realizar-mais-de-800-procedimentos-em-araxa","status":"publish","type":"post","link":"http:\/\/blogdoarmindomaia.com.br\/?p=1475","title":{"rendered":"2\u00aa etapa do programa CastraA\u00e7\u00e3o vai realizar mais de 800 procedimentos em Arax\u00e1"},"content":{"rendered":"\n<figure class=\"wp-block-image size-full\"><img loading=\"lazy\" decoding=\"async\" width=\"1024\" height=\"683\" src=\"http:\/\/blogdoarmindomaia.com.br\/wp-content\/uploads\/2022\/06\/2a-etapa-do-programa-CastraAcao-vai-realizar-mais-de-800-pag-03.jpeg\" alt=\"\" class=\"wp-image-1476\" srcset=\"http:\/\/blogdoarmindomaia.com.br\/wp-content\/uploads\/2022\/06\/2a-etapa-do-programa-CastraAcao-vai-realizar-mais-de-800-pag-03.jpeg 1024w, http:\/\/blogdoarmindomaia.com.br\/wp-content\/uploads\/2022\/06\/2a-etapa-do-programa-CastraAcao-vai-realizar-mais-de-800-pag-03-300x200.jpeg 300w, http:\/\/blogdoarmindomaia.com.br\/wp-content\/uploads\/2022\/06\/2a-etapa-do-programa-CastraAcao-vai-realizar-mais-de-800-pag-03-768x512.jpeg 768w\" sizes=\"auto, (max-width: 1024px) 100vw, 1024px\" \/><\/figure>\n\n\n\n<p>Tornar a causa animal como uma das prioridades da atual gest\u00e3o. Esse \u00e9 um dos objetivos da Prefeitura Municipal de Arax\u00e1, que, atrav\u00e9s da Vigil\u00e2ncia em Sa\u00fade, est\u00e1 promovendo mais uma etapa de castra\u00e7\u00e3o de c\u00e3es e gatos na cidade, por meio do programa CastraA\u00e7\u00e3o. As cirurgias ocorrem at\u00e9 dia 17 de junho de 2022 em um galp\u00e3o na avenida Jo\u00e3o Paulo II, onde funcionava o almoxarifado da prefeitura. A expectativa \u00e9 que o Castram\u00f3vel realize 800 procedimentos somente nessa segunda etapa do mutir\u00e3o.<br><br>A\u00e7\u00e3o extremamente importante em rela\u00e7\u00e3o ao controle reprodutivo de animais, as castra\u00e7\u00f5es atendem ambos os sexos dos animais e s\u00e3o realizadas de forma gratuita. Nesta etapa, est\u00e3o sendo priorizados c\u00e3es de rua e da \u00e1rea rural, por isso, a prefeitura tamb\u00e9m vai promover a castra\u00e7\u00e3o no Distrito de Itaipu.&nbsp; No local, ser\u00e3o castrados 160 c\u00e3es e gatos nos pr\u00f3ximos dias 18 e 19 de junho.<br><br>Em parceria com o projeto Castram\u00f3vel, cl\u00ednica veterin\u00e1ria itinerante que promove mutir\u00f5es de castra\u00e7\u00e3o de animais no estado de Minas Gerais desde 2017, o espa\u00e7o oferece uma estrutura completa com todos os equipamentos necess\u00e1rios para seu funcionamento, contendo ala para atendimento, salas pr\u00e9 e p\u00f3s-operat\u00f3rio, espa\u00e7o cir\u00fargico e equipe de profissionais especializados para que os procedimentos tenham um resultado positivo. O projeto j\u00e1 contemplou, somente em 2022 ,1.500 animais.<br><br>Segundo a coordenadora da Vigil\u00e2ncia em Sa\u00fade, Leninha Severo, a castra\u00e7\u00e3o \u00e9 uma forma de reduzir a quantidade de animais abandonados, pois geralmente, s\u00e3o frutos de ninhadas indesejadas. &nbsp;\u201cA a\u00e7\u00e3o \u00e9 realizada com imenso cuidado, aten\u00e7\u00e3o e amor. Todo o processo \u00e9 muito seguro, minimamente invasivo e bem r\u00e1pido. O c\u00e3o ou gato castrado j\u00e1 sai com a roupa de prote\u00e7\u00e3o, microchipado e com todos os medicamentos necess\u00e1rios para a sua recupera\u00e7\u00e3o\u201d, conta.<br><br>Para fazer o cadastro, o interessado deve levar ao Departamento de Vigil\u00e2ncia Ambiental \u2013 Zoonoses (Av. Ros\u00e1lia Isaura de Ara\u00fajo, s\/n \u2013 Centro Administrativo) os documentos originais e c\u00f3pia do CPF, documento oficial com foto (RG ou CNH) e mais o comprovante de renda de todos da fam\u00edlia ou a ficha de resumo do Cad\u00danico &#8211; que pode ser baixada atrav\u00e9s do aplicativo \u201cMeu Cad\u00danico\u201d ou impressa nos N\u00facleos de Conviv\u00eancia da Secretaria Municipal de A\u00e7\u00e3o Social. O contato da Vigil\u00e2ncia Ambiental \u00e9 o (34) 3691-7120.<br><\/p>\n","protected":false},"excerpt":{"rendered":"<p>Tornar a causa animal como uma das prioridades da atual gest\u00e3o. Esse \u00e9 um dos objetivos da Prefeitura Municipal de<\/p>\n","protected":false},"author":2,"featured_media":1476,"comment_status":"open","ping_status":"open","sticky":false,"template":"","format":"standard","meta":{"footnotes":""},"categories":[9,29],"tags":[],"class_list":["post-1475","post","type-post","status-publish","format-standard","has-post-thumbnail","hentry","category-araxa","category-saude"],"_links":{"self":[{"href":"http:\/\/blogdoarmindomaia.com.br\/index.php?rest_route=\/wp\/v2\/posts\/1475","targetHints":{"allow":["GET"]}}],"collection":[{"href":"http:\/\/blogdoarmindomaia.com.br\/index.php?rest_route=\/wp\/v2\/posts"}],"about":[{"href":"http:\/\/blogdoarmindomaia.com.br\/index.php?rest_route=\/wp\/v2\/types\/post"}],"author":[{"embeddable":true,"href":"http:\/\/blogdoarmindomaia.com.br\/index.php?rest_route=\/wp\/v2\/users\/2"}],"replies":[{"embeddable":true,"href":"http:\/\/blogdoarmindomaia.com.br\/index.php?rest_route=%2Fwp%2Fv2%2Fcomments&post=1475"}],"version-history":[{"count":1,"href":"http:\/\/blogdoarmindomaia.com.br\/index.php?rest_route=\/wp\/v2\/posts\/1475\/revisions"}],"predecessor-version":[{"id":1477,"href":"http:\/\/blogdoarmindomaia.com.br\/index.php?rest_route=\/wp\/v2\/posts\/1475\/revisions\/1477"}],"wp:featuredmedia":[{"embeddable":true,"href":"http:\/\/blogdoarmindomaia.com.br\/index.php?rest_route=\/wp\/v2\/media\/1476"}],"wp:attachment":[{"href":"http:\/\/blogdoarmindomaia.com.br\/index.php?rest_route=%2Fwp%2Fv2%2Fmedia&parent=1475"}],"wp:term":[{"taxonomy":"category","embeddable":true,"href":"http:\/\/blogdoarmindomaia.com.br\/index.php?rest_route=%2Fwp%2Fv2%2Fcategories&post=1475"},{"taxonomy":"post_tag","embeddable":true,"href":"http:\/\/blogdoarmindomaia.com.br\/index.php?rest_route=%2Fwp%2Fv2%2Ftags&post=1475"}],"curies":[{"name":"wp","href":"https:\/\/api.w.org\/{rel}","templated":true}]}}