{"id":1484,"date":"2022-06-13T17:28:23","date_gmt":"2022-06-13T20:28:23","guid":{"rendered":"http:\/\/blogdoarmindomaia.com.br\/?p=1484"},"modified":"2022-06-13T17:28:25","modified_gmt":"2022-06-13T20:28:25","slug":"camara-realiza-sessao-solene-e-celebra-30-anos-do-iprema","status":"publish","type":"post","link":"http:\/\/blogdoarmindomaia.com.br\/?p=1484","title":{"rendered":"C\u00e2mara realiza Sess\u00e3o Solene e celebra 30 anos do Iprema"},"content":{"rendered":"\n<figure class=\"wp-block-image size-large\"><img loading=\"lazy\" decoding=\"async\" width=\"1024\" height=\"683\" src=\"http:\/\/blogdoarmindomaia.com.br\/wp-content\/uploads\/2022\/06\/Camara-realiza-Sessao-Solene-e-celebra-30-anos-do-Iprema-pag-04-1024x683.jpg\" alt=\"\" class=\"wp-image-1485\" srcset=\"http:\/\/blogdoarmindomaia.com.br\/wp-content\/uploads\/2022\/06\/Camara-realiza-Sessao-Solene-e-celebra-30-anos-do-Iprema-pag-04-1024x683.jpg 1024w, http:\/\/blogdoarmindomaia.com.br\/wp-content\/uploads\/2022\/06\/Camara-realiza-Sessao-Solene-e-celebra-30-anos-do-Iprema-pag-04-300x200.jpg 300w, http:\/\/blogdoarmindomaia.com.br\/wp-content\/uploads\/2022\/06\/Camara-realiza-Sessao-Solene-e-celebra-30-anos-do-Iprema-pag-04-768x512.jpg 768w, http:\/\/blogdoarmindomaia.com.br\/wp-content\/uploads\/2022\/06\/Camara-realiza-Sessao-Solene-e-celebra-30-anos-do-Iprema-pag-04-1536x1024.jpg 1536w, http:\/\/blogdoarmindomaia.com.br\/wp-content\/uploads\/2022\/06\/Camara-realiza-Sessao-Solene-e-celebra-30-anos-do-Iprema-pag-04.jpg 1920w\" sizes=\"auto, (max-width: 1024px) 100vw, 1024px\" \/><\/figure>\n\n\n\n<p>O Instituto de Previd\u00eancia Municipal de Arax\u00e1 (Iprema) um dos primeiros institutos de regime pr\u00f3prio de previd\u00eancia social criados no Estado de Minas Gerais, comemorou 30 anos de trabalho em prol do servidor p\u00fablico municipal. Para registrar a data, a C\u00e2mara Municipal realizou uma Sess\u00e3o Solene no Plen\u00e1rio Vereador Guilherme Gotelip Neto, na tarde de segunda-feira (13).<\/p>\n\n\n\n<p>Na oportunidade, tr\u00eas servidores do Instituto foram homenageados com Mo\u00e7\u00e3o de Congratula\u00e7\u00f5es e Reconhecimento pelos trabalhos prestados: Kenia Paiva (Diretora de Recursos Humanos), Arlei Vieira (Diretor de Benef\u00edcios) e Jo\u00e3o Antero (Diretor Cont\u00e1bil), que auxiliaram diretamente na consolida\u00e7\u00e3o do Iprema.<\/p>\n\n\n\n<p>Ao usar a palavra, o superintendente do Iprema, Rog\u00e9rio Farah, citou todos os ex-superintendentes que contribu\u00edram para a hist\u00f3ria de sucesso do Instituto. Farah destacou tamb\u00e9m o esmero trabalho da equipe de profissionais que trabalha no Iprema e que auxiliou todos os superintendentes que por l\u00e1 passaram.<\/p>\n\n\n\n<p>Atualmente com um patrim\u00f4nio estimado em R$ 100 milh\u00f5es, o Iprema tem uma folha mensal de pagamentos de aproximadamente R$ 2 milh\u00f5es. Mais de 2 mil contribuintes, al\u00e9m de 792 aposentados e 164 pensionistas que recebem em dia seus benef\u00edcios.<\/p>\n","protected":false},"excerpt":{"rendered":"<p>O Instituto de Previd\u00eancia Municipal de Arax\u00e1 (Iprema) um dos primeiros institutos de regime pr\u00f3prio de previd\u00eancia social criados no<\/p>\n","protected":false},"author":2,"featured_media":1485,"comment_status":"open","ping_status":"open","sticky":false,"template":"","format":"standard","meta":{"footnotes":""},"categories":[9,25],"tags":[],"class_list":["post-1484","post","type-post","status-publish","format-standard","has-post-thumbnail","hentry","category-araxa","category-politica"],"_links":{"self":[{"href":"http:\/\/blogdoarmindomaia.com.br\/index.php?rest_route=\/wp\/v2\/posts\/1484","targetHints":{"allow":["GET"]}}],"collection":[{"href":"http:\/\/blogdoarmindomaia.com.br\/index.php?rest_route=\/wp\/v2\/posts"}],"about":[{"href":"http:\/\/blogdoarmindomaia.com.br\/index.php?rest_route=\/wp\/v2\/types\/post"}],"author":[{"embeddable":true,"href":"http:\/\/blogdoarmindomaia.com.br\/index.php?rest_route=\/wp\/v2\/users\/2"}],"replies":[{"embeddable":true,"href":"http:\/\/blogdoarmindomaia.com.br\/index.php?rest_route=%2Fwp%2Fv2%2Fcomments&post=1484"}],"version-history":[{"count":1,"href":"http:\/\/blogdoarmindomaia.com.br\/index.php?rest_route=\/wp\/v2\/posts\/1484\/revisions"}],"predecessor-version":[{"id":1486,"href":"http:\/\/blogdoarmindomaia.com.br\/index.php?rest_route=\/wp\/v2\/posts\/1484\/revisions\/1486"}],"wp:featuredmedia":[{"embeddable":true,"href":"http:\/\/blogdoarmindomaia.com.br\/index.php?rest_route=\/wp\/v2\/media\/1485"}],"wp:attachment":[{"href":"http:\/\/blogdoarmindomaia.com.br\/index.php?rest_route=%2Fwp%2Fv2%2Fmedia&parent=1484"}],"wp:term":[{"taxonomy":"category","embeddable":true,"href":"http:\/\/blogdoarmindomaia.com.br\/index.php?rest_route=%2Fwp%2Fv2%2Fcategories&post=1484"},{"taxonomy":"post_tag","embeddable":true,"href":"http:\/\/blogdoarmindomaia.com.br\/index.php?rest_route=%2Fwp%2Fv2%2Ftags&post=1484"}],"curies":[{"name":"wp","href":"https:\/\/api.w.org\/{rel}","templated":true}]}}