{"id":1488,"date":"2022-06-15T11:16:52","date_gmt":"2022-06-15T14:16:52","guid":{"rendered":"http:\/\/blogdoarmindomaia.com.br\/?p=1488"},"modified":"2022-06-15T11:16:54","modified_gmt":"2022-06-15T14:16:54","slug":"governo-de-minas-sinaliza-positivamente-para-parceria-na-construcao-do-hospital-municipal-em-araxa","status":"publish","type":"post","link":"http:\/\/blogdoarmindomaia.com.br\/?p=1488","title":{"rendered":"Governo de Minas sinaliza positivamente para parceria na constru\u00e7\u00e3o do Hospital Municipal em Arax\u00e1"},"content":{"rendered":"\n<figure class=\"wp-block-image size-full\"><img loading=\"lazy\" decoding=\"async\" width=\"1024\" height=\"683\" src=\"http:\/\/blogdoarmindomaia.com.br\/wp-content\/uploads\/2022\/06\/Governo-de-Minas-sinaliza-positivamente-para-parceria-na-construcao-pag-09.jpeg\" alt=\"\" class=\"wp-image-1489\" srcset=\"http:\/\/blogdoarmindomaia.com.br\/wp-content\/uploads\/2022\/06\/Governo-de-Minas-sinaliza-positivamente-para-parceria-na-construcao-pag-09.jpeg 1024w, http:\/\/blogdoarmindomaia.com.br\/wp-content\/uploads\/2022\/06\/Governo-de-Minas-sinaliza-positivamente-para-parceria-na-construcao-pag-09-300x200.jpeg 300w, http:\/\/blogdoarmindomaia.com.br\/wp-content\/uploads\/2022\/06\/Governo-de-Minas-sinaliza-positivamente-para-parceria-na-construcao-pag-09-768x512.jpeg 768w\" sizes=\"auto, (max-width: 1024px) 100vw, 1024px\" \/><\/figure>\n\n\n\n<p><\/p>\n\n\n\n<figure class=\"wp-block-image size-full\"><img loading=\"lazy\" decoding=\"async\" width=\"1024\" height=\"683\" src=\"http:\/\/blogdoarmindomaia.com.br\/wp-content\/uploads\/2022\/06\/reuniao-bh-1.jpeg\" alt=\"\" class=\"wp-image-1490\" srcset=\"http:\/\/blogdoarmindomaia.com.br\/wp-content\/uploads\/2022\/06\/reuniao-bh-1.jpeg 1024w, http:\/\/blogdoarmindomaia.com.br\/wp-content\/uploads\/2022\/06\/reuniao-bh-1-300x200.jpeg 300w, http:\/\/blogdoarmindomaia.com.br\/wp-content\/uploads\/2022\/06\/reuniao-bh-1-768x512.jpeg 768w\" sizes=\"auto, (max-width: 1024px) 100vw, 1024px\" \/><\/figure>\n\n\n\n<p><strong><br><\/strong><br>Uma comitiva da Prefeitura de Arax\u00e1 se reuniu com o secret\u00e1rio de Estado de Sa\u00fade, F\u00e1bio Baccheretti, na \u00faltima segunda-feira (13), para apresentar o projeto preliminar do Hospital Municipal e tratar da implanta\u00e7\u00e3o de Unidade de Terapia Intensiva (UTI) Neonatal e Pedi\u00e1trica na cidade. A reuni\u00e3o foi intermediada pelo deputado estadual Bosco e aconteceu na Cidade Administrativa Tancredo Neves, em Belo Horizonte. Tamb\u00e9m participaram da reuni\u00e3o o assessor governamental do Estado, Ibiraty Martins Junior; a secret\u00e1ria municipal de Sa\u00fade, Cristiane Gon\u00e7alves Pereira; o chefe de Gabinete, Germano Afonso; a assessora de Finan\u00e7as de Sa\u00fade do Munic\u00edpio, Talita Ferreira; e a coordenadora de Aten\u00e7\u00e3o Secund\u00e1ria, Carla Borges. A constru\u00e7\u00e3o do Hospital Municipal j\u00e1 havia sido abordada pelo prefeito Robson Magela em encontro com o governador Zema na Prefeitura de Arax\u00e1 no in\u00edcio deste m\u00eas, durante cumprimento de agenda na cidade. Desta vez, a equipe da Secretaria Municipal de Sa\u00fade apresentou o esbo\u00e7o inicial para constru\u00e7\u00e3o do hospital na cidade e manifestou a import\u00e2ncia da parceria com o Governo do Estado para viabilizar o projeto. &#8220;A reuni\u00e3o foi extremamente proveitosa. A fundamenta\u00e7\u00e3o t\u00e9cnica foi apresentada e aprovada pelo secret\u00e1rio e recebemos a concord\u00e2ncia do Governo na estrat\u00e9gia de envidar esfor\u00e7os para que a constru\u00e7\u00e3o do Hospital Municipal seja concretizada\u201d, adianta a secret\u00e1ria Cristiane. De acordo com ela, o pr\u00f3ximo passo \u00e9 completar o projeto com detalhes como custos de constru\u00e7\u00e3o e opera\u00e7\u00e3o para que o Estado defina a sua participa\u00e7\u00e3o. Em rela\u00e7\u00e3o \u00e0 implanta\u00e7\u00e3o da UTI Neonatal e Pedi\u00e1trica em Arax\u00e1, Cristiane afirma que o secret\u00e1rio F\u00e1bio Baccheretti confirmou a parceria do Estado na manuten\u00e7\u00e3o da UTI. \u201cRecebemos a informa\u00e7\u00e3o de que o Estado est\u00e1 em fase de edi\u00e7\u00e3o de resolu\u00e7\u00e3o que contempla financiamento previsto para custear o servi\u00e7o que ser\u00e1 implementado\u201d, relata. Para o deputado estadual Bosco, a reuni\u00e3o representou um grande avan\u00e7o para Arax\u00e1. \u201cA audi\u00eancia foi extremamente positiva e sinaliza para que o Executivo possa dar sequ\u00eancia ao projeto definitivo do Hospital Municipal. O secret\u00e1rio F\u00e1bio Baccheretti se prontificou a colaborar com a elabora\u00e7\u00e3o do projeto e tamb\u00e9m deixou claro que \u00e9 de interesse do Governo do Estado a constru\u00e7\u00e3o desse novo hospital, dada a sua import\u00e2ncia para Arax\u00e1 e regi\u00e3o. Estaremos juntos em todos os momentos para que essa parceria possa ser efetivada\u201d, conclui.<br><\/p>\n","protected":false},"excerpt":{"rendered":"<p>Uma comitiva da Prefeitura de Arax\u00e1 se reuniu com o secret\u00e1rio de Estado de Sa\u00fade, F\u00e1bio Baccheretti, na \u00faltima segunda-feira<\/p>\n","protected":false},"author":2,"featured_media":1490,"comment_status":"open","ping_status":"open","sticky":false,"template":"","format":"standard","meta":{"footnotes":""},"categories":[9,11,29],"tags":[],"class_list":["post-1488","post","type-post","status-publish","format-standard","has-post-thumbnail","hentry","category-araxa","category-destaques","category-saude"],"_links":{"self":[{"href":"http:\/\/blogdoarmindomaia.com.br\/index.php?rest_route=\/wp\/v2\/posts\/1488","targetHints":{"allow":["GET"]}}],"collection":[{"href":"http:\/\/blogdoarmindomaia.com.br\/index.php?rest_route=\/wp\/v2\/posts"}],"about":[{"href":"http:\/\/blogdoarmindomaia.com.br\/index.php?rest_route=\/wp\/v2\/types\/post"}],"author":[{"embeddable":true,"href":"http:\/\/blogdoarmindomaia.com.br\/index.php?rest_route=\/wp\/v2\/users\/2"}],"replies":[{"embeddable":true,"href":"http:\/\/blogdoarmindomaia.com.br\/index.php?rest_route=%2Fwp%2Fv2%2Fcomments&post=1488"}],"version-history":[{"count":1,"href":"http:\/\/blogdoarmindomaia.com.br\/index.php?rest_route=\/wp\/v2\/posts\/1488\/revisions"}],"predecessor-version":[{"id":1491,"href":"http:\/\/blogdoarmindomaia.com.br\/index.php?rest_route=\/wp\/v2\/posts\/1488\/revisions\/1491"}],"wp:featuredmedia":[{"embeddable":true,"href":"http:\/\/blogdoarmindomaia.com.br\/index.php?rest_route=\/wp\/v2\/media\/1490"}],"wp:attachment":[{"href":"http:\/\/blogdoarmindomaia.com.br\/index.php?rest_route=%2Fwp%2Fv2%2Fmedia&parent=1488"}],"wp:term":[{"taxonomy":"category","embeddable":true,"href":"http:\/\/blogdoarmindomaia.com.br\/index.php?rest_route=%2Fwp%2Fv2%2Fcategories&post=1488"},{"taxonomy":"post_tag","embeddable":true,"href":"http:\/\/blogdoarmindomaia.com.br\/index.php?rest_route=%2Fwp%2Fv2%2Ftags&post=1488"}],"curies":[{"name":"wp","href":"https:\/\/api.w.org\/{rel}","templated":true}]}}