{"id":1495,"date":"2022-06-15T11:27:46","date_gmt":"2022-06-15T14:27:46","guid":{"rendered":"http:\/\/blogdoarmindomaia.com.br\/?p=1495"},"modified":"2022-06-15T11:27:48","modified_gmt":"2022-06-15T14:27:48","slug":"cimtb-chega-a-araxa-na-semana-que-vem-com-muitas-novidades","status":"publish","type":"post","link":"http:\/\/blogdoarmindomaia.com.br\/?p=1495","title":{"rendered":"CIMTB chega \u00e0 Arax\u00e1 na\u00a0 semana que vem com muitas novidades"},"content":{"rendered":"\n<figure class=\"wp-block-image size-large\"><img loading=\"lazy\" decoding=\"async\" width=\"1024\" height=\"768\" src=\"http:\/\/blogdoarmindomaia.com.br\/wp-content\/uploads\/2022\/06\/CIMTB-chega-a-Araxa-esportes-1024x768.jpg\" alt=\"\" class=\"wp-image-1496\" srcset=\"http:\/\/blogdoarmindomaia.com.br\/wp-content\/uploads\/2022\/06\/CIMTB-chega-a-Araxa-esportes-1024x768.jpg 1024w, http:\/\/blogdoarmindomaia.com.br\/wp-content\/uploads\/2022\/06\/CIMTB-chega-a-Araxa-esportes-300x225.jpg 300w, http:\/\/blogdoarmindomaia.com.br\/wp-content\/uploads\/2022\/06\/CIMTB-chega-a-Araxa-esportes-768x576.jpg 768w, http:\/\/blogdoarmindomaia.com.br\/wp-content\/uploads\/2022\/06\/CIMTB-chega-a-Araxa-esportes.jpg 1200w\" sizes=\"auto, (max-width: 1024px) 100vw, 1024px\" \/><\/figure>\n\n\n\n<p>Os amantes do pedal que se preparem! Na pr\u00f3xima semana, Arax\u00e1 vai se tornar a capital nacional do ciclismo. A etapa Arax\u00e1 da Copa Internacional de Mountain Bike, dever\u00e1 reunir na cidade mais de mil ciclistas do Brasil e exterior em mais de 20 modalidades, com destaque para a prova\u00a0 XCO. A prova internacional mais uma vez ser\u00e1 disputada no entorno do Grande Hotel do Barreiro. Outro destaque da competi\u00e7\u00e3o ser\u00e1 a participa\u00e7\u00e3o em massa dos ciclistas de Arax\u00e1. Este ano mais de 100 atletas v\u00e3o disputar a prova, distribu\u00eddos em diversas categorias. O evento vai acontecer entre os dias 24 e 26 de junho. Para Incentivar os amantes de bike a irem pedalando para o local da competi\u00e7\u00e3o, o evento ir\u00e1 contar com o Biciclet\u00e1rio CBMM gratuito, com mais de 2 mil vagas e a realiza\u00e7\u00e3o de sorteios de brindes dos patrocinadores, a CIMTB Michelin ter\u00e1 o prazer de receber o encerramento de um passeio cicl\u00edstico. A atividade recreativa ser\u00e1 promovida pela Secretaria Municipal de Seguran\u00e7a P\u00fablica, fazendo parte da programa\u00e7\u00e3o da Semana Municipal de Tr\u00e2nsito, de 23 de junho a 1\u00ba de julho. O tema \u201cVulnerabilidade e Fragilidade da vida no tr\u00e2nsito\u201d ser\u00e1 amplamente divulgado atrav\u00e9s de diversas a\u00e7\u00f5es de conscientiza\u00e7\u00e3o neste per\u00edodo. No domingo (26), dia ser\u00e1 promovido um passeio cicl\u00edstico, saindo \u00e0s 8h30 do estacionamento do Est\u00e1dio Municipal Fausto Alvim, em dire\u00e7\u00e3o ao Parque do Barreiro, e tamb\u00e9m uma blitz educativa na MGC 415, conhecida popularmente por estrada Arax\u00e1\/Barreiro. Quem for ao evento, vai poder conhecer as principais novidades do mercado de bicicleta, na tradicional Feira de Exposi\u00e7\u00e3o, assistir\u00e1 aos shows do CIMTB Musical, apresentado pela McCain, e ter\u00e1 acesso a uma pra\u00e7a de alimenta\u00e7\u00e3o repleta de op\u00e7\u00f5es de comidas e bebidas. E, tudo isso, com entrada gratuita.<\/p>\n","protected":false},"excerpt":{"rendered":"<p>Os amantes do pedal que se preparem! Na pr\u00f3xima semana, Arax\u00e1 vai se tornar a capital nacional do ciclismo. A<\/p>\n","protected":false},"author":2,"featured_media":0,"comment_status":"open","ping_status":"open","sticky":false,"template":"","format":"standard","meta":{"footnotes":""},"categories":[9,11,15],"tags":[],"class_list":["post-1495","post","type-post","status-publish","format-standard","hentry","category-araxa","category-destaques","category-esportes"],"_links":{"self":[{"href":"http:\/\/blogdoarmindomaia.com.br\/index.php?rest_route=\/wp\/v2\/posts\/1495","targetHints":{"allow":["GET"]}}],"collection":[{"href":"http:\/\/blogdoarmindomaia.com.br\/index.php?rest_route=\/wp\/v2\/posts"}],"about":[{"href":"http:\/\/blogdoarmindomaia.com.br\/index.php?rest_route=\/wp\/v2\/types\/post"}],"author":[{"embeddable":true,"href":"http:\/\/blogdoarmindomaia.com.br\/index.php?rest_route=\/wp\/v2\/users\/2"}],"replies":[{"embeddable":true,"href":"http:\/\/blogdoarmindomaia.com.br\/index.php?rest_route=%2Fwp%2Fv2%2Fcomments&post=1495"}],"version-history":[{"count":1,"href":"http:\/\/blogdoarmindomaia.com.br\/index.php?rest_route=\/wp\/v2\/posts\/1495\/revisions"}],"predecessor-version":[{"id":1497,"href":"http:\/\/blogdoarmindomaia.com.br\/index.php?rest_route=\/wp\/v2\/posts\/1495\/revisions\/1497"}],"wp:attachment":[{"href":"http:\/\/blogdoarmindomaia.com.br\/index.php?rest_route=%2Fwp%2Fv2%2Fmedia&parent=1495"}],"wp:term":[{"taxonomy":"category","embeddable":true,"href":"http:\/\/blogdoarmindomaia.com.br\/index.php?rest_route=%2Fwp%2Fv2%2Fcategories&post=1495"},{"taxonomy":"post_tag","embeddable":true,"href":"http:\/\/blogdoarmindomaia.com.br\/index.php?rest_route=%2Fwp%2Fv2%2Ftags&post=1495"}],"curies":[{"name":"wp","href":"https:\/\/api.w.org\/{rel}","templated":true}]}}