{"id":1499,"date":"2022-06-15T11:39:09","date_gmt":"2022-06-15T14:39:09","guid":{"rendered":"http:\/\/blogdoarmindomaia.com.br\/?p=1499"},"modified":"2022-06-15T11:39:12","modified_gmt":"2022-06-15T14:39:12","slug":"memorial-da-escrita-e-imprensa-mauricio-rosa-recebe-reuniao-do-comtur-e-visitas-ilustres","status":"publish","type":"post","link":"http:\/\/blogdoarmindomaia.com.br\/?p=1499","title":{"rendered":"Memorial da Escrita e Imprensa Maur\u00edcio Rosa recebe reuni\u00e3o do Comtur e visitas ilustres"},"content":{"rendered":"\n<figure class=\"wp-block-image size-large\"><img loading=\"lazy\" decoding=\"async\" width=\"1024\" height=\"768\" src=\"http:\/\/blogdoarmindomaia.com.br\/wp-content\/uploads\/2022\/06\/Reuniao-Comtur-1024x768.jpg\" alt=\"\" class=\"wp-image-1500\" srcset=\"http:\/\/blogdoarmindomaia.com.br\/wp-content\/uploads\/2022\/06\/Reuniao-Comtur-1024x768.jpg 1024w, http:\/\/blogdoarmindomaia.com.br\/wp-content\/uploads\/2022\/06\/Reuniao-Comtur-300x225.jpg 300w, http:\/\/blogdoarmindomaia.com.br\/wp-content\/uploads\/2022\/06\/Reuniao-Comtur-768x576.jpg 768w, http:\/\/blogdoarmindomaia.com.br\/wp-content\/uploads\/2022\/06\/Reuniao-Comtur-1536x1152.jpg 1536w, http:\/\/blogdoarmindomaia.com.br\/wp-content\/uploads\/2022\/06\/Reuniao-Comtur.jpg 1600w\" sizes=\"auto, (max-width: 1024px) 100vw, 1024px\" \/><\/figure>\n\n\n\n<p>O mais novo espa\u00e7o hist\u00f3rico e cultural de Arax\u00e1, o Memorial Maur\u00edcio Rosa, recebeu na manh\u00e3 do \u00faltimo dia 9 de junho a reuni\u00e3o de trabalho do Comtur \u2013 Conselho&nbsp; Municipal de Turismo de Arax\u00e1. &nbsp;Antes da reuni\u00e3o, os conselheiros conheceram o acervo de m\u00e1quinas, documentos, impressos e mobili\u00e1rio do Museu que conta a hist\u00f3ria e a evolu\u00e7\u00e3o da escrita e da imprensa com destaque principalmente para o of\u00edcio da tipografia. Al\u00e9m do maquin\u00e1rio datado do in\u00edcio de 1900, tamb\u00e9m chamaram a aten\u00e7\u00e3o dos visitantes, os impressos antigos, como jornais, convites, panfletos, cartazes e livretos todos confeccionados no m\u00e9todo tipogr\u00e1fico, contando a historias de eventos e personagens do passado araxaense.<\/p>\n\n\n\n<p>Para o Presidente da Acia \u2013 Associa\u00e7\u00e3o Comercial de Arax\u00e1, Emilio Neumann, \u201c eu n\u00e3o conhecia o Memorial&nbsp; e tenho a dizer que o Maur\u00edcio fez um trabalho maravilhoso e eu acredito que em Minas Gerais n\u00e3o deva ter um Memorial com tanto maquin\u00e1rio,&nbsp; com tanta riqueza de detalhes como eu vi neste espa\u00e7o. E olha que o espa\u00e7o j\u00e1 est\u00e1 pequeno. Eu espero que alguma coisa possa ser feita para que ele possa levar esse Memorial para um novo local de maior tamanho para ter maior divulga\u00e7\u00e3o, para que o araxaense&nbsp; possa conhecer esse trabalho maravilhoso realizado aqui pelo Maur\u00edcio. Eu estou muito satisfeito e j\u00e1 determinei na nossa Associa\u00e7\u00e3o Comercial que divulguem o Memorial, com fotos e informa\u00e7\u00f5es para que os associados possam visitar e conhecer esse Memorial Maur\u00edcio Rosa, que ficou maravilhoso\u201d. &nbsp;&nbsp;<\/p>\n\n\n\n<p>Para o Superintendente da Secretaria Municipal de Desenvolvimento Econ\u00f4mico e Turismo Ricardo Ruas, \u201c preservar a hist\u00f3ria e a mem\u00f3ria \u00e9 um grande desafio para as novas gera\u00e7\u00f5es. Muitos pensam que os Museus e memoriais s\u00e3o apenas um caminho em dire\u00e7\u00e3o ao passado, quando na verdade \u00e9 um lugar de conex\u00e3o entre passado, presente e futuro.&nbsp;<\/p>\n\n\n\n<p>O memorial da Escrita e Imprensa Mauricio Rosa \u00e9 olhamos o passado e vivenciar como foi todo o processo da escrita e impress\u00e3o, e desta forma conhecer o que foi feito ao longo dos s\u00e9culos para aprimorar todo os mecanismos envolvidos no processo de moderniza\u00e7\u00e3o e massifica\u00e7\u00e3o da impressa mundial e principalmente brasileira.<\/p>\n\n\n\n<p>O Memorial tem uma acervo sensacional de maquinas alem\u00e3s, americanas e vivenciamos o processo de impress\u00e3o ao longo dos s\u00e9culos. Um espa\u00e7o riqu\u00edssimo da hist\u00f3ria da moderniza\u00e7\u00e3o da imprensa. Um local que propicia muito conhecimentos para as novas gera\u00e7\u00f5es, que conhecem apenas os equipamentos com Bluetooth e wifi\u201d.<\/p>\n\n\n\n<figure class=\"wp-block-image size-large\"><img loading=\"lazy\" decoding=\"async\" width=\"1024\" height=\"768\" src=\"http:\/\/blogdoarmindomaia.com.br\/wp-content\/uploads\/2022\/06\/Visitas-ilustras.jpg-1.jpg-3-1024x768.jpg\" alt=\"\" class=\"wp-image-1501\" srcset=\"http:\/\/blogdoarmindomaia.com.br\/wp-content\/uploads\/2022\/06\/Visitas-ilustras.jpg-1.jpg-3-1024x768.jpg 1024w, http:\/\/blogdoarmindomaia.com.br\/wp-content\/uploads\/2022\/06\/Visitas-ilustras.jpg-1.jpg-3-300x225.jpg 300w, http:\/\/blogdoarmindomaia.com.br\/wp-content\/uploads\/2022\/06\/Visitas-ilustras.jpg-1.jpg-3-768x576.jpg 768w, http:\/\/blogdoarmindomaia.com.br\/wp-content\/uploads\/2022\/06\/Visitas-ilustras.jpg-1.jpg-3-1536x1152.jpg 1536w, http:\/\/blogdoarmindomaia.com.br\/wp-content\/uploads\/2022\/06\/Visitas-ilustras.jpg-1.jpg-3.jpg 1600w\" sizes=\"auto, (max-width: 1024px) 100vw, 1024px\" \/><\/figure>\n\n\n\n<p>Visitantes ilustres<\/p>\n\n\n\n<p>J\u00e1 na manh\u00e3 de sexta-feira, dia 10 de junho, o Memorial Maur\u00edcio Rosa, recebeu as ilustres visitas das queridas Amigas, Ligya Cardoso Maneira, artista pl\u00e1stica, escritora, musicista e que foi a primeira presidente da Funda\u00e7\u00e3o Cultural Calmon Barreto de Arax\u00e1 e&nbsp; de sua irm\u00e3 C\u00e9lia Cardoso Barcelos.<\/p>\n\n\n\n<p>Encantadas com o acervo do Memorial, as irm\u00e3s, relembraram com nostalgia e carinho, alguns fatos importante no passado hist\u00f3rico de Arax\u00e1 e relatados em documentos e jornais do acervo do Museu.<\/p>\n\n\n\n<p>Dona C\u00e9lia disse que, \u201c o Memorial \u00e9 uma forma das novas gera\u00e7\u00f5es conhecerem a evolu\u00e7\u00e3o da escrita e resgatar o of\u00edcio da tipografia\u201d.<\/p>\n\n\n\n<p>Dona Ligya tamb\u00e9m ficou encantada com o Memorial e principalmente pelo acervo de jornais e documentos impressos sobre Arax\u00e1.&nbsp; Ela disse,&nbsp; \u201c que bom que ainda existem pessoas como voc\u00eas que se preocupam com a nossa hist\u00f3ria e fazem quest\u00e3o de mostrar. A gente n\u00e3o imaginava que em Arax\u00e1 existia um espa\u00e7o&nbsp; com tata hist\u00f3ria e um acervo riqu\u00edssimo e que deve ser compartilhado para o Brasil todo. Eu acho que o araxaense deveria &nbsp;vir aqui e conhecer de perto, pois esse lugar \u00e9 muito raro de se ver nos dias de hoje.&nbsp; Aqui no Memorial Maur\u00edcio Rosa se&nbsp; valoriza o passado e resgata a hist\u00f3ria da escrita e da tipografia. O Memorial \u00e9 uma maravilha. Eu quero voltar e trazer meus filhos e netos para conhecerem esse cantinho maravilhoso\u201d.&nbsp; &nbsp;<\/p>\n","protected":false},"excerpt":{"rendered":"<p>O mais novo espa\u00e7o hist\u00f3rico e cultural de Arax\u00e1, o Memorial Maur\u00edcio Rosa, recebeu na manh\u00e3 do \u00faltimo dia 9<\/p>\n","protected":false},"author":2,"featured_media":1500,"comment_status":"open","ping_status":"open","sticky":false,"template":"","format":"standard","meta":{"footnotes":""},"categories":[9,5,11],"tags":[],"class_list":["post-1499","post","type-post","status-publish","format-standard","has-post-thumbnail","hentry","category-araxa","category-arte-e-cultura","category-destaques"],"_links":{"self":[{"href":"http:\/\/blogdoarmindomaia.com.br\/index.php?rest_route=\/wp\/v2\/posts\/1499","targetHints":{"allow":["GET"]}}],"collection":[{"href":"http:\/\/blogdoarmindomaia.com.br\/index.php?rest_route=\/wp\/v2\/posts"}],"about":[{"href":"http:\/\/blogdoarmindomaia.com.br\/index.php?rest_route=\/wp\/v2\/types\/post"}],"author":[{"embeddable":true,"href":"http:\/\/blogdoarmindomaia.com.br\/index.php?rest_route=\/wp\/v2\/users\/2"}],"replies":[{"embeddable":true,"href":"http:\/\/blogdoarmindomaia.com.br\/index.php?rest_route=%2Fwp%2Fv2%2Fcomments&post=1499"}],"version-history":[{"count":1,"href":"http:\/\/blogdoarmindomaia.com.br\/index.php?rest_route=\/wp\/v2\/posts\/1499\/revisions"}],"predecessor-version":[{"id":1502,"href":"http:\/\/blogdoarmindomaia.com.br\/index.php?rest_route=\/wp\/v2\/posts\/1499\/revisions\/1502"}],"wp:featuredmedia":[{"embeddable":true,"href":"http:\/\/blogdoarmindomaia.com.br\/index.php?rest_route=\/wp\/v2\/media\/1500"}],"wp:attachment":[{"href":"http:\/\/blogdoarmindomaia.com.br\/index.php?rest_route=%2Fwp%2Fv2%2Fmedia&parent=1499"}],"wp:term":[{"taxonomy":"category","embeddable":true,"href":"http:\/\/blogdoarmindomaia.com.br\/index.php?rest_route=%2Fwp%2Fv2%2Fcategories&post=1499"},{"taxonomy":"post_tag","embeddable":true,"href":"http:\/\/blogdoarmindomaia.com.br\/index.php?rest_route=%2Fwp%2Fv2%2Ftags&post=1499"}],"curies":[{"name":"wp","href":"https:\/\/api.w.org\/{rel}","templated":true}]}}