{"id":1519,"date":"2022-06-17T16:23:40","date_gmt":"2022-06-17T19:23:40","guid":{"rendered":"http:\/\/blogdoarmindomaia.com.br\/?p=1519"},"modified":"2022-06-17T16:23:43","modified_gmt":"2022-06-17T19:23:43","slug":"vereadores-aprovam-recursos-para-hospitais-santa-casa-e-casa-do-caminho","status":"publish","type":"post","link":"http:\/\/blogdoarmindomaia.com.br\/?p=1519","title":{"rendered":"Vereadores aprovam recursos para Hospitais Santa Casa e Casa do Caminho"},"content":{"rendered":"\n<figure class=\"wp-block-image size-full\"><img loading=\"lazy\" decoding=\"async\" width=\"1000\" height=\"750\" src=\"http:\/\/blogdoarmindomaia.com.br\/wp-content\/uploads\/2022\/06\/Camara-santa-casa.jpg\" alt=\"\" class=\"wp-image-1520\" srcset=\"http:\/\/blogdoarmindomaia.com.br\/wp-content\/uploads\/2022\/06\/Camara-santa-casa.jpg 1000w, http:\/\/blogdoarmindomaia.com.br\/wp-content\/uploads\/2022\/06\/Camara-santa-casa-300x225.jpg 300w, http:\/\/blogdoarmindomaia.com.br\/wp-content\/uploads\/2022\/06\/Camara-santa-casa-768x576.jpg 768w\" sizes=\"auto, (max-width: 1000px) 100vw, 1000px\" \/><\/figure>\n\n\n\n<p>Dez projetos de lei foram aprovados durante a Reuni\u00e3o Ordin\u00e1ria desta semana, na C\u00e2mara Municipal. Investimentos do Executivo na \u00e1rea sa\u00fade de Arax\u00e1 esteve entre os destaques na Ordem do Dia. As mat\u00e9rias de maior relev\u00e2ncia aprovadas pelos vereadores, autorizaram a abertura de cr\u00e9dito suplementar para importantes institui\u00e7\u00f5es de sa\u00fade da cidade.<\/p>\n\n\n\n<p>O Projeto de Lei 130\/2022 autorizou o valor de R$ 3.450.000,00, para a Santa Casa realizar despesas com a manuten\u00e7\u00e3o de leitos de UTI. J\u00e1 o Projeto de Lei 131\/ 2022 autorizou R$ 2.225.302,00, para realiza\u00e7\u00e3o de despesas de materiais, insumos e servi\u00e7os necess\u00e1rios para manuten\u00e7\u00e3o das atividades do centro cir\u00fargico.<\/p>\n\n\n\n<p>A Casa do Caminho tamb\u00e9m foi contemplada com a aprova\u00e7\u00e3o do projeto de lei 127\/2022, que autorizou a abertura de cr\u00e9dito suplementar, no valor de R$ 2.848.427,08, para conv\u00eanio com a institui\u00e7\u00e3o.<\/p>\n\n\n\n<p>A \u00edntegra das mat\u00e9rias pode ser acessada no portal sapl.araxa.mg.leg.br.<\/p>\n\n\n\n<p>Projeto de Lei 106\/2022 (com emenda) &#8211; Disp\u00f5e sobre a proibi\u00e7\u00e3o da comercializa\u00e7\u00e3o do cachimbo de \u00e1gua eg\u00edpcio, conhecido com narguil\u00e9, aos menores de dezoito anos de idade, bem como seu consumo e uso em locais p\u00fablicos e d\u00e1 outras provid\u00eancias. Autor: vereador Evaldo do Ferrocarril;<\/p>\n\n\n\n<p>Projeto de Lei 109\/2022\u2013 Disp\u00f5e sobre a obrigatoriedade de hipermercados, supermercados, atacados e similares, no \u00e2mbito do munic\u00edpio de Arax\u00e1\/MG, de possu\u00edrem carrinhos de compra adaptados para as pessoas com defici\u00eancia ou mobilidade reduzida. Autor: vereador Dirley da Escolinha;<\/p>\n\n\n\n<p>Projeto de Lei 119\/2022 (com emenda) &#8211; Autoriza a abertura de cr\u00e9dito especial e d\u00e1 outras provid\u00eancias \u2013 Projeto de M\u00e3os Dadas, visando a realiza\u00e7\u00e3o de reformas e manuten\u00e7\u00e3o nas escolas municipalizadas, no valor de R$ 1.025.000,00, Constru\u00e7\u00e3o de Centros de Educa\u00e7\u00e3o Infantil no valor de R$ 5.230.000,00, Aquisi\u00e7\u00e3o de Ve\u00edculo e Mobili\u00e1rio no valor de R$ 1.425.000,00. Autor: Executivo;<\/p>\n\n\n\n<p>Projeto de Lei 120\/2022- Autoriza a abertura de cr\u00e9dito especial e d\u00e1 outras provid\u00eancias \u2013 Reforma da sede da Funda\u00e7\u00e3o Cultural Calmon Barreto, no valor de R$ 880.000,00. Autor: Executivo;<\/p>\n\n\n\n<p>Projeto de Lei 123\/2022 \u2013 Estabelece os crit\u00e9rios para a implanta\u00e7\u00e3o e regulariza\u00e7\u00e3o dos chacreamentos constitu\u00eddos por s\u00edtios de recreio e d\u00e1 outras provid\u00eancias. Autor: Executivo;<\/p>\n\n\n\n<p>Projeto de Lei 124\/ 2022- Disp\u00f5e sobre denomina\u00e7\u00e3o de Pra\u00e7a P\u00fablica e d\u00e1 outras provid\u00eancias, a atual pra\u00e7a situada entre as Ruas Marieta Dornelas e Benedito Magalh\u00e3es, no Loteamento Jardim Nat\u00e1lia. Autor: vereador Jo\u00e3o Veras;<\/p>\n\n\n\n<p>Projeto de Lei 125\/ 2022- Disp\u00f5e sobre denomina\u00e7\u00e3o de Via P\u00fablica e d\u00e1 outras provid\u00eancias, a Rua Albertina Maria Rosa, a atual Rua Seis no Loteamento Residencial Flor de L\u00f3tus. Autor: vereador Bosco J\u00fanior;<\/p>\n\n\n\n<p>Projeto de Lei 127\/2022 \u2013 Autoriza abertura de cr\u00e9dito suplementar, no valor de R$ 2.848.427,08, conv\u00eanio com as Obras Assistenciais Casa do Caminho. Autor: Executivo;<\/p>\n\n\n\n<p>Projeto de Lei 130\/2022 \u2013 Autoriza abertura de cr\u00e9dito suplementar, no valor de R$ 3.450.000,00, conv\u00eanio com a Santa Casa de Miseric\u00f3rdia de Arax\u00e1, realiza\u00e7\u00e3o de despesas com a manuten\u00e7\u00e3o de leitos de UTI. Autor: Executivo;<\/p>\n\n\n\n<p>Projeto de Lei 131\/2022 \u2013 Autoriza abertura de cr\u00e9dito suplementar, no valor de R$ 2.225.302,00, conv\u00eanio com a Santa Casa de Miseric\u00f3rdia de Arax\u00e1, realiza\u00e7\u00e3o de despesas de materiais, insumos e servi\u00e7os necess\u00e1rios para manuten\u00e7\u00e3o das atividades do centro cir\u00fargico. Autor: Executivo.<\/p>\n\n\n\n<p><strong>Professora Leni (PT)<\/strong><\/p>\n\n\n\n<p>Abrindo o grande expediente, a vereadora Professora Leni apresentou indica\u00e7\u00e3o solicitando servi\u00e7os urbanos para \u00e0 pra\u00e7a Jo\u00e3o Augusto dos Santos (pra\u00e7a do Franguinho), localizada no condom\u00ednio Ouro.<\/p>\n\n\n\n<p>A vereadora tamb\u00e9m apresentou solicita\u00e7\u00e3o pedindo que seja feita a extens\u00e3o, nas demais institui\u00e7\u00f5es de ensino municipais, do projeto ambiental \u201cLixo consciente, que protege o meio ambiente\u201d. O programa foi criado pela professora Idelma Aparecida Crispim e desenvolvido na Escola Municipal Dona Gabriela.<\/p>\n\n\n\n<p>Outro pedido apresentado pela vereadora \u00e9 o de disponibiliza\u00e7\u00e3o de uma linha de \u00f4nibus do transporte p\u00fablico de Arax\u00e1 ao Distrito de Itaipu e da Boca da Mata, pelo menos uma vez por semana.<\/p>\n\n\n\n<p>Outras indica\u00e7\u00f5es apresentadas: poda educativa da \u00e1rvore na avenida Geraldo Porf\u00edrio Botelho, ao lado do n\u00famero 2.265, bairro Fertiza; que seja estudada a possibilidade de melhorar os vencimentos dos psic\u00f3logos servidores municipais de Arax\u00e1 e instala\u00e7\u00e3o de lixeiras em toda a extens\u00e3o da avenida Ant\u00f4nio Carlos.<\/p>\n\n\n\n<p><strong>Maristela Dutra (Patriota)<\/strong><\/p>\n\n\n\n<p>A vereadora Maristela Dutra apresentou projeto de lei que disp\u00f5e sobre o atendimento priorit\u00e1rio aos advogados que estiverem representando os interesses dos clientes nas institui\u00e7\u00f5es. A mat\u00e9ria foi apresentada por sugest\u00e3o da Ordem dos Advogados do Brasil (OAB), subse\u00e7\u00e3o Arax\u00e1.<\/p>\n\n\n\n<p>A parlamentar apresentou indica\u00e7\u00e3o para implanta\u00e7\u00e3o de uma lixeira p\u00fablica com tampa no Centro de Hemodi\u00e1lise de Arax\u00e1, localizado \u00e0 Rua Calim\u00e9rio Guimar\u00e3es, n\u00ba 965. A lixeira ser\u00e1 destinada para coloca\u00e7\u00e3o dos sacos de lixos de res\u00edduos biol\u00f3gicos dos servi\u00e7os de di\u00e1lise descartados pela institui\u00e7\u00e3o.<\/p>\n\n\n\n<p>A vereadora ainda solicitou urg\u00eancia na retomada da obra de pavimenta\u00e7\u00e3o asf\u00e1ltica da rua Adhemar Rodrigues do Vale, bairro Alvorada. Segundo ela, a obra est\u00e1 parada h\u00e1 mais de um ano.<\/p>\n\n\n\n<p><strong>Jairinho Borges (Uni\u00e3o)<\/strong><\/p>\n\n\n\n<p>O vereador Jairinho Borges iniciou o uso da tribuna solicitando que o Executivo estude a possibilidade de incluir os seguintes equipamentos para presta\u00e7\u00e3o de servi\u00e7os no setor rural do munic\u00edpio: rolo compactador (tipo: p\u00e9 de carneiro) e caminh\u00e3o pipa.<\/p>\n\n\n\n<p>O parlamentar tamb\u00e9m apresentou solicita\u00e7\u00e3o pedindo \u00e0 empresa Liarth, respons\u00e1vel pela coleta de lixo na cidade, mais agilidade no servi\u00e7o. \u201cRecebi em meu gabinete reclama\u00e7\u00f5es devido ao lixo que est\u00e1 sendo amontoado nas esquinas dos bairros para facilitar a coleta, por\u00e9m foi relatada uma demora neste recolhimento, causando diversos transtornos aos moradores\u201d.<\/p>\n\n\n\n<p>Jairinho tamb\u00e9m apresentou indica\u00e7\u00e3o pedindo a libera\u00e7\u00e3o de algumas vagas de estacionamento no primeiro quarteir\u00e3o da Rua Herculano Batista, Centro.<\/p>\n\n\n\n<p><strong>Alexandre Irm\u00e3os Paula (PL)<\/strong><\/p>\n\n\n\n<p>O vereador Alexandre usou seu tempo regimental para apresentar of\u00edcio solicitando que seja feito um estudo t\u00e9cnico para que volte a circular o \u00f4nibus ligando Arax\u00e1 ao Distrito de Itaipu. \u201cFui procurado pelos moradores do referido Distrito que relataram dificuldade de deslocamento\u201d, afirmou o parlamentar.<\/p>\n\n\n\n<p>Alexandre apresentou indica\u00e7\u00e3o solicitando ao Executivo a implanta\u00e7\u00e3o do \u201cPrograma Barraginha Rural\u201d. A iniciativa busca promover a recupera\u00e7\u00e3o e\/ou reaproveitamento de recursos h\u00eddricos naturais da zona rural de Arax\u00e1 e regi\u00e3o.<\/p>\n\n\n\n<p>O parlamentar tamb\u00e9m apresentou projeto de denomina\u00e7\u00e3o de via p\u00fablica: \u201cFica denominada rua S\u00f4nia Maria Antunes a atual Rua 4 do Loteamento Residencial Vill\u00e1gio Jardim.\u201d<\/p>\n\n\n\n<p><strong>Valtinho da Farm\u00e1cia (PP)<\/strong><\/p>\n\n\n\n<p>O vereador Valtinho usou seu tempo regimental para solicitar a cria\u00e7\u00e3o de um Centro de Atendimento \u00e0 Melhor Idade, para prestar atendimento inteiramente gratuito aos idosos do munic\u00edpio, com equipe m\u00e9dica composta por cl\u00ednico geral, geriatra, cardiologista e fisioterapeuta<strong>.<\/strong><\/p>\n\n\n\n<p>O parlamentar ainda direcionou of\u00edcio ao prefeito Robson Magela, solicitando que sejam empreendidos os esfor\u00e7os necess\u00e1rios no sentido de diminuir a fila de espera, que ultrapassa mais de 300 pacientes, para a realiza\u00e7\u00e3o de cirurgias eletivas. Segundo ele, a demanda se encontra represada devido \u00e0 paralisa\u00e7\u00e3o dessas cirurgias durante o per\u00edodo de pandemia.<\/p>\n\n\n\n<p>Outras indica\u00e7\u00f5es apresentadas pelo parlamentar: troca das l\u00e2mpadas dos postes na av. Jo\u00e3o Paulo II\u2013 Centro; troca de dois postes de ilumina\u00e7\u00e3o p\u00fablica na Rua Ipia\u00f3; instala\u00e7\u00e3o de redutor de velocidade na av. Dr. Bernardino Ladeira- Bairro Max Neumam e na Av. Prefeito Aracely de Paula; instala\u00e7\u00e3o de um sem\u00e1foro no entroncamento da Rua Costa Sena com Rua Uberaba e instala\u00e7\u00e3o de um painel de chamadas para a UPA.<\/p>\n\n\n\n<p><strong>Doutor Zidane (PP)<\/strong><\/p>\n\n\n\n<p>\u00daltimo a usar a tribuna, o vereador Dr. Zidane apresentou indica\u00e7\u00e3o para que seja feita a cobertura, cercamento, revitaliza\u00e7\u00e3o geral e disponibiliza\u00e7\u00e3o de seguran\u00e7a no espa\u00e7o p\u00fablico localizado na rua Maria Auxiliadora de Oliveira com a rua Geraldo Lima, nas proximidades do CEMEI Querobina Gomes Borges e da Escola Municipal Agar da Fonseca e Silva. \u201cO local est\u00e1 abandonado e, com isso, v\u00e2ndalos e usu\u00e1rios de drogas est\u00e3o deteriorando a pra\u00e7a\u201d, afirmou o vereador.<\/p>\n\n\n\n<p>Mo\u00e7\u00e3o de Congratula\u00e7\u00e3o e Reconhecimento foi direcionada aos desportistas que fazem parte da hist\u00f3ria da cidade de Arax\u00e1: Maria de Lourdes Pereira, Leonardo dos Reis da Silva, C\u00edcero Ricardo Filho, Elza de Oliveira Rocha, Pedro Eust\u00e1quio Ananias, Humberto Quintino, Williams Batista Freire, Jos\u00e9 Antunes Soares Junior, Carlos Marcelo Luiz de Souza, Carlos Eduardo Silva Pereira, Eron Reis Silva, Odirley Henrique da Rocha, Evaldo Juvenal da Silva, Rog\u00e9rio Domingos S\u00e1, Alexandre Jos\u00e9 de Paula, Juarez Patr\u00edcio e Ant\u00f4nio Fernando Silva Dias. O parlamentar defende a cria\u00e7\u00e3o de um museu do esporte, o espa\u00e7o deve contar com recursos tecnol\u00f3gicos para eternizar a hist\u00f3ria do esporte araxaense.<\/p>\n\n\n\n<p><strong>Ascom CMA<\/strong><\/p>\n","protected":false},"excerpt":{"rendered":"<p>Dez projetos de lei foram aprovados durante a Reuni\u00e3o Ordin\u00e1ria desta semana, na C\u00e2mara Municipal. Investimentos do Executivo na \u00e1rea<\/p>\n","protected":false},"author":2,"featured_media":1520,"comment_status":"open","ping_status":"open","sticky":false,"template":"","format":"standard","meta":{"footnotes":""},"categories":[9,25,29],"tags":[],"class_list":["post-1519","post","type-post","status-publish","format-standard","has-post-thumbnail","hentry","category-araxa","category-politica","category-saude"],"_links":{"self":[{"href":"http:\/\/blogdoarmindomaia.com.br\/index.php?rest_route=\/wp\/v2\/posts\/1519","targetHints":{"allow":["GET"]}}],"collection":[{"href":"http:\/\/blogdoarmindomaia.com.br\/index.php?rest_route=\/wp\/v2\/posts"}],"about":[{"href":"http:\/\/blogdoarmindomaia.com.br\/index.php?rest_route=\/wp\/v2\/types\/post"}],"author":[{"embeddable":true,"href":"http:\/\/blogdoarmindomaia.com.br\/index.php?rest_route=\/wp\/v2\/users\/2"}],"replies":[{"embeddable":true,"href":"http:\/\/blogdoarmindomaia.com.br\/index.php?rest_route=%2Fwp%2Fv2%2Fcomments&post=1519"}],"version-history":[{"count":1,"href":"http:\/\/blogdoarmindomaia.com.br\/index.php?rest_route=\/wp\/v2\/posts\/1519\/revisions"}],"predecessor-version":[{"id":1521,"href":"http:\/\/blogdoarmindomaia.com.br\/index.php?rest_route=\/wp\/v2\/posts\/1519\/revisions\/1521"}],"wp:featuredmedia":[{"embeddable":true,"href":"http:\/\/blogdoarmindomaia.com.br\/index.php?rest_route=\/wp\/v2\/media\/1520"}],"wp:attachment":[{"href":"http:\/\/blogdoarmindomaia.com.br\/index.php?rest_route=%2Fwp%2Fv2%2Fmedia&parent=1519"}],"wp:term":[{"taxonomy":"category","embeddable":true,"href":"http:\/\/blogdoarmindomaia.com.br\/index.php?rest_route=%2Fwp%2Fv2%2Fcategories&post=1519"},{"taxonomy":"post_tag","embeddable":true,"href":"http:\/\/blogdoarmindomaia.com.br\/index.php?rest_route=%2Fwp%2Fv2%2Ftags&post=1519"}],"curies":[{"name":"wp","href":"https:\/\/api.w.org\/{rel}","templated":true}]}}